{"id":31934,"date":"2021-05-17T13:12:05","date_gmt":"2021-05-17T17:12:05","guid":{"rendered":"http:\/\/blogdalucianaoliveira.com.br\/blog\/?p=31934"},"modified":"2021-05-17T13:12:10","modified_gmt":"2021-05-17T17:12:10","slug":"por-que-17-de-maio-e-o-dia-internacional-contra-a-homofobia","status":"publish","type":"post","link":"http:\/\/blogdalucianaoliveira.com.br\/blog\/2021\/05\/17\/por-que-17-de-maio-e-o-dia-internacional-contra-a-homofobia\/","title":{"rendered":"Por que 17 de maio \u00e9 o Dia Internacional contra a Homofobia?"},"content":{"rendered":"\n<figure class=\"wp-block-image size-large\"><img data-recalc-dims=\"1\" loading=\"lazy\" decoding=\"async\" width=\"559\" height=\"381\" data-attachment-id=\"31936\" data-permalink=\"http:\/\/blogdalucianaoliveira.com.br\/blog\/2021\/05\/17\/por-que-17-de-maio-e-o-dia-internacional-contra-a-homofobia\/715fa265-3d31-4428-a5c2-0a70feef2467\/\" data-orig-file=\"https:\/\/i0.wp.com\/blogdalucianaoliveira.com.br\/blog\/wp-content\/uploads\/2021\/05\/715FA265-3D31-4428-A5C2-0A70FEEF2467.jpeg?fit=559%2C381\" data-orig-size=\"559,381\" data-comments-opened=\"0\" data-image-meta=\"{&quot;aperture&quot;:&quot;0&quot;,&quot;credit&quot;:&quot;&quot;,&quot;camera&quot;:&quot;&quot;,&quot;caption&quot;:&quot;&quot;,&quot;created_timestamp&quot;:&quot;0&quot;,&quot;copyright&quot;:&quot;&quot;,&quot;focal_length&quot;:&quot;0&quot;,&quot;iso&quot;:&quot;0&quot;,&quot;shutter_speed&quot;:&quot;0&quot;,&quot;title&quot;:&quot;&quot;,&quot;orientation&quot;:&quot;0&quot;}\" data-image-title=\"715FA265-3D31-4428-A5C2-0A70FEEF2467\" data-image-description=\"\" data-image-caption=\"\" data-medium-file=\"https:\/\/i0.wp.com\/blogdalucianaoliveira.com.br\/blog\/wp-content\/uploads\/2021\/05\/715FA265-3D31-4428-A5C2-0A70FEEF2467.jpeg?fit=300%2C204\" data-large-file=\"https:\/\/i0.wp.com\/blogdalucianaoliveira.com.br\/blog\/wp-content\/uploads\/2021\/05\/715FA265-3D31-4428-A5C2-0A70FEEF2467.jpeg?fit=559%2C381\" src=\"https:\/\/i0.wp.com\/blogdalucianaoliveira.com.br\/blog\/wp-content\/uploads\/2021\/05\/715FA265-3D31-4428-A5C2-0A70FEEF2467.jpeg?resize=559%2C381\" alt=\"\" class=\"wp-image-31936\" srcset=\"https:\/\/i0.wp.com\/blogdalucianaoliveira.com.br\/blog\/wp-content\/uploads\/2021\/05\/715FA265-3D31-4428-A5C2-0A70FEEF2467.jpeg?w=559 559w, https:\/\/i0.wp.com\/blogdalucianaoliveira.com.br\/blog\/wp-content\/uploads\/2021\/05\/715FA265-3D31-4428-A5C2-0A70FEEF2467.jpeg?resize=300%2C204 300w, https:\/\/i0.wp.com\/blogdalucianaoliveira.com.br\/blog\/wp-content\/uploads\/2021\/05\/715FA265-3D31-4428-A5C2-0A70FEEF2467.jpeg?resize=440%2C300 440w\" sizes=\"auto, (max-width: 559px) 100vw, 559px\" \/><\/figure>\n\n\n\n<p>GZH &#8211; Nesta segunda-feira (17), \u00e9 celebrado\u00a0o\u00a0Dia Internacional contra a\u00a0<a href=\"https:\/\/gauchazh.clicrbs.com.br\/ultimas-noticias\/tag\/homofobia\/\"><strong>Homofobia<\/strong><\/a>.\u00a0A lembran\u00e7a remete \u00e0 data em que\u00a0a Organiza\u00e7\u00e3o Mundial da Sa\u00fade (<a href=\"https:\/\/gauchazh.clicrbs.com.br\/ultimas-noticias\/tag\/oms\/\"><strong>OMS<\/strong><\/a>) retirou a homossexualidade da classifica\u00e7\u00e3o estat\u00edstica internacional de doen\u00e7as e problemas relacionados \u00e0 sa\u00fade, em 1990.\u00a0<\/p>\n\n\n\n<!--more-->\n\n\n\n<p>Esses \u00faltimos 31 anos foram de luta por conquistas e de garantias de direitos. Ainda hoje, pelo menos 69 pa\u00edses criminalizam atividades consensuais entre pessoas do mesmo sexo, conforme relat\u00f3rio publicado em dezembro do ano passado pela International Lesbian, Gay, Bisexual, Trans and Intersex Association\u00a0(Ilga). Nessas na\u00e7\u00f5es, homossexuais podem ser presos ou at\u00e9 mesmo condenados \u00e0 morte.\u00a0<br><\/p>\n\n\n\n<p>Por outro lado, h\u00e1 cen\u00e1rios em que direitos, como a da uni\u00e3o civil e da ado\u00e7\u00e3o de crian\u00e7as, garantiram novas perspectivas para esses casais e fam\u00edlias. Movimentos de prote\u00e7\u00e3o de pessoas homossexuais no ambiente de trabalho ou mesmo na sociedade em geral foram feitos em diversos pa\u00edses, como Estados Unidos e Cingapura, por exemplo.&nbsp;<\/p>\n\n\n\n<p>No Brasil, decis\u00f5es judiciais recentes (como a que&nbsp;<a href=\"https:\/\/gauchazh.clicrbs.com.br\/comportamento\/noticia\/2019\/06\/por-8-a-3-stf-conclui-que-homofobia-pode-ter-o-mesmo-tipo-penal-do-crime-de-racismo-cjwv1go3300wi01p61vndh9qg.html\"><strong>criminalizou a homofobia, em 2019<\/strong><\/a>) geraram tamb\u00e9m maior representatividade e direitos. A advogada Maria Berenice Dias, especialista em direito homoafetivo, entende que a data \u00e9 motiva\u00e7\u00e3o para a sociedade refletir sobre a import\u00e2ncia do respeito \u00e0s diferen\u00e7as.&nbsp;<\/p>\n\n\n\n<p>Ela ratifica tamb\u00e9m a necessidade da consci\u00eancia, inclusive, sobre a import\u00e2ncia da escolha das palavras: o uso de homossexualidade e n\u00e3o &#8220;homossexualismo&#8221;, em vista de que o sufixo &#8220;ismo&#8221; relaciona-se a uma doen\u00e7a, uma ideia que precisa ser superada.&nbsp;&nbsp;<\/p>\n\n\n\n<p><em>*GZH com informa\u00e7\u00f5es da Ag\u00eancia Brasil<\/em><\/p>\n\n\n\n<p>Abaixo, veja o mapa com o \u00faltimo levantamento da Ilga<\/p>\n\n\n\n<figure class=\"wp-block-image size-large\"><img data-recalc-dims=\"1\" loading=\"lazy\" decoding=\"async\" width=\"565\" height=\"393\" data-attachment-id=\"31935\" data-permalink=\"http:\/\/blogdalucianaoliveira.com.br\/blog\/2021\/05\/17\/por-que-17-de-maio-e-o-dia-internacional-contra-a-homofobia\/54bc0e5a-2569-473e-bfd7-a65fcaf12f28\/\" data-orig-file=\"https:\/\/i0.wp.com\/blogdalucianaoliveira.com.br\/blog\/wp-content\/uploads\/2021\/05\/54BC0E5A-2569-473E-BFD7-A65FCAF12F28.jpeg?fit=565%2C393\" data-orig-size=\"565,393\" data-comments-opened=\"0\" data-image-meta=\"{&quot;aperture&quot;:&quot;0&quot;,&quot;credit&quot;:&quot;&quot;,&quot;camera&quot;:&quot;&quot;,&quot;caption&quot;:&quot;&quot;,&quot;created_timestamp&quot;:&quot;0&quot;,&quot;copyright&quot;:&quot;&quot;,&quot;focal_length&quot;:&quot;0&quot;,&quot;iso&quot;:&quot;0&quot;,&quot;shutter_speed&quot;:&quot;0&quot;,&quot;title&quot;:&quot;&quot;,&quot;orientation&quot;:&quot;0&quot;}\" data-image-title=\"54BC0E5A-2569-473E-BFD7-A65FCAF12F28\" data-image-description=\"\" data-image-caption=\"\" data-medium-file=\"https:\/\/i0.wp.com\/blogdalucianaoliveira.com.br\/blog\/wp-content\/uploads\/2021\/05\/54BC0E5A-2569-473E-BFD7-A65FCAF12F28.jpeg?fit=300%2C209\" data-large-file=\"https:\/\/i0.wp.com\/blogdalucianaoliveira.com.br\/blog\/wp-content\/uploads\/2021\/05\/54BC0E5A-2569-473E-BFD7-A65FCAF12F28.jpeg?fit=565%2C393\" src=\"https:\/\/i0.wp.com\/blogdalucianaoliveira.com.br\/blog\/wp-content\/uploads\/2021\/05\/54BC0E5A-2569-473E-BFD7-A65FCAF12F28.jpeg?resize=565%2C393\" alt=\"\" class=\"wp-image-31935\" srcset=\"https:\/\/i0.wp.com\/blogdalucianaoliveira.com.br\/blog\/wp-content\/uploads\/2021\/05\/54BC0E5A-2569-473E-BFD7-A65FCAF12F28.jpeg?w=565 565w, https:\/\/i0.wp.com\/blogdalucianaoliveira.com.br\/blog\/wp-content\/uploads\/2021\/05\/54BC0E5A-2569-473E-BFD7-A65FCAF12F28.jpeg?resize=300%2C209 300w, https:\/\/i0.wp.com\/blogdalucianaoliveira.com.br\/blog\/wp-content\/uploads\/2021\/05\/54BC0E5A-2569-473E-BFD7-A65FCAF12F28.jpeg?resize=431%2C300 431w\" sizes=\"auto, (max-width: 565px) 100vw, 565px\" \/><\/figure>\n","protected":false},"excerpt":{"rendered":"<p>GZH &#8211; Nesta segunda-feira (17), \u00e9 celebrado\u00a0o\u00a0Dia Internacional contra a\u00a0Homofobia.\u00a0A lembran\u00e7a remete \u00e0 data em que\u00a0a Organiza\u00e7\u00e3o Mundial da Sa\u00fade (OMS) retirou a homossexualidade da classifica\u00e7\u00e3o estat\u00edstica internacional de doen\u00e7as e problemas relacionados \u00e0 sa\u00fade, em 1990.\u00a0<\/p>\n","protected":false},"author":1,"featured_media":0,"comment_status":"closed","ping_status":"open","sticky":false,"template":"","format":"standard","meta":{"_exactmetrics_skip_tracking":false,"_exactmetrics_sitenote_active":false,"_exactmetrics_sitenote_note":"","_exactmetrics_sitenote_category":0,"jetpack_post_was_ever_published":false,"_jetpack_newsletter_access":"","_jetpack_dont_email_post_to_subs":false,"_jetpack_newsletter_tier_id":0,"_jetpack_memberships_contains_paywalled_content":false,"_jetpack_memberships_contains_paid_content":false,"footnotes":"","jetpack_publicize_message":"","jetpack_publicize_feature_enabled":true,"jetpack_social_post_already_shared":true,"jetpack_social_options":{"image_generator_settings":{"template":"highway","enabled":false},"version":2}},"categories":[1],"tags":[],"class_list":["post-31934","post","type-post","status-publish","format-standard","hentry","category-notas"],"jetpack_publicize_connections":[],"jetpack_sharing_enabled":true,"jetpack_featured_media_url":"","jetpack_shortlink":"https:\/\/wp.me\/p7wKYW-8j4","jetpack-related-posts":[],"_links":{"self":[{"href":"http:\/\/blogdalucianaoliveira.com.br\/blog\/wp-json\/wp\/v2\/posts\/31934","targetHints":{"allow":["GET"]}}],"collection":[{"href":"http:\/\/blogdalucianaoliveira.com.br\/blog\/wp-json\/wp\/v2\/posts"}],"about":[{"href":"http:\/\/blogdalucianaoliveira.com.br\/blog\/wp-json\/wp\/v2\/types\/post"}],"author":[{"embeddable":true,"href":"http:\/\/blogdalucianaoliveira.com.br\/blog\/wp-json\/wp\/v2\/users\/1"}],"replies":[{"embeddable":true,"href":"http:\/\/blogdalucianaoliveira.com.br\/blog\/wp-json\/wp\/v2\/comments?post=31934"}],"version-history":[{"count":1,"href":"http:\/\/blogdalucianaoliveira.com.br\/blog\/wp-json\/wp\/v2\/posts\/31934\/revisions"}],"predecessor-version":[{"id":31937,"href":"http:\/\/blogdalucianaoliveira.com.br\/blog\/wp-json\/wp\/v2\/posts\/31934\/revisions\/31937"}],"wp:attachment":[{"href":"http:\/\/blogdalucianaoliveira.com.br\/blog\/wp-json\/wp\/v2\/media?parent=31934"}],"wp:term":[{"taxonomy":"category","embeddable":true,"href":"http:\/\/blogdalucianaoliveira.com.br\/blog\/wp-json\/wp\/v2\/categories?post=31934"},{"taxonomy":"post_tag","embeddable":true,"href":"http:\/\/blogdalucianaoliveira.com.br\/blog\/wp-json\/wp\/v2\/tags?post=31934"}],"curies":[{"name":"wp","href":"https:\/\/api.w.org\/{rel}","templated":true}]}}