{"id":31945,"date":"2021-05-18T11:15:40","date_gmt":"2021-05-18T15:15:40","guid":{"rendered":"http:\/\/blogdalucianaoliveira.com.br\/blog\/?p=31945"},"modified":"2021-05-18T11:15:43","modified_gmt":"2021-05-18T15:15:43","slug":"em-3-mapas-como-territorio-palestino-encolheu-e-israel-cresceu-desde-partilha-da-onu-em-1948","status":"publish","type":"post","link":"http:\/\/blogdalucianaoliveira.com.br\/blog\/2021\/05\/18\/em-3-mapas-como-territorio-palestino-encolheu-e-israel-cresceu-desde-partilha-da-onu-em-1948\/","title":{"rendered":"Em 3 mapas, como territ\u00f3rio palestino encolheu e Israel cresceu desde partilha da ONU em 1948"},"content":{"rendered":"\n<figure class=\"wp-block-image size-large\"><img data-recalc-dims=\"1\" loading=\"lazy\" decoding=\"async\" width=\"600\" height=\"338\" data-attachment-id=\"31946\" data-permalink=\"http:\/\/blogdalucianaoliveira.com.br\/blog\/2021\/05\/18\/em-3-mapas-como-territorio-palestino-encolheu-e-israel-cresceu-desde-partilha-da-onu-em-1948\/jeru\/\" data-orig-file=\"https:\/\/i0.wp.com\/blogdalucianaoliveira.com.br\/blog\/wp-content\/uploads\/2021\/05\/jeru.jpg?fit=800%2C450\" data-orig-size=\"800,450\" data-comments-opened=\"0\" data-image-meta=\"{&quot;aperture&quot;:&quot;0&quot;,&quot;credit&quot;:&quot;&quot;,&quot;camera&quot;:&quot;&quot;,&quot;caption&quot;:&quot;&quot;,&quot;created_timestamp&quot;:&quot;0&quot;,&quot;copyright&quot;:&quot;&quot;,&quot;focal_length&quot;:&quot;0&quot;,&quot;iso&quot;:&quot;0&quot;,&quot;shutter_speed&quot;:&quot;0&quot;,&quot;title&quot;:&quot;&quot;,&quot;orientation&quot;:&quot;0&quot;}\" data-image-title=\"jeru\" data-image-description=\"\" data-image-caption=\"\" data-medium-file=\"https:\/\/i0.wp.com\/blogdalucianaoliveira.com.br\/blog\/wp-content\/uploads\/2021\/05\/jeru.jpg?fit=300%2C169\" data-large-file=\"https:\/\/i0.wp.com\/blogdalucianaoliveira.com.br\/blog\/wp-content\/uploads\/2021\/05\/jeru.jpg?fit=600%2C338\" src=\"https:\/\/i0.wp.com\/blogdalucianaoliveira.com.br\/blog\/wp-content\/uploads\/2021\/05\/jeru.jpg?resize=600%2C338&#038;ssl=1\" alt=\"\" class=\"wp-image-31946\" srcset=\"https:\/\/i0.wp.com\/blogdalucianaoliveira.com.br\/blog\/wp-content\/uploads\/2021\/05\/jeru.jpg?w=800 800w, https:\/\/i0.wp.com\/blogdalucianaoliveira.com.br\/blog\/wp-content\/uploads\/2021\/05\/jeru.jpg?resize=300%2C169 300w, https:\/\/i0.wp.com\/blogdalucianaoliveira.com.br\/blog\/wp-content\/uploads\/2021\/05\/jeru.jpg?resize=768%2C432 768w, https:\/\/i0.wp.com\/blogdalucianaoliveira.com.br\/blog\/wp-content\/uploads\/2021\/05\/jeru.jpg?resize=533%2C300 533w\" sizes=\"auto, (max-width: 600px) 100vw, 600px\" \/><\/figure>\n\n\n\n<p><strong>Mais de 70 anos ap\u00f3s Israel ter sido declarado um Estado, suas fronteiras ainda n\u00e3o foram totalmente estabelecidas. Guerras, tratados e ocupa\u00e7\u00f5es fizeram com que a forma do Estado judeu mudasse ao longo do tempo e, em algumas partes, permanecesse at\u00e9 hoje indefinida.<\/strong><\/p>\n\n\n\n<!--more-->\n\n\n\n<p>A BBC explica em tr\u00eas mapas como isso come\u00e7ou na partilha da Palestina ap\u00f3s duas guerras mundiais, qual foi a principal mudan\u00e7a territorial desde ent\u00e3o e qual \u00e9 a situa\u00e7\u00e3o atual.<\/p>\n\n\n\n<p>O come\u00e7o do juda\u00edsmo como uma religi\u00e3o estruturada acontece com a transforma\u00e7\u00e3o dos judeus, que descendem do primeiro hebreu Abra\u00e3o, em um povo influente atrav\u00e9s de reis como Saul, Davi &#8211; que dominou Jerusal\u00e9m h\u00e1 quase 3.000 anos -, e Salom\u00e3o, que construiu o Primeiro Templo na cidade, no Monte Mori\u00e1 (conhecido tamb\u00e9m como Monte do Templo).<\/p>\n\n\n\n<p>Acredita-se que os israelitas mantiveram a Arca da Alian\u00e7a (onde estariam as t\u00e1buas com os Dez Mandamentos) no templo, destru\u00eddo por volta do ano de 583 a.C durante a invas\u00e3o babil\u00f4nica. Diversos judeus foram expulsos de sua terra \u00e0 \u00e9poca, e v\u00e1rios foram enviados para a Babil\u00f4nia (regi\u00e3o entre os rios Tigre e Eufrates, atualmente em territ\u00f3rio iraquiano).<\/p>\n\n\n\n<p>Apesar de alguns serem autorizados a retornar para casa, muitos permaneceram no ex\u00edlio formando a\u00ed a primeira di\u00e1spora judaica, que significa &#8220;viver afastado de Israel&#8221;.<br><\/p>\n\n\n\n<p>D\u00e9cadas depois, o Segundo Templo de Jerusal\u00e9m come\u00e7aria a ser constru\u00eddo por judeus que voltaram \u00e0 regi\u00e3o, ent\u00e3o controlada por Ciro, o Grande, rei da P\u00e9rsia. A nova edifica\u00e7\u00e3o, mais modesta que a anterior, ficaria pronta em 515 a.C.<\/p>\n\n\n\n<p>A regi\u00e3o mudou de comando diversas vezes, at\u00e9 o dom\u00ednio de Roma em 63 a.C. Mas duas d\u00e9cadas depois, em meio a diversos conflitos, Herodes convenceu os romanos de que poderia governar o local, foi nomeado rei da Judeia e, dentre outras coisas, restaurou o templo sagrado do povo judeu.<\/p>\n\n\n\n<p>Foi o imp\u00e9rio romano que nomeou a regi\u00e3o como Palestina e, sete d\u00e9cadas depois de Cristo, expulsou os judeus de suas terras ap\u00f3s lutar contra os movimentos nacionalistas que buscavam independ\u00eancia. O Segundo Templo viria a ser destru\u00eddo nesse per\u00edodo.<\/p>\n\n\n\n<p>Do conjunto arquitet\u00f4nico da constru\u00e7\u00e3o sagrada, sobrou apenas o que hoje \u00e9 conhecido como Muro Ocidental ou Muro das Lamenta\u00e7\u00f5es, nome dado por turistas em raz\u00e3o das ora\u00e7\u00f5es feitas em frente ao local.<\/p>\n\n\n\n<p>No in\u00edcio do s\u00e9culo 20, o movimento sionista, que buscava criar um Estado para os judeus, ganhou for\u00e7a, principalmente por causa do crescente antissemitismo na Europa, e impulsionou a imigra\u00e7\u00e3o judaica. O territ\u00f3rio que se tornaria o Estado de Israel pertenceu nos s\u00e9culos antes ao imp\u00e9rio Turco-Otomano.<\/p>\n\n\n\n<h2 class=\"wp-block-heading\" id=\"Partilha-da-Palestina-ap\u00f3s-duas-guerras-mundiais\">Partilha da Palestina ap\u00f3s duas guerras mundiais<\/h2>\n\n\n\n<p>Depois da Primeira Guerra Mundial (1914-1918) e do colapso do imp\u00e9rio, o territ\u00f3rio conhecido como Palestina foi demarcado e entregue ao controle do Reino Unido pelas na\u00e7\u00f5es vencedoras da guerra. Essa medida tamb\u00e9m recebeu aval da Liga das Na\u00e7\u00f5es, que depois daria origem \u00e0 Organiza\u00e7\u00e3o das Na\u00e7\u00f5es Unidas (ONU).<\/p>\n\n\n\n<p>Os termos do mandato confiavam ao Reino Unido o estabelecimento na Palestina de &#8220;um lar nacional para o povo judeu&#8221;, desde que isso n\u00e3o prejudicasse os direitos civis e religiosos das comunidades n\u00e3o judias naquele pa\u00eds.<\/p>\n\n\n\n<p>Mas, antes e durante a guerra, os brit\u00e2nicos fizeram v\u00e1rias promessas para os \u00e1rabes e os judeus que n\u00e3o se cumpririam, entre outras raz\u00f5es, porque eles j\u00e1 tinham dividido o Oriente M\u00e9dio com a Fran\u00e7a. Isso provocou um clima de tens\u00e3o entre \u00e1rabes e nacionalistas sionistas que acabou em confrontos entre grupos paramilitares judeus e \u00e1rabes. O contexto inclu\u00eda a ascens\u00e3o do nacionalismo \u00e1rabe palestino e o r\u00e1pido crescimento da popula\u00e7\u00e3o judaica minorit\u00e1ria da Palestina.<\/p>\n\n\n\n<figure class=\"wp-block-image\"><img data-recalc-dims=\"1\" decoding=\"async\" src=\"https:\/\/i0.wp.com\/ichef.bbci.co.uk\/news\/640\/cpsprodpb\/11A48\/production\/_118546227_02_west_bank_1947_640-nc-2x-nc.png?w=600&#038;ssl=1\" alt=\"Plano de partilha da ONU para a Palestina depois da Segunda Guerra Mundial\"\/><\/figure>\n\n\n\n<p>O Reino Unido delegou o problema \u00e0 ONU, que em 1947 prop\u00f4s dividir a Palestina em dois Estados, um judeu e um \u00e1rabe, com a \u00e1rea de Jerusal\u00e9m-Bel\u00e9m sendo uma cidade internacional. O plano foi aceito pela lideran\u00e7a judaica da Palestina, mas rejeitado pelos l\u00edderes \u00e1rabes.<\/p>\n\n\n\n<p>A lideran\u00e7a judaica na Palestina declarou a cria\u00e7\u00e3o do Estado de Israel em 14 de maio de 1948, momento em que o mandato brit\u00e2nico acabou, ainda que sem o an\u00fancio das fronteiras demarcadas.<\/p>\n\n\n\n<p>No dia seguinte, Israel foi invadido por cinco Ex\u00e9rcitos \u00e1rabes, marcando o in\u00edcio da Guerra da Independ\u00eancia de Israel. A luta terminou em 1949 com diversos acordos de cessar-fogo, criando linhas de armist\u00edcio ao longo das fronteiras de Israel com Estados vizinhos e criando as fronteiras do que passou a ser conhecido como Faixa de Gaza (ocupada pelo Egito) e Jerusal\u00e9m Oriental e Cisjord\u00e2nia (ocupada pela Jord\u00e2nia).<\/p>\n\n\n\n<p>Ap\u00f3s o conflito, o territ\u00f3rio originalmente planejado pela Organiza\u00e7\u00e3o das Na\u00e7\u00f5es Unidas para um Estado \u00e1rabe foi reduzido pela metade e quase 750 mil palestinos fugiram para pa\u00edses vizinhos ou foram expulsos pelas tropas israelenses. Para os palestinos, come\u00e7ava ali a Nakba, palavra em \u00e1rabe para &#8220;destrui\u00e7\u00e3o&#8221; ou &#8220;cat\u00e1strofe&#8221;.<\/p>\n\n\n\n<p>Os Estados \u00e1rabes vizinhos se recusaram a reconhecer Israel enquanto pa\u00eds, o que significa que suas fronteiras permaneceram questionadas.<\/p>\n\n\n\n<figure class=\"wp-block-image\"><img data-recalc-dims=\"1\" decoding=\"async\" src=\"https:\/\/i0.wp.com\/ichef.bbci.co.uk\/news\/640\/cpsprodpb\/1544A\/production\/_101541178_046803082-1.jpg?w=600&#038;ssl=1\" alt=\"Palestino protesta em Gaza\"\/><figcaption>Legenda da foto,15 de maio, que costuma ser marcado por protestos, \u00e9 lembrado para os palestinos como in\u00edcio de um \u00eaxodo em massa que est\u00e1 na raiz do conflito travado h\u00e1 d\u00e9cadas com os israelenses.<\/figcaption><\/figure>\n\n\n\n<p><strong>Guerra em 1967 leva \u00e0 maior mudan\u00e7a territorial<\/strong><strong>&nbsp;desde a partilha<\/strong><\/p>\n\n\n\n<p>A grande mudan\u00e7a nas fronteiras de Israel ocorreu em 1967, quando o conflito conhecido como Guerra dos Seis Dias acabou com Israel ocupando a Pen\u00ednsula de Sinai, a Faixa de Gaza, a Cisjord\u00e2nia, Jerusal\u00e9m Oriental e a maior parte das Colinas do Gol\u00e3. Na pr\u00e1tica, isso triplicou o tamanho do territ\u00f3rio sob controle israelense.<\/p>\n\n\n\n<p>Israel anexou Jerusal\u00e9m Oriental, clamando que a cidade como um todo \u00e9 a sua capital, e as Colinas de Gol\u00e3, \u00e1rea de cerca de 1.200 quil\u00f4metros quadrados cuja topografia oferece um excelente ponto de observa\u00e7\u00e3o para monitorar os movimentos militares s\u00edrios.<\/p>\n\n\n\n<p>A regi\u00e3o de terra f\u00e9rtil tamb\u00e9m \u00e9 uma fonte importante de \u00e1gua, j\u00e1 que \u00e9 de l\u00e1 que sai um ter\u00e7o do abastecimento do pa\u00eds. A S\u00edria sempre reiterou que n\u00e3o vai concordar com um acordo de paz com Israel a menos que o pa\u00eds se retire por completo das colinas.<\/p>\n\n\n\n<p>Um dos principais pontos de atrito entre judeus e palestinos passa pela ocupa\u00e7\u00e3o de Jerusal\u00e9m Oriental a partir de 1967.<\/p>\n\n\n\n<p>Muitos judeus consideram Jerusal\u00e9m a capital eterna e indivis\u00edvel de Israel. Mas os palestinos reivindicam a soberania sobre Jerusal\u00e9m Oriental, capital de um eventual Estado da Palestina, que incluiria tamb\u00e9m a Cisjord\u00e2nia, governada hoje pela Autoridade Nacional Palestina, e a Faixa de Gaza, controlada pelo Hamas, principal grupo isl\u00e2mico palestino.<\/p>\n\n\n\n<p>Esses movimentos de Israel sobre Jerusal\u00e9m e as Colinas de Gol\u00e3 n\u00e3o eram reconhecidos pela comunidade internacional at\u00e9 pouco tempo atr\u00e1s, quando os Estados Unidos mudaram sua posi\u00e7\u00e3o oficial durante o governo de Donald Trump e se tornaram a primeira grande pot\u00eancia a reconhecer essas \u00e1reas como oficialmente parte de Israel.<\/p>\n\n\n\n<figure class=\"wp-block-image\"><img data-recalc-dims=\"1\" decoding=\"async\" src=\"https:\/\/i0.wp.com\/ichef.bbci.co.uk\/news\/640\/cpsprodpb\/F338\/production\/_118546226_mediaitem106123246.jpg?w=600&#038;ssl=1\" alt=\"Foto do arquivo mostrando a posi\u00e7\u00e3o israelense nas colinas ocupadas de Gol\u00e3 (10 de maio de 2018)\"\/><figcaption>Legenda da foto,As colinas de Gol\u00e3 t\u00eam significado pol\u00edtico e estrat\u00e9gico<\/figcaption><\/figure>\n\n\n\n<p>Meio milh\u00e3o de palestinos fugiram por ocasi\u00e3o da guerra em 1967. E a grande maioria dos pa\u00edses continuam a considerar Jerusal\u00e9m Oriental e as Colinas de Gol\u00e3 como territ\u00f3rios ocupados.<\/p>\n\n\n\n<p>Uma das fronteiras terrestres de Israel foi formalizada pela primeira vez em 1979, quando o Egito se tornou o primeiro pa\u00eds \u00e1rabe a reconhecer o Estado judeu. Sob o tratado, a fronteira de Israel com o Egito foi definida e Israel retirou todas as suas for\u00e7as e colonos do Sinai, um processo que foi conclu\u00eddo em 1982.<\/p>\n\n\n\n<p>Isso deixou Israel ocupando a Faixa de Gaza, Jerusal\u00e9m Oriental e as Colinas de Gol\u00e3, com suas fronteiras (excluindo o do Egito) ainda delineadas pelas linhas do armist\u00edcio de 1949 (depois do confronto entre Israel e pa\u00edses \u00e1rabes).<\/p>\n\n\n\n<p>Em 1994, a Jord\u00e2nia se tornou o segundo Estado \u00e1rabe a reconhecer Israel, formalizando no processo sua ampla fronteira com o Estado judeu. Embora ainda n\u00e3o tenha havido um tratado de paz entre Israel e o L\u00edbano, a linha de armist\u00edcio dos dois pa\u00edses de 1949 serve como fronteira norte de fato de Israel, enquanto a fronteira de Israel com a S\u00edria permanece n\u00e3o consolidada.<\/p>\n\n\n\n<p>Da mesma forma, Israel tem uma fronteira de fato com Gaza desde que retirou suas tropas e colonos em 2005, mas Gaza e a Cisjord\u00e2nia ainda s\u00e3o classificadas pela ONU como um territ\u00f3rio ocupado. As fronteiras oficiais ainda n\u00e3o foram definidas.<\/p>\n\n\n\n<p>O status final e os contornos da Cisjord\u00e2nia, de Gaza e de Jerusal\u00e9m Oriental devem ser decididos nas negocia\u00e7\u00f5es entre Israel e os palestinos que vivem l\u00e1 sob a ocupa\u00e7\u00e3o israelense, mas d\u00e9cadas de conversas e debates foram infrut\u00edferas at\u00e9 agora.<\/p>\n\n\n\n<figure class=\"wp-block-image\"><img data-recalc-dims=\"1\" decoding=\"async\" src=\"https:\/\/i0.wp.com\/ichef.bbci.co.uk\/news\/640\/cpsprodpb\/14158\/production\/_118546228_06_2020_situation-2x-nc.png?w=600&#038;ssl=1\" alt=\"Desenho atual das fronteiras de Israel\"\/><\/figure>\n\n\n\n<h2 class=\"wp-block-heading\" id=\"Mapa-dos-assentamentos-judaicos-nos-territ\u00f3rios-palestinos\">Mapa dos assentamentos judaicos nos territ\u00f3rios palestinos<\/h2>\n\n\n\n<p>Um dos principais obst\u00e1culos \u00e0s negocia\u00e7\u00f5es de paz \u00e9 a quest\u00e3o dos assentamentos judaicos, ligada tamb\u00e9m ao estopim do mais recente conflito entre palestinos e israelenses, em 2021.<\/p>\n\n\n\n<p>A nova onda de viol\u00eancia na regi\u00e3o eclodiu a partir da amea\u00e7a de despejo de fam\u00edlias palestinas do bairro de Sheikh Jarrah, que fica fora dos muros da Cidade Velha de Jerusal\u00e9m. A \u00e1rea em que hoje vivem as fam\u00edlias \u00e9 reivindicada por grupos de colonos judeus em tribunais israelenses.<\/p>\n\n\n\n<p>H\u00e1 d\u00e9cadas israelenses t\u00eam ocupado \u00e1reas habitadas por palestinos por meio de assentamentos, tanto em Jerusal\u00e9m Oriental quanto na Cisjord\u00e2nia. S\u00f3 nesta \u00faltima, s\u00e3o cerca de 430 mil colonos israelenses distribu\u00eddos entre 132 assentamentos.<\/p>\n\n\n\n<p>Esses assentamentos t\u00eam crescido constantemente desde a Guerra dos Seis Dias, conflito \u00e1rabe-israelense ocorrido em 1967. H\u00e1 tamb\u00e9m assentamentos n\u00e3o oficiais, conhecidos como postos avan\u00e7ados. Parte da direita em Israel reivindica a anexa\u00e7\u00e3o oficial de grandes por\u00e7\u00f5es de terra da Cisjord\u00e2nia.<\/p>\n\n\n\n<p>Atualmente, cerca de 3 milh\u00f5es de pessoas vivem na pequena \u00e1rea territorial da Cisjord\u00e2nia, sendo 86% delas palestinos e 14% (ou 427,8 mil pessoas) israelenses. Eles vivem em comunidades em geral separadas entre si.<\/p>\n\n\n\n<p>Uma grande parte dos assentamentos israelenses foi estabelecida nos anos 1970, 80 e 90. Mas, nos \u00faltimos 20 anos, a popula\u00e7\u00e3o deles dobrou. Israel lhes oferece servi\u00e7os, como \u00e1gua, eletricidade e prote\u00e7\u00e3o do Ex\u00e9rcito.<\/p>\n\n\n\n<figure class=\"wp-block-image\"><img data-recalc-dims=\"1\" decoding=\"async\" src=\"https:\/\/i0.wp.com\/ichef.bbci.co.uk\/news\/640\/cpsprodpb\/9EE1\/production\/_109737604_west_bank_settlements_nov_2019_portuguese_640-nc.png?w=600&#038;ssl=1\" alt=\"Cisjord\u00e2nia\"\/><\/figure>\n\n\n\n<p>Algumas pessoas se mudam para assentamentos porque neles disp\u00f5em de moradia mais barata, subsidiada pelo governo israelense. H\u00e1 tamb\u00e9m os que se mudam para viver ali em comunidades estritamente religiosas, que acreditam que Deus lhes deu o dever de assentar na regi\u00e3o.<\/p>\n\n\n\n<p>Um ter\u00e7o dos assentamentos s\u00e3o ultraortodoxos, com fam\u00edlias maiores e tamb\u00e9m mais pobres \u2014 e que tamb\u00e9m buscam melhor qualidade de vida. Mas algumas comunidades veem o assentamento como uma ideologia &#8211; a de que eles teriam o direito de morar ali por acreditar se tratar de um territ\u00f3rio ancestralmente judaico.<\/p>\n\n\n\n<p>Essas col\u00f4nias est\u00e3o dispersas pelo territ\u00f3rio palestino. E, como muitas s\u00e3o protegidas pelos militares e o acesso a elas \u00e9 proibido aos palestinos, a pol\u00edtica de assentamentos tem como efeito colateral a separa\u00e7\u00e3o de cidades palestinas umas das outras, dificultando as conex\u00f5es de transporte e o desenvolvimento de infraestrutura no territ\u00f3rio da Cisjord\u00e2nia.<\/p>\n\n\n\n<p>Essas col\u00f4nias s\u00e3o consideradas ilegais pela lei internacional. Em pelo menos seis ocasi\u00f5es desde 1979 o Conselho de Seguran\u00e7a da ONU reafirmou que elas s\u00e3o &#8220;uma viola\u00e7\u00e3o flagrante da legisla\u00e7\u00e3o internacional&#8221;. A \u00faltima delas foi em 2016 &#8211; o documento oficial tamb\u00e9m menciona Jerusal\u00e9m Oriental.<\/p>\n\n\n\n<p>Israel, por outro lado, defende as iniciativas argumentando que se trata de uma estrat\u00e9gia de defesa de sua integridade, e n\u00e3o de uma tentativa de tomada da soberania palestina.<\/p>\n\n\n\n<p>Para o historiador franc\u00eas Vincent Lemire, especialista em Oriente M\u00e9dio, especificamente em Jerusal\u00e9m, &#8220;a solu\u00e7\u00e3o de dois Estados nacionais (um israelense e outro palestino) morreu h\u00e1 muito tempo, especialmente com os 650 mil colonos israelenses assentados na Cisjord\u00e2nia&#8221;.<\/p>\n\n\n\n<p>Segundo ele, os jovens palestinos e os \u00e1rabes que vivem em Israel atualmente &#8220;lutam por seus direitos, por seus espa\u00e7os p\u00fablicos, suas condi\u00e7\u00f5es de vida e uma forma de igualdade com seus vizinhos israelenses&#8221;.<\/p>\n\n\n\n<p>Lemire prev\u00ea que &#8220;estamos caminhando para um Estado binacional de fato, com combates espor\u00e1dicos e espec\u00edficos dos palestinos para obter os mesmos direitos dos israelenses&#8221;.<br><\/p>\n\n\n\n<p><br><\/p>\n","protected":false},"excerpt":{"rendered":"<p>Mais de 70 anos ap\u00f3s Israel ter sido declarado um Estado, suas fronteiras ainda n\u00e3o foram totalmente estabelecidas. Guerras, tratados e ocupa\u00e7\u00f5es fizeram com que a forma do Estado judeu mudasse ao longo do tempo e, em algumas partes, permanecesse at\u00e9 hoje indefinida.<\/p>\n","protected":false},"author":1,"featured_media":0,"comment_status":"closed","ping_status":"open","sticky":false,"template":"","format":"standard","meta":{"_exactmetrics_skip_tracking":false,"_exactmetrics_sitenote_active":false,"_exactmetrics_sitenote_note":"","_exactmetrics_sitenote_category":0,"jetpack_post_was_ever_published":false,"_jetpack_newsletter_access":"","_jetpack_dont_email_post_to_subs":false,"_jetpack_newsletter_tier_id":0,"_jetpack_memberships_contains_paywalled_content":false,"_jetpack_memberships_contains_paid_content":false,"footnotes":"","jetpack_publicize_message":"","jetpack_publicize_feature_enabled":true,"jetpack_social_post_already_shared":true,"jetpack_social_options":{"image_generator_settings":{"template":"highway","enabled":false},"version":2}},"categories":[1],"tags":[],"class_list":["post-31945","post","type-post","status-publish","format-standard","hentry","category-notas"],"jetpack_publicize_connections":[],"jetpack_sharing_enabled":true,"jetpack_featured_media_url":"","jetpack_shortlink":"https:\/\/wp.me\/p7wKYW-8jf","jetpack-related-posts":[],"_links":{"self":[{"href":"http:\/\/blogdalucianaoliveira.com.br\/blog\/wp-json\/wp\/v2\/posts\/31945","targetHints":{"allow":["GET"]}}],"collection":[{"href":"http:\/\/blogdalucianaoliveira.com.br\/blog\/wp-json\/wp\/v2\/posts"}],"about":[{"href":"http:\/\/blogdalucianaoliveira.com.br\/blog\/wp-json\/wp\/v2\/types\/post"}],"author":[{"embeddable":true,"href":"http:\/\/blogdalucianaoliveira.com.br\/blog\/wp-json\/wp\/v2\/users\/1"}],"replies":[{"embeddable":true,"href":"http:\/\/blogdalucianaoliveira.com.br\/blog\/wp-json\/wp\/v2\/comments?post=31945"}],"version-history":[{"count":1,"href":"http:\/\/blogdalucianaoliveira.com.br\/blog\/wp-json\/wp\/v2\/posts\/31945\/revisions"}],"predecessor-version":[{"id":31947,"href":"http:\/\/blogdalucianaoliveira.com.br\/blog\/wp-json\/wp\/v2\/posts\/31945\/revisions\/31947"}],"wp:attachment":[{"href":"http:\/\/blogdalucianaoliveira.com.br\/blog\/wp-json\/wp\/v2\/media?parent=31945"}],"wp:term":[{"taxonomy":"category","embeddable":true,"href":"http:\/\/blogdalucianaoliveira.com.br\/blog\/wp-json\/wp\/v2\/categories?post=31945"},{"taxonomy":"post_tag","embeddable":true,"href":"http:\/\/blogdalucianaoliveira.com.br\/blog\/wp-json\/wp\/v2\/tags?post=31945"}],"curies":[{"name":"wp","href":"https:\/\/api.w.org\/{rel}","templated":true}]}}