{"id":31949,"date":"2021-05-18T13:14:47","date_gmt":"2021-05-18T17:14:47","guid":{"rendered":"http:\/\/blogdalucianaoliveira.com.br\/blog\/?p=31949"},"modified":"2021-05-18T13:14:51","modified_gmt":"2021-05-18T17:14:51","slug":"independentes-estremecem-tabuleiro-politico-do-chile-e-controlarao-64-da-assembleia-constituinte","status":"publish","type":"post","link":"http:\/\/blogdalucianaoliveira.com.br\/blog\/2021\/05\/18\/independentes-estremecem-tabuleiro-politico-do-chile-e-controlarao-64-da-assembleia-constituinte\/","title":{"rendered":"Independentes estremecem tabuleiro pol\u00edtico do Chile e controlar\u00e3o 64% da Assembleia Constituinte"},"content":{"rendered":"\n<figure class=\"wp-block-image size-large\"><img data-recalc-dims=\"1\" loading=\"lazy\" decoding=\"async\" width=\"600\" height=\"400\" data-attachment-id=\"31950\" data-permalink=\"http:\/\/blogdalucianaoliveira.com.br\/blog\/2021\/05\/18\/independentes-estremecem-tabuleiro-politico-do-chile-e-controlarao-64-da-assembleia-constituinte\/f863e046-f6ad-4805-9c53-f96ba311201a\/\" data-orig-file=\"https:\/\/i0.wp.com\/blogdalucianaoliveira.com.br\/blog\/wp-content\/uploads\/2021\/05\/F863E046-F6AD-4805-9C53-F96BA311201A.jpeg?fit=828%2C552\" data-orig-size=\"828,552\" data-comments-opened=\"0\" data-image-meta=\"{&quot;aperture&quot;:&quot;0&quot;,&quot;credit&quot;:&quot;&quot;,&quot;camera&quot;:&quot;&quot;,&quot;caption&quot;:&quot;&quot;,&quot;created_timestamp&quot;:&quot;0&quot;,&quot;copyright&quot;:&quot;&quot;,&quot;focal_length&quot;:&quot;0&quot;,&quot;iso&quot;:&quot;0&quot;,&quot;shutter_speed&quot;:&quot;0&quot;,&quot;title&quot;:&quot;&quot;,&quot;orientation&quot;:&quot;0&quot;}\" data-image-title=\"F863E046-F6AD-4805-9C53-F96BA311201A\" data-image-description=\"\" data-image-caption=\"\" data-medium-file=\"https:\/\/i0.wp.com\/blogdalucianaoliveira.com.br\/blog\/wp-content\/uploads\/2021\/05\/F863E046-F6AD-4805-9C53-F96BA311201A.jpeg?fit=300%2C200\" data-large-file=\"https:\/\/i0.wp.com\/blogdalucianaoliveira.com.br\/blog\/wp-content\/uploads\/2021\/05\/F863E046-F6AD-4805-9C53-F96BA311201A.jpeg?fit=600%2C400\" src=\"https:\/\/i0.wp.com\/blogdalucianaoliveira.com.br\/blog\/wp-content\/uploads\/2021\/05\/F863E046-F6AD-4805-9C53-F96BA311201A.jpeg?resize=600%2C400\" alt=\"\" class=\"wp-image-31950\" srcset=\"https:\/\/i0.wp.com\/blogdalucianaoliveira.com.br\/blog\/wp-content\/uploads\/2021\/05\/F863E046-F6AD-4805-9C53-F96BA311201A.jpeg?w=828 828w, https:\/\/i0.wp.com\/blogdalucianaoliveira.com.br\/blog\/wp-content\/uploads\/2021\/05\/F863E046-F6AD-4805-9C53-F96BA311201A.jpeg?resize=300%2C200 300w, https:\/\/i0.wp.com\/blogdalucianaoliveira.com.br\/blog\/wp-content\/uploads\/2021\/05\/F863E046-F6AD-4805-9C53-F96BA311201A.jpeg?resize=768%2C512 768w, https:\/\/i0.wp.com\/blogdalucianaoliveira.com.br\/blog\/wp-content\/uploads\/2021\/05\/F863E046-F6AD-4805-9C53-F96BA311201A.jpeg?resize=450%2C300 450w\" sizes=\"auto, (max-width: 600px) 100vw, 600px\" \/><\/figure>\n\n\n\n<p>Nem militam em partidos e a maioria se autodefine como esquerda. Triunfo eleitoral de grupo heterog\u00eaneo \u00e9 evid\u00eancia da crise de representatividade dos partidos tradicionais no pa\u00eds andino.<\/p>\n\n\n\n<!--more-->\n\n\n\n<p>El Pa\u00eds <\/p>\n\n\n\n<p>Uma das grandes surpresas da\u00a0<a rel=\"noreferrer noopener\" href=\"https:\/\/brasil.elpais.com\/noticias\/elecciones-chile\/\" target=\"_blank\">jornada eleitoral chilena no fim de semana<\/a>\u00a0\u00e9 a grande presen\u00e7a que os independentes ter\u00e3o na Assembleia Constituinte que a partir de junho come\u00e7ar\u00e1 a trabalhar em\u00a0<a rel=\"noreferrer noopener\" href=\"https:\/\/brasil.elpais.com\/internacional\/2020-10-27\/chile-inicia-o-caminho-a-um-novo-modelo-de-pais-sem-o-entrave-da-ditadura.html\" target=\"_blank\">uma nova Carta Fundamental<\/a>. Dos 155 constituintes, 48 se apresentaram por listas independentes dos partidos pol\u00edticos, ou seja, 31%. Se a eles forem somados os 40 eleitos que n\u00e3o militam, mas chegaram \u00e0s urnas sob o guarda-chuva de alguma comunidade \u2014de diversos setores\u2014, o n\u00famero de independentes no \u00f3rg\u00e3o chega a 64%, segundo o Observat\u00f3rio da Nova Constitui\u00e7\u00e3o. Em suma, sem contar as 17 cadeiras reservadas aos povos ind\u00edgenas, haver\u00e1 apenas 50 militantes partid\u00e1rios na Assembleia parit\u00e1ria (77 mulheres e 78 homens) que ter\u00e1 o prazo m\u00e1ximo de um ano para estabelecer as novas leis que reger\u00e3o os destinos do\u00a0<a rel=\"noreferrer noopener\" href=\"https:\/\/brasil.elpais.com\/noticias\/chile\/\" target=\"_blank\">Chile<\/a>.<\/p>\n\n\n\n<p>Os que n\u00e3o s\u00e3o militantes de partidos se organizaram principalmente por listas e foram duas as que se destacaram de longe. A Lista do Povo, que surgiu no \u00e2mbito dos protestos sociais de 2019 e que conseguiu articular uma organiza\u00e7\u00e3o social e pol\u00edtica, alcan\u00e7ou 27 cadeiras na Assembleia (17,4%). J\u00e1 a lista de Independentes para uma nova Constitui\u00e7\u00e3o ficou com 11 cadeiras (7%) na Assembleia que se reunir\u00e1 no Pal\u00e1cio Pereira, em\u00a0<a rel=\"noreferrer noopener\" href=\"https:\/\/brasil.elpais.com\/noticias\/santiago-de-chile\/\" target=\"_blank\">Santiago<\/a>, e na sede do Congresso da capital. \u00c9 uma lista de centro-esquerda n\u00e3o-militante que se define como \u201cum grupo diverso, transversal e comprometido com a atividade p\u00fablica\u201d que atua \u201cem organiza\u00e7\u00f5es da sociedade civil e no meio acad\u00eamico, da cultura, ci\u00eancia, planejamento urbano, comunica\u00e7\u00e3o e outros assuntos sociais \u201c. Tiveram o n\u00e3o-militante com a maior vota\u00e7\u00e3o, Benito Baranda, um psic\u00f3logo amplamente conhecido pelo p\u00fablico por seu trabalho social de d\u00e9cadas. Al\u00e9m disso, 10 outros\u00a0constituintes foram eleitos por listas independentes em n\u00edvel nacional.<\/p>\n\n\n\n<p>Eles&nbsp;<a href=\"https:\/\/brasil.elpais.com\/internacional\/2021-05-17\/chilenos-castigam-partidos-politicos-na-eleicao-para-a-constituinte.html\" target=\"_blank\" rel=\"noreferrer noopener\">estremeceram o tabuleiro pol\u00edtico chileno<\/a>&nbsp;e foram uma surpresa total para os analistas e dirigentes de todos os setores. As proje\u00e7\u00f5es predominantes indicavam que ganhariam entre 8 e 16 cadeiras. Mas, segundo a cientista pol\u00edtica Pamela Figueroa, do Observat\u00f3rio da Nova Constitui\u00e7\u00e3o, era imposs\u00edvel fazer c\u00e1lculos eleitorais pr\u00e9vios porque estavam sendo colocadas em pr\u00e1tica novas regras do jogo. \u201cAs tr\u00eas novas regras \u2014paridade, cadeiras reservadas para ind\u00edgenas e listas de independentes\u2014 contribu\u00edram para que a Constituinte represente algo diferente dos t\u00edpicos \u00f3rg\u00e3os de representa\u00e7\u00e3o\u201d, diz a cientista pol\u00edtica.<\/p>\n\n\n\n<p>O sucesso dos independentes nas elei\u00e7\u00f5es chilenas est\u00e1 diretamente relacionado \u00e0&nbsp;<a href=\"https:\/\/brasil.elpais.com\/internacional\/2020-10-23\/a-participacao-eleitoral-e-a-grande-incognita-do-plebiscito-constitucional-no-chile.html\" target=\"_blank\" rel=\"noreferrer noopener\">crise de representatividade<\/a>&nbsp;dos partidos pol\u00edticos. Segundo a \u00faltima pesquisa do Centro de Estudos P\u00fablicos (CEP), apenas 2% dos chilenos confiam em alguma das forma\u00e7\u00f5es que n\u00e3o conseguiram renovar seus quadros (desde 2006 Michelle Bachelet e Sebasti\u00e1n Pi\u00f1era se alternaram na presid\u00eancia).<\/p>\n\n\n\n<p>A crise da democracia representativa n\u00e3o \u00e9 nova no Chile e explicaria, em parte, a absten\u00e7\u00e3o j\u00e1 quase estrutural nas elei\u00e7\u00f5es, que n\u00e3o fica abaixo de 50% desde que o voto volunt\u00e1rio foi implementado em 2012. Nesta elei\u00e7\u00e3o, t\u00e3o importante para os destinos no pa\u00eds, a&nbsp;<a href=\"https:\/\/brasil.elpais.com\/internacional\/2020-10-25\/com-alta-participacao-popular-em-plebiscito-chile-caminha-para-substituir-constituicao-de-pinochet.html\" target=\"_blank\" rel=\"noreferrer noopener\">maioria dos eleitores&nbsp;<\/a>tamb\u00e9m optou por ficar em casa (57%).<\/p>\n\n\n\n<p>Neste fim de semana os independentes se tornaram uma for\u00e7a gravitacional na pol\u00edtica chilena. Ao analisar as listas e as propostas dos eleitos \u2014em sua maioria, desconhecidos at\u00e9 agora do grande p\u00fablico\u2014, observa-se que t\u00eam um discurso transformador, que estavam empenhados em&nbsp;<a href=\"https:\/\/brasil.elpais.com\/internacional\/2020-10-26\/maioria-esmagadora-dos-chilenos-vota-por-enterrar-a-constituicao-de-pinochet.html\" target=\"_blank\" rel=\"noreferrer noopener\">mudar a Constitui\u00e7\u00e3o<\/a>&nbsp;e que n\u00e3o se situam \u00e0 direita do espectro pol\u00edtico. \u201cOs 48 independentes votaram em outubro por mudar a Constitui\u00e7\u00e3o e para que a Constitui\u00e7\u00e3o seja c\u00edvica e n\u00e3o formada por parlamentares\u201d, explica Baranda.<\/p>\n\n\n\n<p>A Lista Popular, por exemplo, se define como antissist\u00eamica, segundo Daniel Trujillo, coordenador nacional desse movimento que ainda n\u00e3o tem sede nem lideran\u00e7a nacional e que superou em cadeiras a centro-esquerda (que conquistou 25, uma grande derrota) e quase igualou o Partido Comunista e a Frente Ampla (28).<\/p>\n\n\n\n<p>\u201cSomos um movimento de cidad\u00e3os autoconvocado e independente que se organizou para permitir a participa\u00e7\u00e3o dos representantes do povo sem partidos pol\u00edticos que representassem os valores da revolta na Constituinte\u201d, afirma Trujillo. Surgiram na Plaza Italia, o epicentro dos protestos em Santiago, que cresceram \u00e0 medida que se conectaram com os territ\u00f3rios, o que lhes permitiu formar listas em quase todos os bairros. \u201cAcreditamos que a crise a que chegaram as institui\u00e7\u00f5es chilenas se deve justamente ao fato de o sistema partid\u00e1rio ter sido capturado pela elite econ\u00f4mica que controla o Chile\u201d, diz o coordenador nacional da Lista do Povo, que estima que todas as organiza\u00e7\u00f5es pol\u00edticas se levantaram para proteger&nbsp;<a href=\"https:\/\/brasil.elpais.com\/noticias\/sebastian-pinera\/\" target=\"_blank\" rel=\"noreferrer noopener\">Sebasti\u00e1n Pi\u00f1era<\/a>&nbsp;e seu Governo ap\u00f3s a eclos\u00e3o social de outubro de 2019. \u201c\u00c9 uma grande trai\u00e7\u00e3o ao povo mobilizado nas revoltas e, portanto, com eles, nada\u201d, afirma Trujillo.<\/p>\n\n\n\n<p>Ele fala de uma institucionalidade \u201ccaduca\u201d e diz que se ser antissistema capitalista os define como de esquerda, ent\u00e3o, a Lista do Povo \u00e9 de esquerda. N\u00e3o gostam do Governo de Pi\u00f1era nem da elite econ\u00f4mica que \u201ccapturou\u201d o Chile. Mas refor\u00e7a a diversidade que os comp\u00f5e: \u201cSomos contra o\u00a0<a rel=\"noreferrer noopener\" href=\"https:\/\/brasil.elpais.com\/noticias\/neoliberalismo\/\" target=\"_blank\">modelo neoliberal<\/a>, mas temos eleitos que endossam o marxismo e at\u00e9 ao trotskismo, como a companheira Mar\u00eda Rivera, e outros constituintes como a jovem advogada Francisca Arauna, 28, que foi eleita em um munic\u00edpio de camponeses, uma regi\u00e3o do latif\u00fandio chileno, que tem um discurso baseado no feminismo, na colabora\u00e7\u00e3o e na defesa do meio ambiente, n\u00e3o na luta de classes\u201d, diz Trujillo.<\/p>\n\n\n\n<p>Como a Lista do Povo se formou em torno das mobiliza\u00e7\u00f5es da Plaza Italia \u2014Plaza Dignidad, como alguns setores a rebatizaram\u2014, s\u00edmbolos do protesto aderem a este grupo. Como a constituinte Giovanna Grand\u00f3n, que ficou conhecida como&nbsp;<em>T\u00eda Pikachu<\/em>&nbsp;por se disfar\u00e7ar de criatura dos videogames. Ou o&nbsp;<em>Sensual spiderman<\/em>, um homem-chave na configura\u00e7\u00e3o desse grupo, famoso por usar o traje do&nbsp;<a href=\"https:\/\/brasil.elpais.com\/noticias\/superheroes\/\" target=\"_blank\" rel=\"noreferrer noopener\">super-her\u00f3i<\/a>.<\/p>\n\n\n\n<p>O alto n\u00famero de independentes sugere que na Constituinte chilena n\u00e3o haver\u00e1 disciplina partid\u00e1ria, nem mesmo para os 40 n\u00e3o militantes que chegam ao \u00f3rg\u00e3o constituinte amparados pelos partidos. Ser\u00e1 semelhante, em todo caso, ao Congresso chileno, onde h\u00e1 muito tempo n\u00e3o se vota em bloco. A partir da instala\u00e7\u00e3o da Constituinte, por\u00e9m, novas alian\u00e7as internas come\u00e7aram a se configurar tendo em vista as novas normas.<\/p>\n","protected":false},"excerpt":{"rendered":"<p>Nem militam em partidos e a maioria se autodefine como esquerda. Triunfo eleitoral de grupo heterog\u00eaneo \u00e9 evid\u00eancia da crise de representatividade dos partidos tradicionais no pa\u00eds andino.<\/p>\n","protected":false},"author":1,"featured_media":0,"comment_status":"closed","ping_status":"open","sticky":false,"template":"","format":"standard","meta":{"_exactmetrics_skip_tracking":false,"_exactmetrics_sitenote_active":false,"_exactmetrics_sitenote_note":"","_exactmetrics_sitenote_category":0,"jetpack_post_was_ever_published":false,"_jetpack_newsletter_access":"","_jetpack_dont_email_post_to_subs":false,"_jetpack_newsletter_tier_id":0,"_jetpack_memberships_contains_paywalled_content":false,"_jetpack_memberships_contains_paid_content":false,"footnotes":"","jetpack_publicize_message":"","jetpack_publicize_feature_enabled":true,"jetpack_social_post_already_shared":true,"jetpack_social_options":{"image_generator_settings":{"template":"highway","enabled":false},"version":2}},"categories":[1],"tags":[],"class_list":["post-31949","post","type-post","status-publish","format-standard","hentry","category-notas"],"jetpack_publicize_connections":[],"jetpack_sharing_enabled":true,"jetpack_featured_media_url":"","jetpack_shortlink":"https:\/\/wp.me\/p7wKYW-8jj","jetpack-related-posts":[],"_links":{"self":[{"href":"http:\/\/blogdalucianaoliveira.com.br\/blog\/wp-json\/wp\/v2\/posts\/31949","targetHints":{"allow":["GET"]}}],"collection":[{"href":"http:\/\/blogdalucianaoliveira.com.br\/blog\/wp-json\/wp\/v2\/posts"}],"about":[{"href":"http:\/\/blogdalucianaoliveira.com.br\/blog\/wp-json\/wp\/v2\/types\/post"}],"author":[{"embeddable":true,"href":"http:\/\/blogdalucianaoliveira.com.br\/blog\/wp-json\/wp\/v2\/users\/1"}],"replies":[{"embeddable":true,"href":"http:\/\/blogdalucianaoliveira.com.br\/blog\/wp-json\/wp\/v2\/comments?post=31949"}],"version-history":[{"count":1,"href":"http:\/\/blogdalucianaoliveira.com.br\/blog\/wp-json\/wp\/v2\/posts\/31949\/revisions"}],"predecessor-version":[{"id":31951,"href":"http:\/\/blogdalucianaoliveira.com.br\/blog\/wp-json\/wp\/v2\/posts\/31949\/revisions\/31951"}],"wp:attachment":[{"href":"http:\/\/blogdalucianaoliveira.com.br\/blog\/wp-json\/wp\/v2\/media?parent=31949"}],"wp:term":[{"taxonomy":"category","embeddable":true,"href":"http:\/\/blogdalucianaoliveira.com.br\/blog\/wp-json\/wp\/v2\/categories?post=31949"},{"taxonomy":"post_tag","embeddable":true,"href":"http:\/\/blogdalucianaoliveira.com.br\/blog\/wp-json\/wp\/v2\/tags?post=31949"}],"curies":[{"name":"wp","href":"https:\/\/api.w.org\/{rel}","templated":true}]}}