{"id":31953,"date":"2021-05-18T16:44:11","date_gmt":"2021-05-18T20:44:11","guid":{"rendered":"http:\/\/blogdalucianaoliveira.com.br\/blog\/?p=31953"},"modified":"2021-05-18T16:44:16","modified_gmt":"2021-05-18T20:44:16","slug":"bolsonarismo-crise-politica-e-base-social-dossie-expoe-desafios-da-esquerda-no-pais","status":"publish","type":"post","link":"http:\/\/blogdalucianaoliveira.com.br\/blog\/2021\/05\/18\/bolsonarismo-crise-politica-e-base-social-dossie-expoe-desafios-da-esquerda-no-pais\/","title":{"rendered":"Bolsonarismo, crise pol\u00edtica e base social: dossi\u00ea exp\u00f5e desafios da esquerda no pa\u00eds"},"content":{"rendered":"\n<figure class=\"wp-block-image size-large\"><img data-recalc-dims=\"1\" loading=\"lazy\" decoding=\"async\" width=\"600\" height=\"443\" data-attachment-id=\"31954\" data-permalink=\"http:\/\/blogdalucianaoliveira.com.br\/blog\/2021\/05\/18\/bolsonarismo-crise-politica-e-base-social-dossie-expoe-desafios-da-esquerda-no-pais\/1dc12316-e989-42cb-af0f-29b4a7f721c0\/\" data-orig-file=\"https:\/\/i0.wp.com\/blogdalucianaoliveira.com.br\/blog\/wp-content\/uploads\/2021\/05\/1DC12316-E989-42CB-AF0F-29B4A7F721C0.jpeg?fit=800%2C591\" data-orig-size=\"800,591\" data-comments-opened=\"0\" data-image-meta=\"{&quot;aperture&quot;:&quot;0&quot;,&quot;credit&quot;:&quot;&quot;,&quot;camera&quot;:&quot;&quot;,&quot;caption&quot;:&quot;&quot;,&quot;created_timestamp&quot;:&quot;0&quot;,&quot;copyright&quot;:&quot;&quot;,&quot;focal_length&quot;:&quot;0&quot;,&quot;iso&quot;:&quot;0&quot;,&quot;shutter_speed&quot;:&quot;0&quot;,&quot;title&quot;:&quot;&quot;,&quot;orientation&quot;:&quot;1&quot;}\" data-image-title=\"1DC12316-E989-42CB-AF0F-29B4A7F721C0\" data-image-description=\"\" data-image-caption=\"\" data-medium-file=\"https:\/\/i0.wp.com\/blogdalucianaoliveira.com.br\/blog\/wp-content\/uploads\/2021\/05\/1DC12316-E989-42CB-AF0F-29B4A7F721C0.jpeg?fit=300%2C222\" data-large-file=\"https:\/\/i0.wp.com\/blogdalucianaoliveira.com.br\/blog\/wp-content\/uploads\/2021\/05\/1DC12316-E989-42CB-AF0F-29B4A7F721C0.jpeg?fit=600%2C443\" src=\"https:\/\/i0.wp.com\/blogdalucianaoliveira.com.br\/blog\/wp-content\/uploads\/2021\/05\/1DC12316-E989-42CB-AF0F-29B4A7F721C0.jpeg?resize=600%2C443\" alt=\"\" class=\"wp-image-31954\" srcset=\"https:\/\/i0.wp.com\/blogdalucianaoliveira.com.br\/blog\/wp-content\/uploads\/2021\/05\/1DC12316-E989-42CB-AF0F-29B4A7F721C0.jpeg?w=800 800w, https:\/\/i0.wp.com\/blogdalucianaoliveira.com.br\/blog\/wp-content\/uploads\/2021\/05\/1DC12316-E989-42CB-AF0F-29B4A7F721C0.jpeg?resize=300%2C222 300w, https:\/\/i0.wp.com\/blogdalucianaoliveira.com.br\/blog\/wp-content\/uploads\/2021\/05\/1DC12316-E989-42CB-AF0F-29B4A7F721C0.jpeg?resize=768%2C567 768w, https:\/\/i0.wp.com\/blogdalucianaoliveira.com.br\/blog\/wp-content\/uploads\/2021\/05\/1DC12316-E989-42CB-AF0F-29B4A7F721C0.jpeg?resize=406%2C300 406w\" sizes=\"auto, (max-width: 600px) 100vw, 600px\" \/><\/figure>\n\n\n\n<h4 class=\"wp-block-heading\">Dossi\u00ea lan\u00e7ado recentemente pelo Instituto Tricontinental re\u00fane reflex\u00f5es de diversas organiza\u00e7\u00f5es progressistas<\/h4>\n\n\n\n<!--more-->\n\n\n\n<p>Reda\u00e7\u00e3o &#8211; Brasil de Fato |<br><\/p>\n\n\n\n<p>Uma crise pol\u00edtica, socioecon\u00f4mica e sanit\u00e1ria sem precedentes, a chegada da extrema direita ao poder e a brutal retirada de direitos sociais. \u00c9 nesse desafiador contexto que a esquerda brasileira tem enfrentado o<a rel=\"noreferrer noopener\" href=\"https:\/\/www.brasildefato.com.br\/2021\/05\/08\/cpi-da-covid-essa-comissao-objetiva-salvar-vidas-diz-o-relator-renan-calheiros\" target=\"_blank\">\u00a0governo Jair Bolsonaro<\/a>\u00a0e angariado esfor\u00e7os para resistir, se reinventar e engrossar as fileiras por outro projeto de sociedade.<\/p>\n\n\n\n<p>Com o capit\u00e3o reformado no Pal\u00e1cio do Planalto apoiado pelas classes dominantes e pelas For\u00e7as Armadas, o projeto neoliberal instaurado no pa\u00eds ap\u00f3s o impeachment da ex-presidente Dilma Rousseff (PT), em 2016, se aprofundou. Em 2020, o surgimento do novo coronav\u00edrus e a aus\u00eancia de enfrentamento \u00e0 pandemia por parte de um governo federal negacionista\u00a0trouxeram para o Brasil a marca de\u00a0<a rel=\"noreferrer noopener\" href=\"https:\/\/www.brasildefato.com.br\/2021\/05\/13\/pais-supera-430-mil-mortes-por-covid-transmissao-em-nivel-elevado-preocupa-fiocruz\" target=\"_blank\">mais de 430 mil v\u00edtimas fatais<\/a>da doen\u00e7a respirat\u00f3ria e o t\u00edtulo de amea\u00e7a mundial.\u00a0<br><\/p>\n\n\n\n<p>A esquerda, por sua vez, continuou se articulando e tendo como prioridade retomar a condu\u00e7\u00e3o do pa\u00eds em dire\u00e7\u00e3o a outro rumo. Mas, quais s\u00e3o os pr\u00f3ximos passos a serem tomados em uma conjuntura t\u00e3o emblem\u00e1tica? Quais s\u00e3o os desafios colocados para as for\u00e7as pol\u00edticas progressistas,&nbsp;considerando as elei\u00e7\u00f5es de 2022 e a \u201cpol\u00edtica de morte\u201d em curso?<\/p>\n\n\n\n<p>Essa \u00e9 a tem\u00e1tica abordada pelo&nbsp;<a href=\"https:\/\/thetricontinental.org\/pt-pt\/dossie-40-esquerda-brasileira\/\" target=\"_blank\" rel=\"noreferrer noopener\">Dossi\u00ea 40 do Instituto Tricontinental de Pesquisa Social<\/a>, lan\u00e7ado no \u00faltimo dia 13 de maio. O documento&nbsp;<em>Os desafios da Esquerda no Brasil<\/em>&nbsp;apresenta diferentes reflex\u00f5es a partir do ponto de vista de representantes de partidos e organiza\u00e7\u00f5es da classe trabalhadora, do campo e da cidade.<\/p>\n\n\n\n<p>Entre os entrevistados est\u00e3o, Jandyra Uehara, da Executiva Nacional da Central \u00danica dos Trabalhadores (CUT); Juliano Medeiros, presidente nacional do Partido Socialismo e Liberdade (PSOL); Kelli Mafort, da dire\u00e7\u00e3o nacional do Movimento dos Trabalhadores Rurais Sem Terra (MST); Gleisi Hoffmann, deputada federal e presidenta do Partido dos Trabalhadores (PT); e Val\u00e9rio Arcary, professor do Instituto Federal de S\u00e3o Paulo (IFSP) e membro da dire\u00e7\u00e3o nacional do PSOL.<\/p>\n\n\n\n<p>Balan\u00e7os e perspectivas<\/p>\n\n\n\n<p>O dossi\u00ea est\u00e1 dividido em cinco partes e tem como ponto de partida uma an\u00e1lise cr\u00edtica da esquerda brasileira nas \u00faltimas d\u00e9cadas. A exemplo da pol\u00edtica de renda do programa Bolsa Fam\u00edlia, respons\u00e1vel por tirar 36 milh\u00f5es de pessoas da extrema pobreza, e do programa habitacional Minha Casa Minha Vida, que construiu mais de 4 milh\u00f5es de casas populares, o documento reconhece a import\u00e2ncia das&nbsp;pol\u00edticas de bem-estar social adotadas pelos governos Lula e Dilma, mas faz pondera\u00e7\u00f5es.<\/p>\n\n\n\n<p>\u201cA esquerda conseguiu chegar ao governo com Lula mas isso n\u00e3o significa que conquistou o poder. Essa talvez seja uma das chaves que explique a derrota da esquerda nos \u00faltimos anos. \u00c9 ineg\u00e1vel que tivemos conquistas importantes nos governos petistas, mas isso n\u00e3o foi acompanhado de um processo de politiza\u00e7\u00e3o que elevasse o n\u00edvel de consci\u00eancia das massas\u201d, afirma Luiz Albuquerque,&nbsp;<a href=\"https:\/\/thetricontinental.org\/pt-pt\/dossie-40-esquerda-brasileira\/\" target=\"_blank\" rel=\"noreferrer noopener\">organizador do dossi\u00ea<\/a>.&nbsp;<\/p>\n\n\n\n<p>O tamb\u00e9m coordenador do departamento de Comunica\u00e7\u00e3o e Publica\u00e7\u00e3o do Tricontinental explica que ap\u00f3s a crise econ\u00f4mica de 2008, a burguesia e o empresariado puseram&nbsp;fim \u00e0 pol\u00edtica de concilia\u00e7\u00e3o de classes para manter a lucratividade de seus neg\u00f3cios, em detrimento dos direitos das popula\u00e7\u00f5es mais vulner\u00e1veis.<\/p>\n\n\n\n<p>Sem um processo de politiza\u00e7\u00e3o da grande maioria de trabalhadores que pudesse forjar a consci\u00eancia de classe dos setores m\u00e9dios e populares, n\u00e3o houve o fortalecimento de uma base social s\u00f3lida para a defesa de um projeto progressista ou, ainda, que fosse capaz de deter o golpe contra a ex-presidenta Dilma ou a vit\u00f3ria de Bolsonaro, com mais de 57 milh\u00f5es de votos, dois anos depois.<\/p>\n\n\n\n<p>Entre os desafios urgentes, Albuquerque cita que o consenso da esquerda \u00e9 o&nbsp;<a href=\"https:\/\/www.brasildefato.com.br\/2021\/04\/27\/artigo-se-o-brasil-nao-enfrentar-bolsonaro-futuro-sera-de-tiro-porrada-e-bomba\" target=\"_blank\" rel=\"noreferrer noopener\">afastamento de Bolsonaro da presid\u00eancia<\/a>, a defesa da vacina\u00e7\u00e3o em massa e a volta do aux\u00edlio emergencial de R$ 600.&nbsp;<\/p>\n\n\n\n<p>A retomada de uma base social e de um conte\u00fado program\u00e1tico combativo s\u00e3o demandas a m\u00e9dio e longo prazo essenciais para nortear a atua\u00e7\u00e3o do campo da esquerda como um todo &#8211; seja nas ruas ou nos parlamentos.&nbsp;<\/p>\n\n\n\n<p>\u201cPrecisamos retomar o trabalho de base, no sentido de acumular for\u00e7as e sair da situa\u00e7\u00e3o defensiva, avan\u00e7ar em pautas de f\u00f4lego, mais estruturais. O trabalho de base \u00e9 indispens\u00e1vel para a luta popular e deve estar vinculado a uma determinada estrat\u00e9gia, a tomada do poder. Com isso, ent\u00e3o, \u00e9 preciso organizar o povo em torno de um programa, fazer a disputa ideol\u00f3gica para reconstruirmos for\u00e7a social, derrotar o bolsonarismo e colocarmos na ordem do dia as reformas estruturais\u201d, defende Albuquerque.<\/p>\n\n\n\n<p>\u00c9lida Elena, vice-presidenta da Uni\u00e3o Nacional dos Estudantes (UNE) e integrante do Levante Popular da Juventude, tamb\u00e9m est\u00e1 entre as&nbsp;<a href=\"https:\/\/thetricontinental.org\/pt-pt\/dossie-40-esquerda-brasileira\/\" target=\"_blank\" rel=\"noreferrer noopener\">entrevistadas&nbsp;do Dossi\u00ea&nbsp;<\/a>e, ao&nbsp;<strong>Brasil de Fato<\/strong>, ressalta a import\u00e2ncia do di\u00e1logo da esquerda com a popula\u00e7\u00e3o diante dos retrocessos.<\/p>\n\n\n\n<p>\u201cPara que possamos superar esse cen\u00e1rio, precisamos refor\u00e7ar a mobiliza\u00e7\u00e3o social, a constru\u00e7\u00e3o de for\u00e7a social da esquerda para que possamos ter outra alternativa e derrotar Bolsonaro e o bolsonarismo. Temos apostado como passo para esse caminho em&nbsp;campanhas de solidariedade nos diversos estados do Brasil como forma de ampliar nossa resist\u00eancia e reconectar os v\u00ednculos da esquerda com o povo brasileiro\u201d, declara.<\/p>\n\n\n\n<p>As fissuras da direita e a import\u00e2ncia da figura do ex-presidente Luiz In\u00e1cio Lula da Silva com a proximidade das elei\u00e7\u00f5es presidenciais de 2022 s\u00e3o outros pontos abordados pelos entrevistados. Vale destacar ainda que&nbsp;<a href=\"https:\/\/thetricontinental.org\/pt-pt\/dossie-40-esquerda-brasileira\/\" target=\"_blank\" rel=\"noreferrer noopener\">todas as imagens que comp\u00f5em o documento<\/a>&nbsp;fazem parte do projeto&nbsp;<strong>Design Ativista,<\/strong>&nbsp;um coletivo que surgiu durante as elei\u00e7\u00f5es de 2018 com o objetivo de fomentar a cria\u00e7\u00e3o e distribui\u00e7\u00e3o livre de arte e informa\u00e7\u00e3o, combatendo as not\u00edcias falsas e apoiando a democracia.&nbsp;<\/p>\n\n\n\n<p>\u201cJuntos, venceremos!\u201d<\/p>\n\n\n\n<p>O Dossi\u00ea deixa claro que a<a href=\"https:\/\/thetricontinental.org\/pt-pt\/dossie-40-esquerda-brasileira\/\" target=\"_blank\" rel=\"noreferrer noopener\">&nbsp;unidade entre os setores progressistas<\/a>&nbsp;\u00e9 central&nbsp;para a constru\u00e7\u00e3o de um outro futuro. Uma necessidade hist\u00f3rica e um desafio permanente, aponta Albuquerque. Indispens\u00e1vel para \u201cconter o avan\u00e7o do neofascismo e retomar o Estado\u201d.<\/p>\n\n\n\n<p>\u201cUm grande debate em aberto \u00e9 como se constituiria essa unidade e quais seriam as t\u00e1ticas necess\u00e1rias para constru\u00ed-la. Se se daria em uma frente de esquerda compostas pelas for\u00e7as progressistas, em torno de um programa m\u00ednimo em comum, ou em uma frente ampla que incluiria todos os espectros pol\u00edticos contr\u00e1rios ao bolsonarismo, incluindo parte da direita liberal, por exemplo?&nbsp;Ou uma combina\u00e7\u00e3o de ambas as t\u00e1ticas?&nbsp;Esse debate ainda est\u00e1 aberto\u201d, continua o jornalista.<\/p>\n\n\n\n<p>Elida Elena, da UNE, tamb\u00e9m endossa a necessidade da unidade entre as plurais esquerdas brasileiras para derrotar o bolsonarismo e destaca a import\u00e2ncia da juventude como agente&nbsp;pol\u00edtico&nbsp;desse processo.<\/p>\n\n\n\n<p>\u201cCada organiza\u00e7\u00e3o, sozinha, isoladamente, n\u00e3o vai conseguir cumprir essa tarefa. N\u00f3s, da juventude, temos um papel importante. Desde a campanha eleitoral temos sido um elo forte, de resist\u00eancia, ao projeto bolsonarista. Desde o &#8220;Ele N\u00e3o&#8221;, ao Tsunami da Educa\u00e7\u00e3o e lutas antirracistas e antifascistas do ano passado. Temos muita disposi\u00e7\u00e3o de luta\u201d, comemora&nbsp;a militante.<\/p>\n\n\n\n<p>Mesmo em meio a uma conjuntura acirrada, Albuquerque, o organizador do dossi\u00ea, avalia que ainda que seja necess\u00e1ria a ado\u00e7\u00e3o de uma postura defensiva por parte da esquerda, o governo Bolsonaro vem sofrendo um desgaste lento, por\u00e9m gradual, desde o in\u00edcio do ano. Algo que fomenta a organiza\u00e7\u00e3o popular.<\/p>\n\n\n\n<p>\u201cH\u00e1 uma percep\u00e7\u00e3o de que a milit\u00e2ncia, a base social da esquerda, se sente mais fortalecida para lutar hoje do que em tempos passados. Esse \u00e9 um elemento muito importante, \u00e9 um dos fatores que pode ajudar a alterar a correla\u00e7\u00e3o de for\u00e7as na sociedade\u201d, finaliza.<\/p>\n\n\n\n<p>Leia o Dossi\u00ea n\u00ba40 completo<a href=\"https:\/\/thetricontinental.org\/pt-pt\/dossie-40-esquerda-brasileira\/\" target=\"_blank\" rel=\"noreferrer noopener\">&nbsp;aqui.<\/a><\/p>\n\n\n\n<p>Edi\u00e7\u00e3o: Vin\u00edcius Segalla<\/p>\n","protected":false},"excerpt":{"rendered":"<p>Dossi\u00ea lan\u00e7ado recentemente pelo Instituto Tricontinental re\u00fane reflex\u00f5es de diversas organiza\u00e7\u00f5es progressistas<\/p>\n","protected":false},"author":1,"featured_media":0,"comment_status":"closed","ping_status":"open","sticky":false,"template":"","format":"standard","meta":{"_exactmetrics_skip_tracking":false,"_exactmetrics_sitenote_active":false,"_exactmetrics_sitenote_note":"","_exactmetrics_sitenote_category":0,"jetpack_post_was_ever_published":false,"_jetpack_newsletter_access":"","_jetpack_dont_email_post_to_subs":false,"_jetpack_newsletter_tier_id":0,"_jetpack_memberships_contains_paywalled_content":false,"_jetpack_memberships_contains_paid_content":false,"footnotes":"","jetpack_publicize_message":"","jetpack_publicize_feature_enabled":true,"jetpack_social_post_already_shared":true,"jetpack_social_options":{"image_generator_settings":{"template":"highway","enabled":false},"version":2}},"categories":[1],"tags":[],"class_list":["post-31953","post","type-post","status-publish","format-standard","hentry","category-notas"],"jetpack_publicize_connections":[],"jetpack_sharing_enabled":true,"jetpack_featured_media_url":"","jetpack_shortlink":"https:\/\/wp.me\/p7wKYW-8jn","jetpack-related-posts":[],"_links":{"self":[{"href":"http:\/\/blogdalucianaoliveira.com.br\/blog\/wp-json\/wp\/v2\/posts\/31953","targetHints":{"allow":["GET"]}}],"collection":[{"href":"http:\/\/blogdalucianaoliveira.com.br\/blog\/wp-json\/wp\/v2\/posts"}],"about":[{"href":"http:\/\/blogdalucianaoliveira.com.br\/blog\/wp-json\/wp\/v2\/types\/post"}],"author":[{"embeddable":true,"href":"http:\/\/blogdalucianaoliveira.com.br\/blog\/wp-json\/wp\/v2\/users\/1"}],"replies":[{"embeddable":true,"href":"http:\/\/blogdalucianaoliveira.com.br\/blog\/wp-json\/wp\/v2\/comments?post=31953"}],"version-history":[{"count":1,"href":"http:\/\/blogdalucianaoliveira.com.br\/blog\/wp-json\/wp\/v2\/posts\/31953\/revisions"}],"predecessor-version":[{"id":31955,"href":"http:\/\/blogdalucianaoliveira.com.br\/blog\/wp-json\/wp\/v2\/posts\/31953\/revisions\/31955"}],"wp:attachment":[{"href":"http:\/\/blogdalucianaoliveira.com.br\/blog\/wp-json\/wp\/v2\/media?parent=31953"}],"wp:term":[{"taxonomy":"category","embeddable":true,"href":"http:\/\/blogdalucianaoliveira.com.br\/blog\/wp-json\/wp\/v2\/categories?post=31953"},{"taxonomy":"post_tag","embeddable":true,"href":"http:\/\/blogdalucianaoliveira.com.br\/blog\/wp-json\/wp\/v2\/tags?post=31953"}],"curies":[{"name":"wp","href":"https:\/\/api.w.org\/{rel}","templated":true}]}}