{"id":31956,"date":"2021-05-19T09:54:57","date_gmt":"2021-05-19T13:54:57","guid":{"rendered":"http:\/\/blogdalucianaoliveira.com.br\/blog\/?p=31956"},"modified":"2021-05-19T09:55:00","modified_gmt":"2021-05-19T13:55:00","slug":"ricardo-salles-o-que-se-sabe-sobre-denuncia-contra-ministro-que-gerou-busca-e-apreensao-da-pf","status":"publish","type":"post","link":"http:\/\/blogdalucianaoliveira.com.br\/blog\/2021\/05\/19\/ricardo-salles-o-que-se-sabe-sobre-denuncia-contra-ministro-que-gerou-busca-e-apreensao-da-pf\/","title":{"rendered":"Ricardo Salles: o que se sabe sobre den\u00fancia contra ministro que gerou busca e apreens\u00e3o da PF"},"content":{"rendered":"\n<figure class=\"wp-block-image\"><img data-recalc-dims=\"1\" decoding=\"async\" src=\"https:\/\/i0.wp.com\/ichef.bbci.co.uk\/news\/640\/cpsprodpb\/79A0\/production\/_113263113_salles.png?w=600&#038;ssl=1\" alt=\"Ricardo Salles\"\/><\/figure>\n\n\n\n<p><strong>Na BBC<\/strong> &#8211; A Pol\u00edcia Federal deflagrou nesta quarta-feira (19\/05) uma opera\u00e7\u00e3o que teve como alvo o ministro do Meio Ambiente, Ricardo Salles, empres\u00e1rios do ramo madeireiro e servidores p\u00fablicos, entre eles o presidente do Ibama, Eduardo Bim. Os investigadores apuram suspeitas de exporta\u00e7\u00e3o ilegal de madeira.<\/p>\n\n\n\n<!--more-->\n\n\n\n<p>Segundo a PF, a a\u00e7\u00e3o investiga desde janeiro deste ano suspeitas de crimes como corrup\u00e7\u00e3o, advocacia administrativa, prevarica\u00e7\u00e3o e facilita\u00e7\u00e3o de contrabando. A investiga\u00e7\u00e3o, diz a PF, come\u00e7ou a partir de den\u00fancias feitas por autoridades estrangeiras sobre suposto &#8220;desvio de conduta de servidores p\u00fablicos brasileiros no processo de exporta\u00e7\u00e3o de madeira&#8221;.<\/p>\n\n\n\n<p>Ao todo, cerca de 160 policiais federais cumprem 35 mandados de busca e apreens\u00e3o em endere\u00e7os no Distrito Federal, em S\u00e3o Paulo e no Par\u00e1, alguns deles ligados a Salles.<\/p>\n\n\n\n<p>O ministro, que ainda n\u00e3o se manifestou sobre a a\u00e7\u00e3o, tamb\u00e9m teve quebrado seu sigilo banc\u00e1rio e fiscal.<\/p>\n\n\n\n<p>A opera\u00e7\u00e3o, batizada de Akuanduba (divindade ind\u00edgena tida como protetora da boa humanidade), foi autorizada pelo ministro Alexandre de Moraes, do Supremo Tribunal Federal (STF). O magistrado determinou o afastamento do cargo de 10 servidores, incluindo o presidente do Ibama.<br><br><\/p>\n\n\n\n<p>Al\u00e9m da opera\u00e7\u00e3o, Moraes tamb\u00e9m suspendeu um despacho do Ibama (7036900\/2020), de fevereiro de 2020, que autorizava a exporta\u00e7\u00e3o de produtos florestais sem emiss\u00e3o de uma autoriza\u00e7\u00e3o mais rigorosa.<\/p>\n\n\n\n<p>Segundo o site G1, &#8220;estima-se que o referido despacho, elaborado a pedido de empresas que tiveram cargas n\u00e3o licenciadas apreendidas nos EUA e Europa, resultou na regulariza\u00e7\u00e3o de mais de 8 mil cargas de madeira exportadas ilegalmente entre os anos de 2019 e 2020&#8221;.<\/p>\n\n\n\n<p>O despacho foi publicado pelo Ibama 20 dias depois de ser provocado por duas entidades do setor madeireiro: Associa\u00e7\u00e3o das Ind\u00fastrias Exportadoras de Madeira do Estado do Par\u00e1 (Aimex) e pela Associa\u00e7\u00e3o Brasileira de Empresas Concession\u00e1rias Florestais (Confloresta), que atua no Par\u00e1 e em Rond\u00f4nia.<\/p>\n\n\n\n<p>&#8220;A pressa incomum e a retalia\u00e7\u00e3o a funcion\u00e1rio comissionado demonstram, salvo melhor ju\u00edzo, poss\u00edvel pr\u00e9-disposi\u00e7\u00e3o por parte do atual chefe do IBAMA no acolhimento da solicita\u00e7\u00e3o das madeireiras, que almejam confessadamente exportar as mercadorias sem o controle pr\u00e9vio e efetivo por parte do \u00f3rg\u00e3o ambiental, ao arrepio da legisla\u00e7\u00e3o constitucional e infraconstitucional&#8221;, afirmou uma a\u00e7\u00e3o civil p\u00fablica contra esse despacho que foi movida pelo Instituto Socioambiental, pelo Greenpeace e pela Associa\u00e7\u00e3o Brasileira dos Membros do Minist\u00e9rio P\u00fablico de Meio Ambiente (Abrampa).<\/p>\n\n\n\n<figure class=\"wp-block-image\"><img data-recalc-dims=\"1\" decoding=\"async\" src=\"https:\/\/i0.wp.com\/ichef.bbci.co.uk\/news\/640\/cpsprodpb\/185E\/production\/_102983260_mma.jpg?w=600&#038;ssl=1\" alt=\"Madeira apreendida em opera\u00e7\u00e3o do Ibama\"\/><figcaption>Legenda da foto,A\u00e7\u00e3o civil p\u00fablica contra despacho do Ibama afirmava que documento facilitava desmatamento ilegal<\/figcaption><\/figure>\n\n\n\n<p>Em seus pedidos ao Ibama, o setor madeireiro defendia que mudan\u00e7as feitas no processo de autoriza\u00e7\u00e3o de exporta\u00e7\u00e3o havia criado redund\u00e2ncias e caducado parte das normas. O \u00f3rg\u00e3o ambiental concordou e revogou, no despacho 7036900\/2020, parte das exig\u00eancias previstas na lei que visam garantir que a madeira exportada tenha origem legal.<\/p>\n\n\n\n<p>Para as entidades ambientalistas e a Abrampa, o despacho do Ibama acabou facilitando exporta\u00e7\u00e3o de madeira extra\u00edda de forma ilegal porque a mudan\u00e7a afetou &#8220;a \u00fanica formalidade que garante controle pr\u00f3ximo e eficaz do Ibama da madeira exportada&#8221;.<\/p>\n\n\n\n<p>Segundo esses grupos, &#8220;a decis\u00e3o do presidente do Ibama tenta por vias tortas &#8216;legalizar&#8217; a situa\u00e7\u00e3o que era antes ilegal, mas, ao revogar o principal mecanismo de controle de exporta\u00e7\u00e3o de madeira, incentivou o aumento da atividade e, consequentemente, do desmatamento ilegal da floresta&#8221;.<\/p>\n\n\n\n<p>Em fevereiro de 2020, o Centro das Ind\u00fastrias do Par\u00e1 (CIP) divulgou uma carta de agradecimento ao Ibama pelo despacho do Ibama que &#8220;colocou em ordem as exporta\u00e7\u00f5es de madeira legal e autorizada do Brasil e, particularmente, da Amaz\u00f4nia&#8221;.<\/p>\n\n\n\n<p>No documento, o CIP afirma que antes do despacho o Ibama havia causado mal ao setor ao confundir &#8220;os legais com os ilegais, quando incendiou equipamentos e, por fim, envolveu-se em um epis\u00f3dio no qual morreu de forma n\u00e3o explicada um homem da floresta&#8221;.<br><\/p>\n\n\n\n<p><\/p>\n","protected":false},"excerpt":{"rendered":"<p>Na BBC &#8211; A Pol\u00edcia Federal deflagrou nesta quarta-feira (19\/05) uma opera\u00e7\u00e3o que teve como alvo o ministro do Meio Ambiente, Ricardo Salles, empres\u00e1rios do ramo madeireiro e servidores p\u00fablicos, entre eles o presidente do Ibama, Eduardo Bim. Os investigadores apuram suspeitas de exporta\u00e7\u00e3o ilegal de madeira.<\/p>\n","protected":false},"author":1,"featured_media":0,"comment_status":"closed","ping_status":"open","sticky":false,"template":"","format":"standard","meta":{"_exactmetrics_skip_tracking":false,"_exactmetrics_sitenote_active":false,"_exactmetrics_sitenote_note":"","_exactmetrics_sitenote_category":0,"jetpack_post_was_ever_published":false,"_jetpack_newsletter_access":"","_jetpack_dont_email_post_to_subs":false,"_jetpack_newsletter_tier_id":0,"_jetpack_memberships_contains_paywalled_content":false,"_jetpack_memberships_contains_paid_content":false,"footnotes":"","jetpack_publicize_message":"","jetpack_publicize_feature_enabled":true,"jetpack_social_post_already_shared":true,"jetpack_social_options":{"image_generator_settings":{"template":"highway","enabled":false},"version":2}},"categories":[1],"tags":[53,21,386,535,534,536],"class_list":["post-31956","post","type-post","status-publish","format-standard","hentry","category-notas","tag-bolsonaro","tag-corrupcao","tag-meio-ambiente","tag-operacao","tag-ricardo-salles","tag-sigilo"],"jetpack_publicize_connections":[],"jetpack_sharing_enabled":true,"jetpack_featured_media_url":"","jetpack_shortlink":"https:\/\/wp.me\/p7wKYW-8jq","jetpack-related-posts":[],"_links":{"self":[{"href":"http:\/\/blogdalucianaoliveira.com.br\/blog\/wp-json\/wp\/v2\/posts\/31956","targetHints":{"allow":["GET"]}}],"collection":[{"href":"http:\/\/blogdalucianaoliveira.com.br\/blog\/wp-json\/wp\/v2\/posts"}],"about":[{"href":"http:\/\/blogdalucianaoliveira.com.br\/blog\/wp-json\/wp\/v2\/types\/post"}],"author":[{"embeddable":true,"href":"http:\/\/blogdalucianaoliveira.com.br\/blog\/wp-json\/wp\/v2\/users\/1"}],"replies":[{"embeddable":true,"href":"http:\/\/blogdalucianaoliveira.com.br\/blog\/wp-json\/wp\/v2\/comments?post=31956"}],"version-history":[{"count":1,"href":"http:\/\/blogdalucianaoliveira.com.br\/blog\/wp-json\/wp\/v2\/posts\/31956\/revisions"}],"predecessor-version":[{"id":31957,"href":"http:\/\/blogdalucianaoliveira.com.br\/blog\/wp-json\/wp\/v2\/posts\/31956\/revisions\/31957"}],"wp:attachment":[{"href":"http:\/\/blogdalucianaoliveira.com.br\/blog\/wp-json\/wp\/v2\/media?parent=31956"}],"wp:term":[{"taxonomy":"category","embeddable":true,"href":"http:\/\/blogdalucianaoliveira.com.br\/blog\/wp-json\/wp\/v2\/categories?post=31956"},{"taxonomy":"post_tag","embeddable":true,"href":"http:\/\/blogdalucianaoliveira.com.br\/blog\/wp-json\/wp\/v2\/tags?post=31956"}],"curies":[{"name":"wp","href":"https:\/\/api.w.org\/{rel}","templated":true}]}}