{"id":31958,"date":"2021-05-19T10:00:23","date_gmt":"2021-05-19T14:00:23","guid":{"rendered":"http:\/\/blogdalucianaoliveira.com.br\/blog\/?p=31958"},"modified":"2021-05-19T10:00:28","modified_gmt":"2021-05-19T14:00:28","slug":"relatorio-da-pf-sobre-salles-descreve-grave-esquema-criminoso-de-carater-transnacional","status":"publish","type":"post","link":"http:\/\/blogdalucianaoliveira.com.br\/blog\/2021\/05\/19\/relatorio-da-pf-sobre-salles-descreve-grave-esquema-criminoso-de-carater-transnacional\/","title":{"rendered":"Relat\u00f3rio da PF sobre Salles descreve &#8220;grave esquema criminoso de car\u00e1ter transnacional&#8221;"},"content":{"rendered":"\n<figure class=\"wp-block-image\"><img data-recalc-dims=\"1\" decoding=\"async\" src=\"https:\/\/i0.wp.com\/publisher-publish.s3.eu-central-1.amazonaws.com\/pb-brasil247\/swp\/jtjeq9\/media\/20210428200456_4b8b255f-0d15-4b57-80ae-91b4c8e2985c.png?w=600&#038;ssl=1\" alt=\"\"\/><\/figure>\n\n\n\n<p><strong>247\u00a0<\/strong>&#8211; A Pol\u00edcia Federal denunciou em relat\u00f3rio que serviu de base \u00e0 opera\u00e7\u00e3o da manh\u00e3 desta quarta-feira (19), um &#8220;grave esquema criminoso de car\u00e1ter transnacional&#8221; envolvendo o ministro do Meio Ambiente, Ricardo Salles e servidores do Ibama. O grupo \u00e9 acusado de corrup\u00e7\u00e3o e tr\u00e1fico internacional de madeiras.\u00a0<br><\/p>\n\n\n\n<!--more-->\n\n\n\n<p>Segundo reportagem da coluna Radar, do portal Veja, a decis\u00e3o de 63 p\u00e1ginas assinada pelo ministro Alexandre de Moraes, do STF, baseia-se em parte no relat\u00f3rio da Pol\u00edcia Federal, partiu da declara\u00e7\u00e3o de Ricardo Salles sobre \u201cpassar a boiada\u201d, na famosa reuni\u00e3o ministerial de abril de 2020. No relat\u00f3rio, a PF aponta atos do ministros e de servidores do seu n\u00facleo duro no Minist\u00e9rio do Meio Ambiente e do Ibama que teriam favorecido empres\u00e1rios envolvidos no contrabando de produtos florestais.<\/p>\n\n\n\n<p>Na decis\u00e3o, Moraes cita trecho do relat\u00f3rio indica a \u201cexist\u00eancia de grave esquema de facilita\u00e7\u00e3o ao contrabando de produtos florestais o qual teria o envolvimento de autoridade com prerrogativa de foro nessa Suprema Corte, no caso, o Ministro do Meio Ambiente, Ricardo de Aquino Salles; al\u00e9m de servidores p\u00fablicos e de pessoas jur\u00eddicas. Os principais servidores p\u00fablicos envolvidos seriam: Walter Mendes Magalh\u00e3es J\u00fanior, Olivandi Alves Azevedo Borges, Jo\u00e3o Pessoa Riograndense Moreira J\u00fanior, Rafael Freire de Macedo, Eduardo Fortunato Bim, Ol\u00edmpio Ferreira Magalh\u00e3es, Leslie Nelson Jardim Tavares, Andr\u00e9 Heleno Azevedo Silveira, Artur Vallinoto Bastos, Leopoldo Penteado Butkiewicz e Wagner Tadeu Matiota\u201d.<\/p>\n\n\n\n<p>A PF diz no relat\u00f3rio que \u00e9 \u201cevidente que o interesse privado de alguns poucos empres\u00e1rios reincidentes na pr\u00e1tica de infra\u00e7\u00f5es ambientais como demonstraremos mais adiante, foi colocado \u00e0 frente do interesse p\u00fablico\u201d.<\/p>\n\n\n\n<p>\u201cA situa\u00e7\u00e3o que se apresenta \u00e9 de grave esquema criminoso de car\u00e1ter transnacional. Esta empreitada criminosa n\u00e3o apenas realiza o patroc\u00ednio do interesse privado de madeireiros e exportadores em preju\u00edzo do interesse p\u00fablico, notadamente atrav\u00e9s da legaliza\u00e7\u00e3o e de forma retroativa de milhares de carregamentos de produtos florestais exportados em disson\u00e2ncia com as normas ambientais vigentes entre os anos de 2019 e 2020 mas, tamb\u00e9m, tem criado s\u00e9rios obst\u00e1culos \u00e0 a\u00e7\u00e3o fiscalizat\u00f3ria do Poder P\u00fablico no trato das quest\u00f5es ambientais com ineg\u00e1veis preju\u00edzos a toda a sociedade\u201d, segue a PF.<\/p>\n\n\n\n<h2 class=\"wp-block-heading\">Saiba mais&nbsp;<\/h2>\n\n\n\n<p><a target=\"_blank\" rel=\"noreferrer noopener\" href=\"https:\/\/www.brasil247.com\/brasil\/pf-faz-busca-e-apreensao-em-enderecos-de-ricardo-salles-e-do-ministerio-do-meio-ambiente\">A Pol\u00edcia Federal faz na manh\u00e3 desta quarta-feira (19) uma opera\u00e7\u00e3o contra o ministro do Meio Ambiente, Ricardo Salles&nbsp;<\/a>e funcion\u00e1rios da pasta e do Instituto Brasileiro do Meio Ambiente e dos Recursos Naturais Renov\u00e1veis (Ibama). &nbsp;Eles s\u00e3o acusados de corrup\u00e7\u00e3o ao facilitar a exporta\u00e7\u00e3o ilegal de madeira.&nbsp;<a target=\"_blank\" rel=\"noreferrer noopener\" href=\"https:\/\/www.brasil247.com\/brasil\/stf-afasta-presidente-do-ibama-do-cargo-investigado-por-esquema-de-exportacao-ilegal-de-madeira\">A a\u00e7\u00e3o atinge tamb\u00e9m o presidente do Ibama, Eduardo Bim<\/a>. O ministro e o presidente do Ibama tiveram seus sigilos banc\u00e1rio e fiscal quebrados e h\u00e1 a\u00e7\u00f5es de busca e apreens\u00e3o em seus endere\u00e7os, do Minist\u00e9rio e do Ibama.<\/p>\n\n\n\n<p>Segundo a&nbsp;<a target=\"_blank\" rel=\"noreferrer noopener\" href=\"https:\/\/www1.folha.uol.com.br\/colunas\/painel\/2021\/05\/ricardo-salles-e-ministerio-do-meio-ambiente-sao-alvos-de-busca-e-apreenssao-da-policia-federal.shtml\">coluna Painel<\/a>, a decis\u00e3o tamb\u00e9m suspendeu um despacho do Ibama, de 2020, que, de acordo com a PF, permitia a exporta\u00e7\u00e3o de produtos florestais sem a emiss\u00e3o de autoriza\u00e7\u00f5es.<\/p>\n\n\n\n<p>Os mandados foram autorizado pelo ministro Alexandre de Moraes, do Supremo Tribunal Federal (STF). Al\u00e9m das buscas, a Corte determinou o afastamento preventivo de dez agentes p\u00fablicos que ocupavam cargos e fun\u00e7\u00f5es de confian\u00e7a no Instituto Brasileiro do Meio Ambiente e dos Recursos Naturais Renov\u00e1veis (Ibama) e no Minist\u00e9rio do Meio Ambiente (MMA), entre eles Eduardo Bim.&nbsp;<\/p>\n\n\n\n<p><br><\/p>\n","protected":false},"excerpt":{"rendered":"<p>247\u00a0&#8211; A Pol\u00edcia Federal denunciou em relat\u00f3rio que serviu de base \u00e0 opera\u00e7\u00e3o da manh\u00e3 desta quarta-feira (19), um &#8220;grave esquema criminoso de car\u00e1ter transnacional&#8221; envolvendo o ministro do Meio Ambiente, Ricardo Salles e servidores do Ibama. O grupo \u00e9 acusado de corrup\u00e7\u00e3o e tr\u00e1fico internacional de madeiras.\u00a0<\/p>\n","protected":false},"author":1,"featured_media":0,"comment_status":"closed","ping_status":"open","sticky":false,"template":"","format":"standard","meta":{"_exactmetrics_skip_tracking":false,"_exactmetrics_sitenote_active":false,"_exactmetrics_sitenote_note":"","_exactmetrics_sitenote_category":0,"jetpack_post_was_ever_published":false,"_jetpack_newsletter_access":"","_jetpack_dont_email_post_to_subs":false,"_jetpack_newsletter_tier_id":0,"_jetpack_memberships_contains_paywalled_content":false,"_jetpack_memberships_contains_paid_content":false,"footnotes":"","jetpack_publicize_message":"","jetpack_publicize_feature_enabled":true,"jetpack_social_post_already_shared":true,"jetpack_social_options":{"image_generator_settings":{"template":"highway","enabled":false},"version":2}},"categories":[1],"tags":[53,21,386,535,534],"class_list":["post-31958","post","type-post","status-publish","format-standard","hentry","category-notas","tag-bolsonaro","tag-corrupcao","tag-meio-ambiente","tag-operacao","tag-ricardo-salles"],"jetpack_publicize_connections":[],"jetpack_sharing_enabled":true,"jetpack_featured_media_url":"","jetpack_shortlink":"https:\/\/wp.me\/p7wKYW-8js","jetpack-related-posts":[],"_links":{"self":[{"href":"http:\/\/blogdalucianaoliveira.com.br\/blog\/wp-json\/wp\/v2\/posts\/31958","targetHints":{"allow":["GET"]}}],"collection":[{"href":"http:\/\/blogdalucianaoliveira.com.br\/blog\/wp-json\/wp\/v2\/posts"}],"about":[{"href":"http:\/\/blogdalucianaoliveira.com.br\/blog\/wp-json\/wp\/v2\/types\/post"}],"author":[{"embeddable":true,"href":"http:\/\/blogdalucianaoliveira.com.br\/blog\/wp-json\/wp\/v2\/users\/1"}],"replies":[{"embeddable":true,"href":"http:\/\/blogdalucianaoliveira.com.br\/blog\/wp-json\/wp\/v2\/comments?post=31958"}],"version-history":[{"count":1,"href":"http:\/\/blogdalucianaoliveira.com.br\/blog\/wp-json\/wp\/v2\/posts\/31958\/revisions"}],"predecessor-version":[{"id":31959,"href":"http:\/\/blogdalucianaoliveira.com.br\/blog\/wp-json\/wp\/v2\/posts\/31958\/revisions\/31959"}],"wp:attachment":[{"href":"http:\/\/blogdalucianaoliveira.com.br\/blog\/wp-json\/wp\/v2\/media?parent=31958"}],"wp:term":[{"taxonomy":"category","embeddable":true,"href":"http:\/\/blogdalucianaoliveira.com.br\/blog\/wp-json\/wp\/v2\/categories?post=31958"},{"taxonomy":"post_tag","embeddable":true,"href":"http:\/\/blogdalucianaoliveira.com.br\/blog\/wp-json\/wp\/v2\/tags?post=31958"}],"curies":[{"name":"wp","href":"https:\/\/api.w.org\/{rel}","templated":true}]}}