{"id":31963,"date":"2021-05-19T10:30:41","date_gmt":"2021-05-19T14:30:41","guid":{"rendered":"http:\/\/blogdalucianaoliveira.com.br\/blog\/?p=31963"},"modified":"2021-05-19T10:30:45","modified_gmt":"2021-05-19T14:30:45","slug":"france-24-la-sombra-del-hambre-vuelve-a-posarse-sobre-brasil","status":"publish","type":"post","link":"http:\/\/blogdalucianaoliveira.com.br\/blog\/2021\/05\/19\/france-24-la-sombra-del-hambre-vuelve-a-posarse-sobre-brasil\/","title":{"rendered":"FRANCE 24: La sombra del hambre vuelve a posarse sobre Brasil"},"content":{"rendered":"\n<figure class=\"wp-block-image size-large\"><img data-recalc-dims=\"1\" loading=\"lazy\" decoding=\"async\" width=\"600\" height=\"328\" data-attachment-id=\"31964\" data-permalink=\"http:\/\/blogdalucianaoliveira.com.br\/blog\/2021\/05\/19\/france-24-la-sombra-del-hambre-vuelve-a-posarse-sobre-brasil\/39ce4170-10c3-4777-9050-6f62297dc562\/\" data-orig-file=\"https:\/\/i0.wp.com\/blogdalucianaoliveira.com.br\/blog\/wp-content\/uploads\/2021\/05\/39CE4170-10C3-4777-9050-6F62297DC562.jpeg?fit=828%2C453\" data-orig-size=\"828,453\" data-comments-opened=\"0\" data-image-meta=\"{&quot;aperture&quot;:&quot;0&quot;,&quot;credit&quot;:&quot;&quot;,&quot;camera&quot;:&quot;&quot;,&quot;caption&quot;:&quot;&quot;,&quot;created_timestamp&quot;:&quot;0&quot;,&quot;copyright&quot;:&quot;&quot;,&quot;focal_length&quot;:&quot;0&quot;,&quot;iso&quot;:&quot;0&quot;,&quot;shutter_speed&quot;:&quot;0&quot;,&quot;title&quot;:&quot;&quot;,&quot;orientation&quot;:&quot;1&quot;}\" data-image-title=\"39CE4170-10C3-4777-9050-6F62297DC562\" data-image-description=\"\" data-image-caption=\"\" data-medium-file=\"https:\/\/i0.wp.com\/blogdalucianaoliveira.com.br\/blog\/wp-content\/uploads\/2021\/05\/39CE4170-10C3-4777-9050-6F62297DC562.jpeg?fit=300%2C164\" data-large-file=\"https:\/\/i0.wp.com\/blogdalucianaoliveira.com.br\/blog\/wp-content\/uploads\/2021\/05\/39CE4170-10C3-4777-9050-6F62297DC562.jpeg?fit=600%2C328\" src=\"https:\/\/i0.wp.com\/blogdalucianaoliveira.com.br\/blog\/wp-content\/uploads\/2021\/05\/39CE4170-10C3-4777-9050-6F62297DC562.jpeg?resize=600%2C328\" alt=\"\" class=\"wp-image-31964\" srcset=\"https:\/\/i0.wp.com\/blogdalucianaoliveira.com.br\/blog\/wp-content\/uploads\/2021\/05\/39CE4170-10C3-4777-9050-6F62297DC562.jpeg?w=828 828w, https:\/\/i0.wp.com\/blogdalucianaoliveira.com.br\/blog\/wp-content\/uploads\/2021\/05\/39CE4170-10C3-4777-9050-6F62297DC562.jpeg?resize=300%2C164 300w, https:\/\/i0.wp.com\/blogdalucianaoliveira.com.br\/blog\/wp-content\/uploads\/2021\/05\/39CE4170-10C3-4777-9050-6F62297DC562.jpeg?resize=768%2C420 768w, https:\/\/i0.wp.com\/blogdalucianaoliveira.com.br\/blog\/wp-content\/uploads\/2021\/05\/39CE4170-10C3-4777-9050-6F62297DC562.jpeg?resize=548%2C300 548w\" sizes=\"auto, (max-width: 600px) 100vw, 600px\" \/><\/figure>\n\n\n\n<p><strong>France 24, por Val\u00e9ria Saccone<\/strong> &#8211; No Brasil, cada dia 15 pessoas morrem por desnutri\u00e7\u00e3o. Al\u00e9m disso, cerca de 19 milh\u00f5es de brasileiros passam fome em um pa\u00eds que, paradoxalmente, \u00e9 o segundo maior exportador de alimentos do mundo, ultrapassado apenas pelos Estados Unidos. A situa\u00e7\u00e3o \u00e9 particularmente grave nas favelas, onde 70 % dos habitantes n\u00e3o t\u00eam dinheiro suficiente para comprar comida.<\/p>\n\n\n\n<!--more-->\n\n\n\n<p><br> Em 2014, o Brasil conseguiu sair do Mapa da Fome da FAO, a Organiza\u00e7\u00e3o da ONU para a Alimenta\u00e7\u00e3o e a Agricultura, gra\u00e7as a programas sociais como o Bolsa Fam\u00edlia. Mas a recess\u00e3o econ\u00f3mica primeiro e a pandemia depois provocaram uma clara retrocesso.<\/p>\n\n\n\n<p>Confira a reportagem: <\/p>\n\n\n\n<figure class=\"wp-block-embed-youtube wp-block-embed is-type-video is-provider-youtube wp-embed-aspect-16-9 wp-has-aspect-ratio\"><div class=\"wp-block-embed__wrapper\">\n<div class=\"jetpack-video-wrapper\"><iframe loading=\"lazy\" title=\"La sombra del hambre vuelve a posarse sobre Brasil\" width=\"600\" height=\"338\" src=\"https:\/\/www.youtube.com\/embed\/5PdQnP5p1D8?feature=oembed\" frameborder=\"0\" allow=\"accelerometer; autoplay; clipboard-write; encrypted-media; gyroscope; picture-in-picture; web-share\" referrerpolicy=\"strict-origin-when-cross-origin\" allowfullscreen><\/iframe><\/div>\n<\/div><\/figure>\n\n\n\n<p><\/p>\n","protected":false},"excerpt":{"rendered":"<p>France 24, por Val\u00e9ria Saccone &#8211; No Brasil, cada dia 15 pessoas morrem por desnutri\u00e7\u00e3o. Al\u00e9m disso, cerca de 19 milh\u00f5es de brasileiros passam fome em um pa\u00eds que, paradoxalmente, \u00e9 o segundo maior exportador de alimentos do mundo, ultrapassado apenas pelos Estados Unidos. A situa\u00e7\u00e3o \u00e9 particularmente grave nas favelas, onde 70 % dos&#8230;<a class=\"more-link\" href=\"http:\/\/blogdalucianaoliveira.com.br\/blog\/2021\/05\/19\/france-24-la-sombra-del-hambre-vuelve-a-posarse-sobre-brasil\/\">Continue a leitura <span class=\"meta-nav\">&raquo;<\/span><\/a><\/p>\n","protected":false},"author":1,"featured_media":0,"comment_status":"closed","ping_status":"open","sticky":false,"template":"","format":"standard","meta":{"_exactmetrics_skip_tracking":false,"_exactmetrics_sitenote_active":false,"_exactmetrics_sitenote_note":"","_exactmetrics_sitenote_category":0,"jetpack_post_was_ever_published":false,"_jetpack_newsletter_access":"","_jetpack_dont_email_post_to_subs":false,"_jetpack_newsletter_tier_id":0,"_jetpack_memberships_contains_paywalled_content":false,"_jetpack_memberships_contains_paid_content":false,"footnotes":"","jetpack_publicize_message":"","jetpack_publicize_feature_enabled":true,"jetpack_social_post_already_shared":true,"jetpack_social_options":{"image_generator_settings":{"template":"highway","enabled":false},"version":2}},"categories":[1],"tags":[5,541,540],"class_list":["post-31963","post","type-post","status-publish","format-standard","hentry","category-notas","tag-brasil","tag-fome","tag-france24"],"jetpack_publicize_connections":[],"jetpack_sharing_enabled":true,"jetpack_featured_media_url":"","jetpack_shortlink":"https:\/\/wp.me\/p7wKYW-8jx","jetpack-related-posts":[],"_links":{"self":[{"href":"http:\/\/blogdalucianaoliveira.com.br\/blog\/wp-json\/wp\/v2\/posts\/31963","targetHints":{"allow":["GET"]}}],"collection":[{"href":"http:\/\/blogdalucianaoliveira.com.br\/blog\/wp-json\/wp\/v2\/posts"}],"about":[{"href":"http:\/\/blogdalucianaoliveira.com.br\/blog\/wp-json\/wp\/v2\/types\/post"}],"author":[{"embeddable":true,"href":"http:\/\/blogdalucianaoliveira.com.br\/blog\/wp-json\/wp\/v2\/users\/1"}],"replies":[{"embeddable":true,"href":"http:\/\/blogdalucianaoliveira.com.br\/blog\/wp-json\/wp\/v2\/comments?post=31963"}],"version-history":[{"count":1,"href":"http:\/\/blogdalucianaoliveira.com.br\/blog\/wp-json\/wp\/v2\/posts\/31963\/revisions"}],"predecessor-version":[{"id":31965,"href":"http:\/\/blogdalucianaoliveira.com.br\/blog\/wp-json\/wp\/v2\/posts\/31963\/revisions\/31965"}],"wp:attachment":[{"href":"http:\/\/blogdalucianaoliveira.com.br\/blog\/wp-json\/wp\/v2\/media?parent=31963"}],"wp:term":[{"taxonomy":"category","embeddable":true,"href":"http:\/\/blogdalucianaoliveira.com.br\/blog\/wp-json\/wp\/v2\/categories?post=31963"},{"taxonomy":"post_tag","embeddable":true,"href":"http:\/\/blogdalucianaoliveira.com.br\/blog\/wp-json\/wp\/v2\/tags?post=31963"}],"curies":[{"name":"wp","href":"https:\/\/api.w.org\/{rel}","templated":true}]}}