{"id":31966,"date":"2021-05-20T11:22:45","date_gmt":"2021-05-20T15:22:45","guid":{"rendered":"http:\/\/blogdalucianaoliveira.com.br\/blog\/?p=31966"},"modified":"2021-05-20T12:05:00","modified_gmt":"2021-05-20T16:05:00","slug":"pge-opina-por-veto-do-governador-a-projeto-que-para-ambientalistas-legaliza-a-grilagem","status":"publish","type":"post","link":"http:\/\/blogdalucianaoliveira.com.br\/blog\/2021\/05\/20\/pge-opina-por-veto-do-governador-a-projeto-que-para-ambientalistas-legaliza-a-grilagem\/","title":{"rendered":"PGE opina por veto do governador a projeto que para ambientalistas legaliza a grilagem"},"content":{"rendered":"\n<figure class=\"wp-block-image size-large\"><img data-recalc-dims=\"1\" loading=\"lazy\" decoding=\"async\" width=\"600\" height=\"338\" data-attachment-id=\"31970\" data-permalink=\"http:\/\/blogdalucianaoliveira.com.br\/blog\/2021\/05\/20\/pge-opina-por-veto-do-governador-a-projeto-que-para-ambientalistas-legaliza-a-grilagem\/bo-4\/\" data-orig-file=\"https:\/\/i0.wp.com\/blogdalucianaoliveira.com.br\/blog\/wp-content\/uploads\/2021\/05\/bo.png?fit=640%2C361\" data-orig-size=\"640,361\" data-comments-opened=\"0\" data-image-meta=\"{&quot;aperture&quot;:&quot;0&quot;,&quot;credit&quot;:&quot;&quot;,&quot;camera&quot;:&quot;&quot;,&quot;caption&quot;:&quot;&quot;,&quot;created_timestamp&quot;:&quot;0&quot;,&quot;copyright&quot;:&quot;&quot;,&quot;focal_length&quot;:&quot;0&quot;,&quot;iso&quot;:&quot;0&quot;,&quot;shutter_speed&quot;:&quot;0&quot;,&quot;title&quot;:&quot;&quot;,&quot;orientation&quot;:&quot;0&quot;}\" data-image-title=\"bo\" data-image-description=\"\" data-image-caption=\"\" data-medium-file=\"https:\/\/i0.wp.com\/blogdalucianaoliveira.com.br\/blog\/wp-content\/uploads\/2021\/05\/bo.png?fit=300%2C169\" data-large-file=\"https:\/\/i0.wp.com\/blogdalucianaoliveira.com.br\/blog\/wp-content\/uploads\/2021\/05\/bo.png?fit=600%2C338\" src=\"https:\/\/i0.wp.com\/blogdalucianaoliveira.com.br\/blog\/wp-content\/uploads\/2021\/05\/bo.png?resize=600%2C338&#038;ssl=1\" alt=\"\" class=\"wp-image-31970\" srcset=\"https:\/\/i0.wp.com\/blogdalucianaoliveira.com.br\/blog\/wp-content\/uploads\/2021\/05\/bo.png?w=640 640w, https:\/\/i0.wp.com\/blogdalucianaoliveira.com.br\/blog\/wp-content\/uploads\/2021\/05\/bo.png?resize=300%2C169 300w, https:\/\/i0.wp.com\/blogdalucianaoliveira.com.br\/blog\/wp-content\/uploads\/2021\/05\/bo.png?resize=532%2C300 532w\" sizes=\"auto, (max-width: 600px) 100vw, 600px\" \/><\/figure>\n\n\n\n<p><\/p>\n\n\n\n<p>O Parecer n\u00ba 35\/2021\/PGE-PAMB da Procuradoria Geral do Estado de Rond\u00f4nia \u00e9 uma resposta \u00e0 consulta feita pela Casa Civil sobre a legalidade da Lei Complementar 080 que altera os limites da Reserva Extrativista Jaci-Paran\u00e1, do Parque Estadual de Guajar\u00e1-Mirim e cria o Parque Estadual Ilha das Flores, o Parque Estadual Abaitar\u00e1, a Reserva de Desenvolvimento Sustent\u00e1vel Bom Jardim, a Reserva de Desenvolvimento Sustent\u00e1vel Limoeiro e a Reserva de Fauna Pau D\u2019\u00d3leo.<\/p>\n\n\n\n<!--more-->\n\n\n\n<p>Os deputados aprovaram a redu\u00e7\u00e3o de 219 mil hectares de \u00e1reas ambientalmente protegidas o que, segundo organiza\u00e7\u00f5es da sociedade civil significa legalizar ocupa\u00e7\u00f5es ilegais que se intensificaram na \u00faltima d\u00e9cada nas Unidades de Conserva\u00e7\u00e3o.<\/p>\n\n\n\n<figure class=\"wp-block-image size-large\"><img loading=\"lazy\" decoding=\"async\" width=\"782\" height=\"1153\" data-attachment-id=\"31967\" data-permalink=\"http:\/\/blogdalucianaoliveira.com.br\/blog\/2021\/05\/20\/pge-opina-por-veto-do-governador-a-projeto-que-para-ambientalistas-legaliza-a-grilagem\/pl-2\/\" data-orig-file=\"https:\/\/i0.wp.com\/blogdalucianaoliveira.com.br\/blog\/wp-content\/uploads\/2021\/05\/pl.jpg?fit=782%2C1153\" data-orig-size=\"782,1153\" data-comments-opened=\"0\" data-image-meta=\"{&quot;aperture&quot;:&quot;0&quot;,&quot;credit&quot;:&quot;&quot;,&quot;camera&quot;:&quot;&quot;,&quot;caption&quot;:&quot;&quot;,&quot;created_timestamp&quot;:&quot;0&quot;,&quot;copyright&quot;:&quot;&quot;,&quot;focal_length&quot;:&quot;0&quot;,&quot;iso&quot;:&quot;0&quot;,&quot;shutter_speed&quot;:&quot;0&quot;,&quot;title&quot;:&quot;&quot;,&quot;orientation&quot;:&quot;0&quot;}\" data-image-title=\"pl\" data-image-description=\"\" data-image-caption=\"\" data-medium-file=\"https:\/\/i0.wp.com\/blogdalucianaoliveira.com.br\/blog\/wp-content\/uploads\/2021\/05\/pl.jpg?fit=203%2C300\" data-large-file=\"https:\/\/i0.wp.com\/blogdalucianaoliveira.com.br\/blog\/wp-content\/uploads\/2021\/05\/pl.jpg?fit=600%2C884\" src=\"https:\/\/i1.wp.com\/blogdalucianaoliveira.com.br\/blog\/wp-content\/uploads\/2021\/05\/pl.jpg?fit=600%2C884&amp;ssl=1\" alt=\"\" class=\"wp-image-31967\" srcset=\"https:\/\/i0.wp.com\/blogdalucianaoliveira.com.br\/blog\/wp-content\/uploads\/2021\/05\/pl.jpg?w=782 782w, https:\/\/i0.wp.com\/blogdalucianaoliveira.com.br\/blog\/wp-content\/uploads\/2021\/05\/pl.jpg?resize=203%2C300 203w, https:\/\/i0.wp.com\/blogdalucianaoliveira.com.br\/blog\/wp-content\/uploads\/2021\/05\/pl.jpg?resize=695%2C1024 695w, https:\/\/i0.wp.com\/blogdalucianaoliveira.com.br\/blog\/wp-content\/uploads\/2021\/05\/pl.jpg?resize=768%2C1132 768w\" sizes=\"auto, (max-width: 600px) 100vw, 600px\" \/><\/figure>\n\n\n\n<p>De iniciativa do governo, o\nprojeto sofreu altera\u00e7\u00f5es significativas com emendas dos deputados.<\/p>\n\n\n\n<p>O Minist\u00e9rio P\u00fablico do Estado, segundo consta no Parecer, recomendou que o governador Marcos Rocha vete a proposta aprovada pelo legislativo no \u00faltimo dia 20 de abril.<\/p>\n\n\n\n<figure class=\"wp-block-image size-large\"><img data-recalc-dims=\"1\" loading=\"lazy\" decoding=\"async\" width=\"600\" height=\"455\" data-attachment-id=\"31968\" data-permalink=\"http:\/\/blogdalucianaoliveira.com.br\/blog\/2021\/05\/20\/pge-opina-por-veto-do-governador-a-projeto-que-para-ambientalistas-legaliza-a-grilagem\/plc\/\" data-orig-file=\"https:\/\/i0.wp.com\/blogdalucianaoliveira.com.br\/blog\/wp-content\/uploads\/2021\/05\/plc.jpg?fit=726%2C551\" data-orig-size=\"726,551\" data-comments-opened=\"0\" data-image-meta=\"{&quot;aperture&quot;:&quot;0&quot;,&quot;credit&quot;:&quot;&quot;,&quot;camera&quot;:&quot;&quot;,&quot;caption&quot;:&quot;&quot;,&quot;created_timestamp&quot;:&quot;0&quot;,&quot;copyright&quot;:&quot;&quot;,&quot;focal_length&quot;:&quot;0&quot;,&quot;iso&quot;:&quot;0&quot;,&quot;shutter_speed&quot;:&quot;0&quot;,&quot;title&quot;:&quot;&quot;,&quot;orientation&quot;:&quot;0&quot;}\" data-image-title=\"plc\" data-image-description=\"\" data-image-caption=\"\" data-medium-file=\"https:\/\/i0.wp.com\/blogdalucianaoliveira.com.br\/blog\/wp-content\/uploads\/2021\/05\/plc.jpg?fit=300%2C228\" data-large-file=\"https:\/\/i0.wp.com\/blogdalucianaoliveira.com.br\/blog\/wp-content\/uploads\/2021\/05\/plc.jpg?fit=600%2C455\" src=\"https:\/\/i0.wp.com\/blogdalucianaoliveira.com.br\/blog\/wp-content\/uploads\/2021\/05\/plc.jpg?resize=600%2C455&#038;ssl=1\" alt=\"\" class=\"wp-image-31968\" srcset=\"https:\/\/i0.wp.com\/blogdalucianaoliveira.com.br\/blog\/wp-content\/uploads\/2021\/05\/plc.jpg?w=726 726w, https:\/\/i0.wp.com\/blogdalucianaoliveira.com.br\/blog\/wp-content\/uploads\/2021\/05\/plc.jpg?resize=300%2C228 300w, https:\/\/i0.wp.com\/blogdalucianaoliveira.com.br\/blog\/wp-content\/uploads\/2021\/05\/plc.jpg?resize=395%2C300 395w\" sizes=\"auto, (max-width: 600px) 100vw, 600px\" \/><\/figure>\n\n\n\n<p>No aguardo da decis\u00e3o, os\nprocuradores fazem o mesmo, opinam pelo veto aos seguintes dispositivos: \u201cartigo\n1\u00ba, caput, e seus par\u00e1grafos 1\u00ba e 2\u00ba; artigo 2\u00ba, caput, e seus artigos 1\u00ba e 2\u00ba; artigo 15, caput, e seu\npar\u00e1grafo \u00fanico; artigo 17, caput, e seus incisos I e II; e anexos I, II, V,\nVII, VIII\u201d.<\/p>\n\n\n\n<p>Os procuradores apontam viola\u00e7\u00f5es aos princ\u00edpios da preven\u00e7\u00e3o e da precau\u00e7\u00e3o, da garantia de n\u00e3o cumprimento da integridade dos tributos que justificam a cria\u00e7\u00e3o das unidades de conserva\u00e7\u00e3o, da veda\u00e7\u00e3o ao retrocesso ambiental, da seguran\u00e7a jur\u00eddica e do dever de consulta livre, pr\u00e9via e informada.<\/p>\n\n\n\n<p>Em Manifesto enviado ao governo, Greenpeace, SOS Amaz\u00f4nia, WWF-Brasil, CIMI \u2013 Conselho Indigenista Mission\u00e1rio, Kanind\u00e9 e Organiza\u00e7\u00e3o dos Seringueiros de Rond\u00f4nia (OSR)  tamb\u00e9m pediram que o governador n\u00e3o regularize invas\u00f5es em terras p\u00fablicas que prejudicam o equil\u00edbrios ambiental, social e econ\u00f4mico.<\/p>\n\n\n\n<figure class=\"wp-block-image size-large\"><img loading=\"lazy\" decoding=\"async\" width=\"828\" height=\"1118\" data-attachment-id=\"31972\" data-permalink=\"http:\/\/blogdalucianaoliveira.com.br\/blog\/2021\/05\/20\/pge-opina-por-veto-do-governador-a-projeto-que-para-ambientalistas-legaliza-a-grilagem\/68e431cc-41b0-42ea-a578-9f73ab6e9c0c\/\" data-orig-file=\"https:\/\/i0.wp.com\/blogdalucianaoliveira.com.br\/blog\/wp-content\/uploads\/2021\/05\/68E431CC-41B0-42EA-A578-9F73AB6E9C0C.jpeg?fit=828%2C1118\" data-orig-size=\"828,1118\" data-comments-opened=\"0\" data-image-meta=\"{&quot;aperture&quot;:&quot;0&quot;,&quot;credit&quot;:&quot;&quot;,&quot;camera&quot;:&quot;&quot;,&quot;caption&quot;:&quot;&quot;,&quot;created_timestamp&quot;:&quot;0&quot;,&quot;copyright&quot;:&quot;&quot;,&quot;focal_length&quot;:&quot;0&quot;,&quot;iso&quot;:&quot;0&quot;,&quot;shutter_speed&quot;:&quot;0&quot;,&quot;title&quot;:&quot;&quot;,&quot;orientation&quot;:&quot;1&quot;}\" data-image-title=\"68E431CC-41B0-42EA-A578-9F73AB6E9C0C\" data-image-description=\"\" data-image-caption=\"\" data-medium-file=\"https:\/\/i0.wp.com\/blogdalucianaoliveira.com.br\/blog\/wp-content\/uploads\/2021\/05\/68E431CC-41B0-42EA-A578-9F73AB6E9C0C.jpeg?fit=222%2C300\" data-large-file=\"https:\/\/i0.wp.com\/blogdalucianaoliveira.com.br\/blog\/wp-content\/uploads\/2021\/05\/68E431CC-41B0-42EA-A578-9F73AB6E9C0C.jpeg?fit=600%2C811\" src=\"https:\/\/i0.wp.com\/blogdalucianaoliveira.com.br\/blog\/wp-content\/uploads\/2021\/05\/68E431CC-41B0-42EA-A578-9F73AB6E9C0C.jpeg?fit=600%2C811\" alt=\"\" class=\"wp-image-31972\" srcset=\"https:\/\/i0.wp.com\/blogdalucianaoliveira.com.br\/blog\/wp-content\/uploads\/2021\/05\/68E431CC-41B0-42EA-A578-9F73AB6E9C0C.jpeg?w=828 828w, https:\/\/i0.wp.com\/blogdalucianaoliveira.com.br\/blog\/wp-content\/uploads\/2021\/05\/68E431CC-41B0-42EA-A578-9F73AB6E9C0C.jpeg?resize=222%2C300 222w, https:\/\/i0.wp.com\/blogdalucianaoliveira.com.br\/blog\/wp-content\/uploads\/2021\/05\/68E431CC-41B0-42EA-A578-9F73AB6E9C0C.jpeg?resize=758%2C1024 758w, https:\/\/i0.wp.com\/blogdalucianaoliveira.com.br\/blog\/wp-content\/uploads\/2021\/05\/68E431CC-41B0-42EA-A578-9F73AB6E9C0C.jpeg?resize=768%2C1037 768w\" sizes=\"auto, (max-width: 600px) 100vw, 600px\" \/><\/figure>\n\n\n\n<figure class=\"wp-block-image size-large\"><img loading=\"lazy\" decoding=\"async\" width=\"828\" height=\"1106\" data-attachment-id=\"31973\" data-permalink=\"http:\/\/blogdalucianaoliveira.com.br\/blog\/2021\/05\/20\/pge-opina-por-veto-do-governador-a-projeto-que-para-ambientalistas-legaliza-a-grilagem\/ce3e3d63-1e9d-4971-93aa-454b3079e881\/\" data-orig-file=\"https:\/\/i0.wp.com\/blogdalucianaoliveira.com.br\/blog\/wp-content\/uploads\/2021\/05\/CE3E3D63-1E9D-4971-93AA-454B3079E881.jpeg?fit=828%2C1106\" data-orig-size=\"828,1106\" data-comments-opened=\"0\" data-image-meta=\"{&quot;aperture&quot;:&quot;0&quot;,&quot;credit&quot;:&quot;&quot;,&quot;camera&quot;:&quot;&quot;,&quot;caption&quot;:&quot;&quot;,&quot;created_timestamp&quot;:&quot;0&quot;,&quot;copyright&quot;:&quot;&quot;,&quot;focal_length&quot;:&quot;0&quot;,&quot;iso&quot;:&quot;0&quot;,&quot;shutter_speed&quot;:&quot;0&quot;,&quot;title&quot;:&quot;&quot;,&quot;orientation&quot;:&quot;1&quot;}\" data-image-title=\"CE3E3D63-1E9D-4971-93AA-454B3079E881\" data-image-description=\"\" data-image-caption=\"\" data-medium-file=\"https:\/\/i0.wp.com\/blogdalucianaoliveira.com.br\/blog\/wp-content\/uploads\/2021\/05\/CE3E3D63-1E9D-4971-93AA-454B3079E881.jpeg?fit=225%2C300\" data-large-file=\"https:\/\/i0.wp.com\/blogdalucianaoliveira.com.br\/blog\/wp-content\/uploads\/2021\/05\/CE3E3D63-1E9D-4971-93AA-454B3079E881.jpeg?fit=600%2C801\" src=\"https:\/\/i0.wp.com\/blogdalucianaoliveira.com.br\/blog\/wp-content\/uploads\/2021\/05\/CE3E3D63-1E9D-4971-93AA-454B3079E881.jpeg?fit=600%2C801\" alt=\"\" class=\"wp-image-31973\" srcset=\"https:\/\/i0.wp.com\/blogdalucianaoliveira.com.br\/blog\/wp-content\/uploads\/2021\/05\/CE3E3D63-1E9D-4971-93AA-454B3079E881.jpeg?w=828 828w, https:\/\/i0.wp.com\/blogdalucianaoliveira.com.br\/blog\/wp-content\/uploads\/2021\/05\/CE3E3D63-1E9D-4971-93AA-454B3079E881.jpeg?resize=225%2C300 225w, https:\/\/i0.wp.com\/blogdalucianaoliveira.com.br\/blog\/wp-content\/uploads\/2021\/05\/CE3E3D63-1E9D-4971-93AA-454B3079E881.jpeg?resize=767%2C1024 767w, https:\/\/i0.wp.com\/blogdalucianaoliveira.com.br\/blog\/wp-content\/uploads\/2021\/05\/CE3E3D63-1E9D-4971-93AA-454B3079E881.jpeg?resize=768%2C1026 768w\" sizes=\"auto, (max-width: 600px) 100vw, 600px\" \/><\/figure>\n\n\n\n<p><br>Parecer completo: <a href=\"https:\/\/docdro.id\/1VqbUrx\">https:\/\/docdro.id\/1VqbUrx<\/a><\/p>\n","protected":false},"excerpt":{"rendered":"<p>O Parecer n\u00ba 35\/2021\/PGE-PAMB da Procuradoria Geral do Estado de Rond\u00f4nia \u00e9 uma resposta \u00e0 consulta feita pela Casa Civil sobre a legalidade da Lei Complementar 080 que altera os limites da Reserva Extrativista Jaci-Paran\u00e1, do Parque Estadual de Guajar\u00e1-Mirim e cria o Parque Estadual Ilha das Flores, o Parque Estadual Abaitar\u00e1, a Reserva de&#8230;<a class=\"more-link\" href=\"http:\/\/blogdalucianaoliveira.com.br\/blog\/2021\/05\/20\/pge-opina-por-veto-do-governador-a-projeto-que-para-ambientalistas-legaliza-a-grilagem\/\">Continue a leitura <span class=\"meta-nav\">&raquo;<\/span><\/a><\/p>\n","protected":false},"author":1,"featured_media":0,"comment_status":"closed","ping_status":"open","sticky":false,"template":"","format":"standard","meta":{"_exactmetrics_skip_tracking":false,"_exactmetrics_sitenote_active":false,"_exactmetrics_sitenote_note":"","_exactmetrics_sitenote_category":0,"jetpack_post_was_ever_published":false,"_jetpack_newsletter_access":"","_jetpack_dont_email_post_to_subs":false,"_jetpack_newsletter_tier_id":0,"_jetpack_memberships_contains_paywalled_content":false,"_jetpack_memberships_contains_paid_content":false,"footnotes":"","jetpack_publicize_message":"","jetpack_publicize_feature_enabled":true,"jetpack_social_post_already_shared":true,"jetpack_social_options":{"image_generator_settings":{"template":"highway","enabled":false},"version":2}},"categories":[1],"tags":[542,517,494,7,519],"class_list":["post-31966","post","type-post","status-publish","format-standard","hentry","category-notas","tag-governador","tag-grilagem","tag-pl-080","tag-rondonia","tag-veto"],"jetpack_publicize_connections":[],"jetpack_sharing_enabled":true,"jetpack_featured_media_url":"","jetpack_shortlink":"https:\/\/wp.me\/p7wKYW-8jA","jetpack-related-posts":[],"_links":{"self":[{"href":"http:\/\/blogdalucianaoliveira.com.br\/blog\/wp-json\/wp\/v2\/posts\/31966","targetHints":{"allow":["GET"]}}],"collection":[{"href":"http:\/\/blogdalucianaoliveira.com.br\/blog\/wp-json\/wp\/v2\/posts"}],"about":[{"href":"http:\/\/blogdalucianaoliveira.com.br\/blog\/wp-json\/wp\/v2\/types\/post"}],"author":[{"embeddable":true,"href":"http:\/\/blogdalucianaoliveira.com.br\/blog\/wp-json\/wp\/v2\/users\/1"}],"replies":[{"embeddable":true,"href":"http:\/\/blogdalucianaoliveira.com.br\/blog\/wp-json\/wp\/v2\/comments?post=31966"}],"version-history":[{"count":4,"href":"http:\/\/blogdalucianaoliveira.com.br\/blog\/wp-json\/wp\/v2\/posts\/31966\/revisions"}],"predecessor-version":[{"id":31980,"href":"http:\/\/blogdalucianaoliveira.com.br\/blog\/wp-json\/wp\/v2\/posts\/31966\/revisions\/31980"}],"wp:attachment":[{"href":"http:\/\/blogdalucianaoliveira.com.br\/blog\/wp-json\/wp\/v2\/media?parent=31966"}],"wp:term":[{"taxonomy":"category","embeddable":true,"href":"http:\/\/blogdalucianaoliveira.com.br\/blog\/wp-json\/wp\/v2\/categories?post=31966"},{"taxonomy":"post_tag","embeddable":true,"href":"http:\/\/blogdalucianaoliveira.com.br\/blog\/wp-json\/wp\/v2\/tags?post=31966"}],"curies":[{"name":"wp","href":"https:\/\/api.w.org\/{rel}","templated":true}]}}