{"id":31981,"date":"2021-05-20T15:41:54","date_gmt":"2021-05-20T19:41:54","guid":{"rendered":"http:\/\/blogdalucianaoliveira.com.br\/blog\/?p=31981"},"modified":"2021-05-20T15:42:00","modified_gmt":"2021-05-20T19:42:00","slug":"contrabando-e-r-14-milhoes-suspeitos-o-que-salles-precisara-explicar-a-justica","status":"publish","type":"post","link":"http:\/\/blogdalucianaoliveira.com.br\/blog\/2021\/05\/20\/contrabando-e-r-14-milhoes-suspeitos-o-que-salles-precisara-explicar-a-justica\/","title":{"rendered":"Contrabando e R$ 14 milh\u00f5es \u201csuspeitos\u201d: o que Salles precisar\u00e1 explicar \u00e0 Justi\u00e7a"},"content":{"rendered":"\n<figure class=\"wp-block-image size-large\"><img data-recalc-dims=\"1\" loading=\"lazy\" decoding=\"async\" width=\"600\" height=\"400\" data-attachment-id=\"31982\" data-permalink=\"http:\/\/blogdalucianaoliveira.com.br\/blog\/2021\/05\/20\/contrabando-e-r-14-milhoes-suspeitos-o-que-salles-precisara-explicar-a-justica\/f9b0d955-2ac5-4b40-ab6c-6c3a61f3864f\/\" data-orig-file=\"https:\/\/i0.wp.com\/blogdalucianaoliveira.com.br\/blog\/wp-content\/uploads\/2021\/05\/F9B0D955-2AC5-4B40-AB6C-6C3A61F3864F.jpeg?fit=800%2C533\" data-orig-size=\"800,533\" data-comments-opened=\"0\" data-image-meta=\"{&quot;aperture&quot;:&quot;2.8&quot;,&quot;credit&quot;:&quot;Marcelo Camargo\\\/Ag\\u00eancia Brasil&quot;,&quot;camera&quot;:&quot;Canon EOS-1D X&quot;,&quot;caption&quot;:&quot;O ministro do Meio Ambiente, Ricardo Salles, participa de audi\\u00eancia p\\u00fablica na Comiss\\u00e3o de Meio ambiente e Desenvolvimento Sustent\\u00e1vel da C\\u00e2mara dos Deputados.&quot;,&quot;created_timestamp&quot;:&quot;1570618880&quot;,&quot;copyright&quot;:&quot;Agencia Brasil&quot;,&quot;focal_length&quot;:&quot;200&quot;,&quot;iso&quot;:&quot;1600&quot;,&quot;shutter_speed&quot;:&quot;0.003125&quot;,&quot;title&quot;:&quot;&quot;,&quot;orientation&quot;:&quot;1&quot;}\" data-image-title=\"F9B0D955-2AC5-4B40-AB6C-6C3A61F3864F\" data-image-description=\"\" data-image-caption=\"&lt;p&gt;O ministro do Meio Ambiente, Ricardo Salles, participa de audi\u00eancia p\u00fablica na Comiss\u00e3o de Meio ambiente e Desenvolvimento Sustent\u00e1vel da C\u00e2mara dos Deputados.&lt;\/p&gt;\n\" data-medium-file=\"https:\/\/i0.wp.com\/blogdalucianaoliveira.com.br\/blog\/wp-content\/uploads\/2021\/05\/F9B0D955-2AC5-4B40-AB6C-6C3A61F3864F.jpeg?fit=300%2C200\" data-large-file=\"https:\/\/i0.wp.com\/blogdalucianaoliveira.com.br\/blog\/wp-content\/uploads\/2021\/05\/F9B0D955-2AC5-4B40-AB6C-6C3A61F3864F.jpeg?fit=600%2C400\" src=\"https:\/\/i0.wp.com\/blogdalucianaoliveira.com.br\/blog\/wp-content\/uploads\/2021\/05\/F9B0D955-2AC5-4B40-AB6C-6C3A61F3864F.jpeg?resize=600%2C400\" alt=\"\" class=\"wp-image-31982\" srcset=\"https:\/\/i0.wp.com\/blogdalucianaoliveira.com.br\/blog\/wp-content\/uploads\/2021\/05\/F9B0D955-2AC5-4B40-AB6C-6C3A61F3864F.jpeg?w=800 800w, https:\/\/i0.wp.com\/blogdalucianaoliveira.com.br\/blog\/wp-content\/uploads\/2021\/05\/F9B0D955-2AC5-4B40-AB6C-6C3A61F3864F.jpeg?resize=300%2C200 300w, https:\/\/i0.wp.com\/blogdalucianaoliveira.com.br\/blog\/wp-content\/uploads\/2021\/05\/F9B0D955-2AC5-4B40-AB6C-6C3A61F3864F.jpeg?resize=768%2C512 768w, https:\/\/i0.wp.com\/blogdalucianaoliveira.com.br\/blog\/wp-content\/uploads\/2021\/05\/F9B0D955-2AC5-4B40-AB6C-6C3A61F3864F.jpeg?resize=450%2C300 450w\" sizes=\"auto, (max-width: 600px) 100vw, 600px\" \/><\/figure>\n\n\n\n<h4 class=\"wp-block-heading\">Entenda as acusa\u00e7\u00f5es contra o ministro do Meio Ambiente, alvo de opera\u00e7\u00e3o da PF na \u00faltima quarta-feira (19)<\/h4>\n\n\n\n<!--more-->\n\n\n\n<p>Daniel Giovanaz &#8211; Brasil de Fato | S\u00e3o Paulo (SP) |<\/p>\n\n\n\n<p>A Pol\u00edcia Federal (PF)&nbsp;<a href=\"https:\/\/www.brasildefato.com.br\/2021\/05\/19\/ricardo-salles-e-presidente-do-ibama-sao-alvos-de-operacao-da-pf\" target=\"_blank\" rel=\"noreferrer noopener\">deflagrou<\/a>,&nbsp;na \u00faltima quarta-feira (19), a opera\u00e7\u00e3o&nbsp;Akuanduba, que investiga nove crimes que teriam sido cometidos por integrantes do&nbsp;<a href=\"https:\/\/www.mma.gov.br\/\" target=\"_blank\" rel=\"noreferrer noopener\">Minist\u00e9rio do Meio Ambiente (MMA)<\/a>&nbsp;e do&nbsp;<a href=\"https:\/\/www.gov.br\/ibama\/pt-br\" target=\"_blank\" rel=\"noreferrer noopener\">Instituto Brasileiro do Meio Ambiente e dos Recursos Naturais (Ibama)<\/a>.<\/p>\n\n\n\n<p>Entre os delitos citados, est\u00e3o crimes contra a administra\u00e7\u00e3o p\u00fablica, como&nbsp;corrup\u00e7\u00e3o, advocacia administrativa, prevarica\u00e7\u00e3o e&nbsp;facilita\u00e7\u00e3o de contrabando de madeira.<\/p>\n\n\n\n<p>Dez servidores do MMA e do Ibama foram afastados pelo&nbsp;juiz Alexandre de Moraes, do Supremo Tribunal Federal (STF), que&nbsp;<a href=\"https:\/\/www.brasildefato.com.br\/2021\/05\/19\/salles-entra-na-mira-da-pf-mas-boiada-avanca-no-congresso-e-aprofunda-desmonte\" target=\"_blank\" rel=\"noreferrer noopener\">autorizou a quebra de sigilo fiscal e banc\u00e1rio do ministro Ricardo Salles<\/a>. Ele foi alvo de mandados de busca e apreens\u00e3o em seus endere\u00e7os, em S\u00e3o Paulo e no Par\u00e1.<\/p>\n\n\n\n<p>Entre os servidores afastados, tr\u00eas s\u00e3o ex-policiais militares nomeados por Salles:\u00a0Wagner Tadeu Matiota,\u00a0superintendente de Apura\u00e7\u00e3o de Infra\u00e7\u00f5es Ambientais do Ibama; Ol\u00edmpio Ferreira Magalh\u00e3es,\u00a0diretor de Prote\u00e7\u00e3o Ambiental do Ibama; e Olivaldi Alves Azevedo Borges,\u00a0secret\u00e1rio adjunto de Biodiversidade do MMA.<\/p>\n\n\n\n<p>As acusa\u00e7\u00f5es contra Salles se dividem em dois eixos: facilita\u00e7\u00e3o de contrabando e movimenta\u00e7\u00f5es suspeitas por meio de seu escrit\u00f3rio de advocacia. Entenda&nbsp;o que o ministro&nbsp;precisar\u00e1 explicar \u00e0 Justi\u00e7a na sequ\u00eancia das investiga\u00e7\u00f5es:<\/p>\n\n\n\n<p>Contrabando<\/p>\n\n\n\n<p>Em 10 de janeiro de 2020,&nbsp;tr\u00eas cont\u00eaineres carregados de madeira&nbsp;oriunda&nbsp;do Par\u00e1 sem autoriza\u00e7\u00e3o do Ibama aportaram no estado da Ge\u00f3rgia, nos Estados Unidos. Um funcion\u00e1rio do porto estadunidense desconfiou de irregularidade e barrou a carga, que estava em nome da empresa Tradelink Madeiras.<\/p>\n\n\n\n<p>O&nbsp;<a href=\"https:\/\/www.fws.gov\/\" target=\"_blank\" rel=\"noreferrer noopener\">Servi\u00e7o de Pesca e Vida Selvagem dos Estados Unidos da Am\u00e9rica<\/a>&nbsp;(FWS, na sigla em ingl\u00eas) acionou imediatamente&nbsp;o Ibama, que confirmou que&nbsp;as cargas n\u00e3o haviam sido analisadas pelo setor competente.<\/p>\n\n\n\n<p>Quinze dias depois, a&nbsp;Superintend\u00eancia do Ibama&nbsp;no Par\u00e1&nbsp;enviou uma carta \u00e0s autoridades dos EUA apresentando uma nova vers\u00e3o e&nbsp;propondo legalizar retroativamente a carga, de modo a permitir sua entrada no pa\u00eds.<\/p>\n\n\n\n<p>Ainda em fevereiro do ano passado,&nbsp;um funcion\u00e1rio da embaixada dos EUA no Brasil se reuniu com o ent\u00e3o presidente do Ibama, Eduardo Bim, para questionar o que estava por tr\u00e1s das comunica\u00e7\u00f5es conflitantes do \u00f3rg\u00e3o.<\/p>\n\n\n\n<p>Essa sequ\u00eancia de acontecimentos chamou aten\u00e7\u00e3o da PF,&nbsp;que acompanhou as movimenta\u00e7\u00f5es por cerca de um ano antes de deflagrar a opera\u00e7\u00e3o Akuanduba.<\/p>\n\n\n\n<p>Ao solicitar busca e apreens\u00e3o contra Salles, a PF&nbsp;mencionou um&nbsp;&#8220;grave esquema de facilita\u00e7\u00e3o ao contrabando de produtos florestais&#8221;, de &#8220;car\u00e1ter transnacional&#8221;.<\/p>\n\n\n\n<p>Esse esquema seria baseado na legaliza\u00e7\u00e3o retroativa\u00a0de &#8220;milhares de carregamentos de produtos florestais exportados em disson\u00e2ncia com as normas ambientais vigentes entre os anos de 2019 e 2020.&#8221;.\u00a0Al\u00e9m disso, o Minist\u00e9rio teria criado\u00a0&#8220;s\u00e9rios obst\u00e1culos \u00e0 a\u00e7\u00e3o fiscalizat\u00f3ria do Poder P\u00fablico no trato das quest\u00f5es ambientais.&#8221;<\/p>\n\n\n\n<p>A investiga\u00e7\u00e3o cita ind\u00edcios de favorecimento a empresas por funcion\u00e1rios do MMA e do Ibama, o que caracterizaria crime de advocacia administrativa. N\u00e3o foi comprovado, at\u00e9 o momento,&nbsp;o pagamento de propina ao ministro ou a&nbsp;servidores&nbsp;\u2013&nbsp;esse \u00e9&nbsp;um dos objetivos da quebra de sigilo banc\u00e1rio.<\/p>\n\n\n\n<p>Segundo Alexandre de Moraes, os ind\u00edcios levantados&nbsp;por meio de depoimentos e documentos&nbsp;sinalizam o&nbsp;&#8220;envolvimento de autoridade com prerrogativa de foro nessa Suprema Corte, no caso, o ministro do Meio Ambiente, Ricardo de Aquino Salles.&#8221;<\/p>\n\n\n\n<p>A PF afirma ainda que um integrante da&nbsp;<a href=\"https:\/\/www.gov.br\/abin\/pt-br\" target=\"_blank\" rel=\"noreferrer noopener\">Ag\u00eancia Brasileira de Informa\u00e7\u00e3o (Abin)<\/a>,&nbsp;Andr\u00e9 Heleno Azevedo Silveira, teria sido nomeado&nbsp;coordenador de Intelig\u00eancia de Fiscaliza\u00e7\u00e3o especificamente para&nbsp;&#8220;obstaculizar eventual investiga\u00e7\u00e3o da Pol\u00edcia Federal&#8221;, em agosto de 2020.<\/p>\n\n\n\n<p>Nunca houve, por parte do Ibama ou do MMA, uma explica\u00e7\u00e3o p\u00fablica sobre o imbr\u00f3glio envolvendo a legaliza\u00e7\u00e3o retroativa de cargas de madeira que deixaram o pa\u00eds.<\/p>\n\n\n\n<p>Salles ainda \u00e9 alvo de uma&nbsp;<a href=\"https:\/\/www.brasildefato.com.br\/2021\/04\/15\/chefe-da-pf-no-amazonas-encaminha-ao-stf-e-ao-mpf-noticia-crime-contra-ricardo-salles\" target=\"_blank\" rel=\"noreferrer noopener\">not\u00edcia-crime impetrada junto ao STF por&nbsp;Alexandre Saraiva,&nbsp;ent\u00e3o superintendente da PF&nbsp;no Amazonas<\/a>. Na a\u00e7\u00e3o, sob responsabilidade da ju\u00edza C\u00e1rmen L\u00facia, o ministro \u00e9 acusado de&nbsp;proteger madeireiros e de atrapalhar as investiga\u00e7\u00f5es.<\/p>\n\n\n\n<p>Saraiva foi demitido assim que denunciou Salles.<\/p>\n\n\n\n<p>Movimenta\u00e7\u00f5es suspeitas<\/p>\n\n\n\n<p>Em sua decis\u00e3o pela quebra de sigilo, Alexandre de Moraes citou um relat\u00f3rio do Conselho de Controle de Atividades Financeiras (Coaf) que aponta&nbsp;&#8220;movimenta\u00e7\u00e3o extremamente at\u00edpica&#8221; envolvendo o escrit\u00f3rio&nbsp;Carvalho de Aquino e Salles Advogados, do qual Salles \u00e9 s\u00f3cio com 50% de participa\u00e7\u00e3o.<\/p>\n\n\n\n<p>N\u00e3o \u00e9 a primeira vez que o escrit\u00f3rio \u00e9 alvo da Justi\u00e7a. Em junho de 2020, a m\u00e3e do ministro,&nbsp;Diva Carvalho de Aquino, tamb\u00e9m teve seu sigilo banc\u00e1rio quebrado. Foi quando&nbsp;o&nbsp;<a href=\"https:\/\/g1.globo.com\/sp\/sao-paulo\/noticia\/2020\/06\/11\/justica-de-sp-quebra-sigilo-bancario-do-escritorio-de-advocacia-e-da-mae-do-ministro-ricardo-salles.ghtml\" target=\"_blank\" rel=\"noreferrer noopener\">Minist\u00e9rio P\u00fablico identificou a movimenta\u00e7\u00e3o de R$ 2,75&nbsp;milh\u00f5es da conta do escrit\u00f3rio para a conta pessoal de Salles<\/a>.<\/p>\n\n\n\n<p>Durante o&nbsp;per\u00edodo analisado, 2013 a 2017, o atual ministro&nbsp;atuou como Secret\u00e1rio Particular do ent\u00e3o governador Geraldo Alckmin (PSDB-SP) e como Secret\u00e1rio de Meio Ambiente de S\u00e3o Paulo.<\/p>\n\n\n\n<p>Segundo o Minist\u00e9rio P\u00fablico, as declara\u00e7\u00f5es de Imposto de Renda do ministro n\u00e3o condizem com &#8220;o rendimento verificado nas transa\u00e7\u00f5es banc\u00e1rias.&#8221;<\/p>\n\n\n\n<p>Moraes amplia o raio de observa\u00e7\u00e3o das transa\u00e7\u00f5es suspeitas e aponta que,&nbsp;entre 1\u00ba de janeiro e 2012 e 30 de junho de 2020, o escrit\u00f3rio do qual o ministro \u00e9 s\u00f3cio movimentou mais de R$ 14 milh\u00f5es.<\/p>\n\n\n\n<p>A movimenta\u00e7\u00e3o foi considerada&nbsp;&#8220;suspeita&#8221; e &#8220;extremamente at\u00edpica&#8221;, mas a situa\u00e7\u00e3o&nbsp;&#8220;recomenda, por cautela, a necessidade de maiores aprofundamentos&#8221;, segundo o ministro do STF.<\/p>\n\n\n\n<p>Na sequ\u00eancia das investiga\u00e7\u00f5es, Salles ser\u00e1 ouvido e precisar\u00e1 comprovar a origem desses valores, que saltaram drasticamente no per\u00edodo em que ele assumiu o Minist\u00e9rio.<\/p>\n\n\n\n<p>O ministro se pronunciou sobre a opera\u00e7\u00e3o&nbsp;Akuanduba, mas ainda n\u00e3o detalhou os pontos citados. Segundo Salles, a opera\u00e7\u00e3o foi &#8220;exagerada e desnecess\u00e1ria&#8221;. Conforme pronunciamento do ministro \u00e0 imprensa, Alexandre de Moraes teria sido &#8220;induzido ao erro&#8221; pelo inqu\u00e9rito da PF.<\/p>\n\n\n\n<p>O ministro disse que o Minist\u00e9rio do Meio Ambiente&nbsp;atua &#8220;sempre com bom senso, pelas leis e pelo devido processo legal&#8221;&nbsp;e que as a\u00e7\u00f5es citadas pela PF nunca ocorreram.<\/p>\n\n\n\n<p>N\u00e3o foi poss\u00edvel entrar em contato com os demais investigados citados na mat\u00e9ria.<\/p>\n\n\n\n<p>Edi\u00e7\u00e3o: Rebeca Cavalcante<\/p>\n","protected":false},"excerpt":{"rendered":"<p>Entenda as acusa\u00e7\u00f5es contra o ministro do Meio Ambiente, alvo de opera\u00e7\u00e3o da PF na \u00faltima quarta-feira (19)<\/p>\n","protected":false},"author":1,"featured_media":0,"comment_status":"closed","ping_status":"open","sticky":false,"template":"","format":"standard","meta":{"_exactmetrics_skip_tracking":false,"_exactmetrics_sitenote_active":false,"_exactmetrics_sitenote_note":"","_exactmetrics_sitenote_category":0,"jetpack_post_was_ever_published":false,"_jetpack_newsletter_access":"","_jetpack_dont_email_post_to_subs":false,"_jetpack_newsletter_tier_id":0,"_jetpack_memberships_contains_paywalled_content":false,"_jetpack_memberships_contains_paid_content":false,"footnotes":"","jetpack_publicize_message":"","jetpack_publicize_feature_enabled":true,"jetpack_social_post_already_shared":true,"jetpack_social_options":{"image_generator_settings":{"template":"highway","enabled":false},"version":2}},"categories":[1],"tags":[],"class_list":["post-31981","post","type-post","status-publish","format-standard","hentry","category-notas"],"jetpack_publicize_connections":[],"jetpack_sharing_enabled":true,"jetpack_featured_media_url":"","jetpack_shortlink":"https:\/\/wp.me\/p7wKYW-8jP","jetpack-related-posts":[],"_links":{"self":[{"href":"http:\/\/blogdalucianaoliveira.com.br\/blog\/wp-json\/wp\/v2\/posts\/31981","targetHints":{"allow":["GET"]}}],"collection":[{"href":"http:\/\/blogdalucianaoliveira.com.br\/blog\/wp-json\/wp\/v2\/posts"}],"about":[{"href":"http:\/\/blogdalucianaoliveira.com.br\/blog\/wp-json\/wp\/v2\/types\/post"}],"author":[{"embeddable":true,"href":"http:\/\/blogdalucianaoliveira.com.br\/blog\/wp-json\/wp\/v2\/users\/1"}],"replies":[{"embeddable":true,"href":"http:\/\/blogdalucianaoliveira.com.br\/blog\/wp-json\/wp\/v2\/comments?post=31981"}],"version-history":[{"count":1,"href":"http:\/\/blogdalucianaoliveira.com.br\/blog\/wp-json\/wp\/v2\/posts\/31981\/revisions"}],"predecessor-version":[{"id":31983,"href":"http:\/\/blogdalucianaoliveira.com.br\/blog\/wp-json\/wp\/v2\/posts\/31981\/revisions\/31983"}],"wp:attachment":[{"href":"http:\/\/blogdalucianaoliveira.com.br\/blog\/wp-json\/wp\/v2\/media?parent=31981"}],"wp:term":[{"taxonomy":"category","embeddable":true,"href":"http:\/\/blogdalucianaoliveira.com.br\/blog\/wp-json\/wp\/v2\/categories?post=31981"},{"taxonomy":"post_tag","embeddable":true,"href":"http:\/\/blogdalucianaoliveira.com.br\/blog\/wp-json\/wp\/v2\/tags?post=31981"}],"curies":[{"name":"wp","href":"https:\/\/api.w.org\/{rel}","templated":true}]}}