{"id":31996,"date":"2021-05-21T11:48:17","date_gmt":"2021-05-21T15:48:17","guid":{"rendered":"http:\/\/blogdalucianaoliveira.com.br\/blog\/?p=31996"},"modified":"2021-05-21T11:48:23","modified_gmt":"2021-05-21T15:48:23","slug":"governo-de-rondonia-sanciona-reducao-recorde-de-areas-protegidas","status":"publish","type":"post","link":"http:\/\/blogdalucianaoliveira.com.br\/blog\/2021\/05\/21\/governo-de-rondonia-sanciona-reducao-recorde-de-areas-protegidas\/","title":{"rendered":"Governo de Rond\u00f4nia sanciona redu\u00e7\u00e3o recorde de \u00e1reas protegidas"},"content":{"rendered":"\n<figure class=\"wp-block-image size-large\"><img data-recalc-dims=\"1\" loading=\"lazy\" decoding=\"async\" width=\"600\" height=\"400\" data-attachment-id=\"31997\" data-permalink=\"http:\/\/blogdalucianaoliveira.com.br\/blog\/2021\/05\/21\/governo-de-rondonia-sanciona-reducao-recorde-de-areas-protegidas\/ee00d8c6-166c-4a48-ab7b-5cd2f988b657\/\" data-orig-file=\"https:\/\/i0.wp.com\/blogdalucianaoliveira.com.br\/blog\/wp-content\/uploads\/2021\/05\/EE00D8C6-166C-4A48-AB7B-5CD2F988B657.jpeg?fit=1024%2C683\" data-orig-size=\"1024,683\" data-comments-opened=\"0\" data-image-meta=\"{&quot;aperture&quot;:&quot;0&quot;,&quot;credit&quot;:&quot;&quot;,&quot;camera&quot;:&quot;&quot;,&quot;caption&quot;:&quot;&quot;,&quot;created_timestamp&quot;:&quot;0&quot;,&quot;copyright&quot;:&quot;&quot;,&quot;focal_length&quot;:&quot;0&quot;,&quot;iso&quot;:&quot;0&quot;,&quot;shutter_speed&quot;:&quot;0&quot;,&quot;title&quot;:&quot;&quot;,&quot;orientation&quot;:&quot;0&quot;}\" data-image-title=\"EE00D8C6-166C-4A48-AB7B-5CD2F988B657\" data-image-description=\"\" data-image-caption=\"\" data-medium-file=\"https:\/\/i0.wp.com\/blogdalucianaoliveira.com.br\/blog\/wp-content\/uploads\/2021\/05\/EE00D8C6-166C-4A48-AB7B-5CD2F988B657.jpeg?fit=300%2C200\" data-large-file=\"https:\/\/i0.wp.com\/blogdalucianaoliveira.com.br\/blog\/wp-content\/uploads\/2021\/05\/EE00D8C6-166C-4A48-AB7B-5CD2F988B657.jpeg?fit=600%2C400\" src=\"https:\/\/i0.wp.com\/blogdalucianaoliveira.com.br\/blog\/wp-content\/uploads\/2021\/05\/EE00D8C6-166C-4A48-AB7B-5CD2F988B657.jpeg?resize=600%2C400\" alt=\"\" class=\"wp-image-31997\" srcset=\"https:\/\/i0.wp.com\/blogdalucianaoliveira.com.br\/blog\/wp-content\/uploads\/2021\/05\/EE00D8C6-166C-4A48-AB7B-5CD2F988B657.jpeg?w=1024 1024w, https:\/\/i0.wp.com\/blogdalucianaoliveira.com.br\/blog\/wp-content\/uploads\/2021\/05\/EE00D8C6-166C-4A48-AB7B-5CD2F988B657.jpeg?resize=300%2C200 300w, https:\/\/i0.wp.com\/blogdalucianaoliveira.com.br\/blog\/wp-content\/uploads\/2021\/05\/EE00D8C6-166C-4A48-AB7B-5CD2F988B657.jpeg?resize=768%2C512 768w, https:\/\/i0.wp.com\/blogdalucianaoliveira.com.br\/blog\/wp-content\/uploads\/2021\/05\/EE00D8C6-166C-4A48-AB7B-5CD2F988B657.jpeg?resize=450%2C300 450w\" sizes=\"auto, (max-width: 600px) 100vw, 600px\" \/><\/figure>\n\n\n\n<p>Folha de S\u00e3o Paulo &#8211; Contrariando parecer da Procuradoria Geral do Estado, o governador de Rond\u00f4nia, Coronel Marcos Rocha (PSL), ratificou nesta sexta-feira (21)\u00a0<a href=\"https:\/\/www1.folha.uol.com.br\/ambiente\/2021\/05\/prazo-para-que-governador-de-ro-decida-sobre-a-reducao-de-areas-protegidas-vence-nesta-quinta.shtml\">a redu\u00e7\u00e3o de 219 mil hectares de duas \u00e1reas de conserva\u00e7\u00e3o estaduais<\/a>, boa parte griladas e desmatadas ilegalmente para cria\u00e7\u00e3o de gado.<\/p>\n\n\n\n<!--more-->\n\n\n\n<p>Trata-se da maior redu\u00e7\u00e3o de \u00e1reas protegidas j\u00e1 aprovada por um parlamento estadual no Brasil. Somadas, as \u00e1reas desafetadas equivalem \u00e0 soma dos munic\u00edpios de S\u00e3o Paulo e de Salvador.<\/p>\n\n\n\n<p>Essa redu\u00e7\u00e3o foi feita sem nenhum estudo t\u00e9cnico ou consulta a popula\u00e7\u00f5es ind\u00edgenas e extrativistas afetadas pela medida e contraria a legisla\u00e7\u00e3o ambiental brasileira, segundo o parecer da Procuradoria ignorado por Rocha, um dos governadores mais pr\u00f3ximos do presidente Jair Bolsonaro (sem partido).<\/p>\n\n\n\n<p>Na pr\u00e1tica, a san\u00e7\u00e3o do projeto de lei complementar 80, aprovada por unanimidade pela Assembleia Legislativa, representa o fim da Reserva Extrativista (Resex) Jaci-Paran\u00e1, que perdeu 88% do seu territ\u00f3rio e agora se restringe \u00e0s matas ciliares, j\u00e1 protegidas pela legisla\u00e7\u00e3o federal.<\/p>\n\n\n\n<p>A Resex \u00e9 uma das unidades de conserva\u00e7\u00e3o mais desmatadas do pa\u00eds, com 55% de sua \u00e1rea devastada. Praticamente toda a destrui\u00e7\u00e3o de 113.375 hectares de floresta nativa ocorreu ap\u00f3s a sua cria\u00e7\u00e3o, em 1996. Hoje, tem 120 mil cabe\u00e7as de gado, segundo o governo estadual, em uma \u00e1rea onde s\u00f3 \u00e9 permitido o extrativismo.<\/p>\n\n\n\n<p>\u201cNa sistem\u00e1tica da Constitui\u00e7\u00e3o Federal, ap\u00f3s a cria\u00e7\u00e3o de uma unidade de conserva\u00e7\u00e3o, fica vedada qualquer utiliza\u00e7\u00e3o que comprometa a integridade dos atributos que justificaram sua prote\u00e7\u00e3o\u201d, afirma o parecer.<\/p>\n\n\n\n<p>No caso do Parque Estadual (PES) Guajar\u00e1-Mirim, a redu\u00e7\u00e3o de 50 mil hectares inclui uma \u00e1rea de mata nativa vizinha \u00e0 Terra Ind\u00edgena (TI) Karipuna, j\u00e1 invadida por madeireiros e grileiros.<\/p>\n\n\n\n<p>\u201cA redu\u00e7\u00e3o do parque vai fortalecer a invas\u00e3o do nosso territ\u00f3rio, \u00e9 uma preocupa\u00e7\u00e3o muito grande&#8221;, afirma o cacique Andr\u00e9 Luiz Karipuna, 28, que n\u00e3o foi consultado pelo governo. \u201cJ\u00e1 faz cinco anos que estamos lutando bastante contra os invasores. A redu\u00e7\u00e3o vai abrir mais espa\u00e7o para eles.\u201d<\/p>\n\n\n\n<p>Para compensar a perda de 219 mil hectares de \u00e1reas protegidas, Rocha aprovou a cria\u00e7\u00e3o de cinco unidades de conserva\u00e7\u00e3o estaduais. Uma delas \u00e9 a Reserva de Fauna Pau D\u2019\u00d3leo, uma fazenda experimental para cria\u00e7\u00e3o de b\u00fafalos abandonada, onde predomina pasto plantado.<\/p>\n\n\n\n<p>\u201cA quem interessa a redu\u00e7\u00e3o dessas unidades de conserva\u00e7\u00e3o? Quais s\u00e3o os destinat\u00e1rios dessas altera\u00e7\u00f5es? Essas perguntas n\u00e3o foram respondidas\u201d, questiona a promotora de Justi\u00e7a aposentada Aidee Maria Moser Torquato Luiz, que entrou com diversas a\u00e7\u00f5es judiciais contra invasores da Resex Jaci-Paran\u00e1.<\/p>\n\n\n\n<p>Entre os invasores da Resex identificados Minist\u00e9rio P\u00fablico Estadual est\u00e3o uma distribuidora de bebidas e uma mulher dona de mais de mil cabe\u00e7as de gado e residente em Curitiba.<\/p>\n\n\n\n<p>\u201cNo meu entendimento, Rond\u00f4nia j\u00e1 possui \u00e1reas de preserva\u00e7\u00e3o suficientes, e o que p recisamos \u00e9 de mais apoio \u00e0 produ\u00e7\u00e3o agropecu\u00e1ria que \u00e9 o que sustenta a nossa economia, gerando emprego e renda\u201d, escreveu o deputado estadual Alex Redano (PRB), ao comemorar a san\u00e7\u00e3o em sua conta no Facebook.<\/p>\n\n\n\n<p>Procurado, o governo de Rond\u00f4nia n\u00e3o se pronunciou sobre a redu\u00e7\u00e3o at\u00e9 a conclus\u00e3o deste texto.<\/p>\n","protected":false},"excerpt":{"rendered":"<p>Folha de S\u00e3o Paulo &#8211; Contrariando parecer da Procuradoria Geral do Estado, o governador de Rond\u00f4nia, Coronel Marcos Rocha (PSL), ratificou nesta sexta-feira (21)\u00a0a redu\u00e7\u00e3o de 219 mil hectares de duas \u00e1reas de conserva\u00e7\u00e3o estaduais, boa parte griladas e desmatadas ilegalmente para cria\u00e7\u00e3o de gado.<\/p>\n","protected":false},"author":1,"featured_media":0,"comment_status":"closed","ping_status":"open","sticky":false,"template":"","format":"standard","meta":{"_exactmetrics_skip_tracking":false,"_exactmetrics_sitenote_active":false,"_exactmetrics_sitenote_note":"","_exactmetrics_sitenote_category":0,"jetpack_post_was_ever_published":false,"_jetpack_newsletter_access":"","_jetpack_dont_email_post_to_subs":false,"_jetpack_newsletter_tier_id":0,"_jetpack_memberships_contains_paywalled_content":false,"_jetpack_memberships_contains_paid_content":false,"footnotes":"","jetpack_publicize_message":"","jetpack_publicize_feature_enabled":true,"jetpack_social_post_already_shared":true,"jetpack_social_options":{"image_generator_settings":{"template":"highway","enabled":false},"version":2}},"categories":[1],"tags":[517,386,494,512,7,498],"class_list":["post-31996","post","type-post","status-publish","format-standard","hentry","category-notas","tag-grilagem","tag-meio-ambiente","tag-pl-080","tag-resex-jaci-parana","tag-rondonia","tag-unidades-de-conservacao"],"jetpack_publicize_connections":[],"jetpack_sharing_enabled":true,"jetpack_featured_media_url":"","jetpack_shortlink":"https:\/\/wp.me\/p7wKYW-8k4","jetpack-related-posts":[],"_links":{"self":[{"href":"http:\/\/blogdalucianaoliveira.com.br\/blog\/wp-json\/wp\/v2\/posts\/31996","targetHints":{"allow":["GET"]}}],"collection":[{"href":"http:\/\/blogdalucianaoliveira.com.br\/blog\/wp-json\/wp\/v2\/posts"}],"about":[{"href":"http:\/\/blogdalucianaoliveira.com.br\/blog\/wp-json\/wp\/v2\/types\/post"}],"author":[{"embeddable":true,"href":"http:\/\/blogdalucianaoliveira.com.br\/blog\/wp-json\/wp\/v2\/users\/1"}],"replies":[{"embeddable":true,"href":"http:\/\/blogdalucianaoliveira.com.br\/blog\/wp-json\/wp\/v2\/comments?post=31996"}],"version-history":[{"count":1,"href":"http:\/\/blogdalucianaoliveira.com.br\/blog\/wp-json\/wp\/v2\/posts\/31996\/revisions"}],"predecessor-version":[{"id":31998,"href":"http:\/\/blogdalucianaoliveira.com.br\/blog\/wp-json\/wp\/v2\/posts\/31996\/revisions\/31998"}],"wp:attachment":[{"href":"http:\/\/blogdalucianaoliveira.com.br\/blog\/wp-json\/wp\/v2\/media?parent=31996"}],"wp:term":[{"taxonomy":"category","embeddable":true,"href":"http:\/\/blogdalucianaoliveira.com.br\/blog\/wp-json\/wp\/v2\/categories?post=31996"},{"taxonomy":"post_tag","embeddable":true,"href":"http:\/\/blogdalucianaoliveira.com.br\/blog\/wp-json\/wp\/v2\/tags?post=31996"}],"curies":[{"name":"wp","href":"https:\/\/api.w.org\/{rel}","templated":true}]}}