{"id":31999,"date":"2021-05-21T18:04:40","date_gmt":"2021-05-21T22:04:40","guid":{"rendered":"http:\/\/blogdalucianaoliveira.com.br\/blog\/?p=31999"},"modified":"2021-05-21T18:04:46","modified_gmt":"2021-05-21T22:04:46","slug":"folha-horas-antes-de-reduzir-areas-protegidas-governador-disse-que-seria-o-maior-retrocesso-ambiental-de-rondonia","status":"publish","type":"post","link":"http:\/\/blogdalucianaoliveira.com.br\/blog\/2021\/05\/21\/folha-horas-antes-de-reduzir-areas-protegidas-governador-disse-que-seria-o-maior-retrocesso-ambiental-de-rondonia\/","title":{"rendered":"FOLHA: Horas antes de reduzir \u00e1reas protegidas, governador disse que seria o &#8216;maior retrocesso ambiental de Rond\u00f4nia&#8217;"},"content":{"rendered":"\n<figure class=\"wp-block-image size-large\"><img data-recalc-dims=\"1\" loading=\"lazy\" decoding=\"async\" width=\"600\" height=\"400\" data-attachment-id=\"32000\" data-permalink=\"http:\/\/blogdalucianaoliveira.com.br\/blog\/2021\/05\/21\/folha-horas-antes-de-reduzir-areas-protegidas-governador-disse-que-seria-o-maior-retrocesso-ambiental-de-rondonia\/1ad4e062-7c9a-4298-99b9-74d7c00e79d7\/\" data-orig-file=\"https:\/\/i0.wp.com\/blogdalucianaoliveira.com.br\/blog\/wp-content\/uploads\/2021\/05\/1AD4E062-7C9A-4298-99B9-74D7C00E79D7.jpeg?fit=768%2C512\" data-orig-size=\"768,512\" data-comments-opened=\"0\" data-image-meta=\"{&quot;aperture&quot;:&quot;0&quot;,&quot;credit&quot;:&quot;&quot;,&quot;camera&quot;:&quot;&quot;,&quot;caption&quot;:&quot;&quot;,&quot;created_timestamp&quot;:&quot;0&quot;,&quot;copyright&quot;:&quot;&quot;,&quot;focal_length&quot;:&quot;0&quot;,&quot;iso&quot;:&quot;0&quot;,&quot;shutter_speed&quot;:&quot;0&quot;,&quot;title&quot;:&quot;&quot;,&quot;orientation&quot;:&quot;0&quot;}\" data-image-title=\"1AD4E062-7C9A-4298-99B9-74D7C00E79D7\" data-image-description=\"\" data-image-caption=\"\" data-medium-file=\"https:\/\/i0.wp.com\/blogdalucianaoliveira.com.br\/blog\/wp-content\/uploads\/2021\/05\/1AD4E062-7C9A-4298-99B9-74D7C00E79D7.jpeg?fit=300%2C200\" data-large-file=\"https:\/\/i0.wp.com\/blogdalucianaoliveira.com.br\/blog\/wp-content\/uploads\/2021\/05\/1AD4E062-7C9A-4298-99B9-74D7C00E79D7.jpeg?fit=600%2C400\" src=\"https:\/\/i0.wp.com\/blogdalucianaoliveira.com.br\/blog\/wp-content\/uploads\/2021\/05\/1AD4E062-7C9A-4298-99B9-74D7C00E79D7.jpeg?resize=600%2C400\" alt=\"\" class=\"wp-image-32000\" srcset=\"https:\/\/i0.wp.com\/blogdalucianaoliveira.com.br\/blog\/wp-content\/uploads\/2021\/05\/1AD4E062-7C9A-4298-99B9-74D7C00E79D7.jpeg?w=768 768w, https:\/\/i0.wp.com\/blogdalucianaoliveira.com.br\/blog\/wp-content\/uploads\/2021\/05\/1AD4E062-7C9A-4298-99B9-74D7C00E79D7.jpeg?resize=300%2C200 300w, https:\/\/i0.wp.com\/blogdalucianaoliveira.com.br\/blog\/wp-content\/uploads\/2021\/05\/1AD4E062-7C9A-4298-99B9-74D7C00E79D7.jpeg?resize=450%2C300 450w\" sizes=\"auto, (max-width: 600px) 100vw, 600px\" \/><\/figure>\n\n\n\n<p>\u201cO maior retrocesso ambiental da hist\u00f3ria de Rond\u00f4nia.\u201d<\/p>\n\n\n\n<p>A frase consta na mensagem n\u00ba 122 \u00e0 Assembleia Legislativa, assinada eletronicamente \u00e0s 16h16 da quinta-feira (20) pelo governador Coronel Marcos Rocha (PSL).<\/p>\n\n\n\n<!--more-->\n\n\n\n<p>No texto, ele justificava por que iria vetar o projeto de lei complementar que retira 219 mil hectares de duas unidades estaduais de conserva\u00e7\u00e3o. Cita a falta de um estudo t\u00e9cnico, o risco de aumento no desmatamento e a supress\u00e3o de direitos j\u00e1 reconhecidos de popula\u00e7\u00f5es tradicionais.<\/p>\n\n\n\n<p>A mensagem sairia no Di\u00e1rio Oficial do Estado (DOE) desta sexta, mas, horas depois, Rocha mudou radicalmente de ideia.<\/p>\n\n\n\n<p>Ao inv\u00e9s do veto \u00e0 desafeta\u00e7\u00e3o,<a href=\"https:\/\/www1.folha.uol.com.br\/ambiente\/2021\/05\/governo-de-rondonia-sanciona-reducao-recorde-de-areas-protegidas.shtml\">\u00a0a publica\u00e7\u00e3o oficial trouxe a san\u00e7\u00e3o, na \u00edntegra, do projeto de lei<\/a>\u00a0complementar 80, que na pr\u00e1tica extingue a Reserva Extrativista (Resex) Jaci-Paran\u00e1 e retira parte do Parque Estadual (PES) Guajar\u00e1-Mirim. Essa vers\u00e3o foi assinada eletronicamente \u00e0s 23h, quase sete horas ap\u00f3s a mensagem n\u00ba 122.<\/p>\n\n\n\n<p>Somadas, as \u00e1reas desafetadas, em boa parte griladas, desmatadas ilegalmente e usadas para pecu\u00e1ria extensiva, equivalem aos munic\u00edpios de S\u00e3o Paulo e Salvador juntos. Trata-se da maior redu\u00e7\u00e3o de \u00e1reas protegidas j\u00e1 aprovada por um parlamento estadual no Brasil.<\/p>\n\n\n\n<p>Apesar de exclu\u00edda do DOE, a mensagem n\u00ba 122 foi anexada ao procedimento do Minist\u00e9rio P\u00fablico Federal (MPF) em Rond\u00f4nia que verifica a regularidade da redu\u00e7\u00e3o das unidades de conserva\u00e7\u00e3o, de consulta p\u00fablica.<\/p>\n\n\n\n<p>Na mensagem \u00e0 Assembleia descartada, Rocha seguiu&nbsp;<a href=\"https:\/\/www1.folha.uol.com.br\/ambiente\/2021\/05\/prazo-para-que-governador-de-ro-decida-sobre-a-reducao-de-areas-protegidas-vence-nesta-quinta.shtml\">o parecer da Procuradoria Geral do Estado contr\u00e1rio ao PLC 80<\/a>, que apontou falta de estudos pr\u00e9vios sobre a redu\u00e7\u00e3o, a aus\u00eancia da consulta obrigat\u00f3ria a povos ind\u00edgenas e tradicionais, al\u00e9m de ser inconstitucional.<\/p>\n\n\n\n<p>\u201cAo ampliar o n\u00famero de \u00e1reas afetadas, essa Assembleia Legislativa acabou por incluir regi\u00f5es que nem sequer s\u00e3o pass\u00edveis de regulariza\u00e7\u00e3o fundi\u00e1ria [e] tampouco se encontram ocupadas, circunst\u00e2ncia que, al\u00e9m de contrariar o interesse p\u00fablico, poder\u00e1 aumentar significativamente o desmatamento no estado de Rond\u00f4nia\u201d, diz a mensagem de Rocha que acabou descartada.<\/p>\n\n\n\n<ul class=\"wp-block-list\"><li><a href=\"https:\/\/arte.folha.uol.com.br\/ambiente\/monitor-politica-ambiental\/#\/analise-redes-sociais\">Clique aqui&nbsp;<\/a>para ver o Monitor da Pol\u00edtica Ambiental<\/li><\/ul>\n\n\n\n<p>Segundo a mensagem, o PLC 80 tinha \u201cpresen\u00e7a de v\u00edcios de inconstitucionalidade e a contrariedade ao interesse p\u00fablico\u201d e foi descaracterizado por emendas parlamentares, que ampliaram a proposta original do governo estadual, que previa a desafeta\u00e7\u00e3o de 161 mil hectares, e n\u00e3o de 219 mil hectares.<\/p>\n\n\n\n<p>Outra justificativa para o veto total era de que a cria\u00e7\u00e3o de cinco unidades de conserva\u00e7\u00e3o \u2014mantida na san\u00e7\u00e3o desta sexta\u2014 \u00e9 insuficiente para compensar as \u00e1reas desafetadas.<\/p>\n\n\n\n<p>\u201cDe acordo com a Secretaria de Estado do Desenvolvimento Ambiental (Sedam), caso a proposi\u00e7\u00e3o aprovada pela Assembleia Legislativa fosse sancionada, o estado de Rond\u00f4nia ficaria com o d\u00e9ficit de aproximadamente 99 mil hectares de unidades de conserva\u00e7\u00e3o, circunst\u00e2ncia que, a toda evid\u00eancia, caracterizaria o maior retrocesso ambiental da hist\u00f3ria de Rond\u00f4nia\u201d, diz a mensagem de Rocha.<\/p>\n\n\n\n<p>\u201cPor fim, vale ressaltar que, ao aumentar, sem nenhum estudo t\u00e9cnico, a quantidade de \u00e1reas desafetadas no interior da unidade de conserva\u00e7\u00e3o, a proposi\u00e7\u00e3o aprovada pela Casa de Leis poder\u00e1 agravar ainda mais os conflitos socioambientais em Rond\u00f4nia. Isso porque, da forma aprovada, a proposta em quest\u00e3o acabar\u00e1 por suprimir, em v\u00e1rias regi\u00f5es, direitos j\u00e1 reconhecidos e desfrutados por popula\u00e7\u00f5es tradicionais que ali residem h\u00e1 muitos anos\u201d, conclui a mensagem.<\/p>\n\n\n\n<p>Desde quinta-feira (20), a reportagem da&nbsp;<strong>Folha<\/strong>&nbsp;tenta ouvir o governador sobre o caso, mas sua assessoria informou que ele est\u00e1 \u201cem deslocamento de agenda no interior do estado\u201d.<\/p>\n\n\n\n<p>Na pr\u00e1tica, a san\u00e7\u00e3o do PLC 80, aprovado por unanimidade pela Assembleia Legislativa em abril, representa o fim da Reserva Extrativista (Resex) Jaci-Paran\u00e1, que perdeu 88% do seu territ\u00f3rio e agora se restringe \u00e0s matas ciliares, \u00e1reas j\u00e1 protegidas pela legisla\u00e7\u00e3o federal.<\/p>\n\n\n\n<p>A Resex Jaci-Paran\u00e1 \u00e9 uma das unidades de conserva\u00e7\u00e3o mais desmatadas do pa\u00eds, com 55% de sua \u00e1rea devastada. Praticamente toda a destrui\u00e7\u00e3o de 113.375 hectares de floresta nativa ocorreu ap\u00f3s a sua cria\u00e7\u00e3o, em 1996. Hoje, tem 120 mil cabe\u00e7as de gado, segundo o governo estadual, em uma \u00e1rea onde s\u00f3 \u00e9 permitido o extrativismo.<\/p>\n\n\n\n<p>No PES Guajar\u00e1-Mirim, a redu\u00e7\u00e3o de 50 mil hectares inclui uma \u00e1rea de mata nativa vizinha \u00e0 Terra Ind\u00edgena (TI) Karipuna, j\u00e1 invadida por madeireiros e grileiros. Para os ind\u00edgenas, que n\u00e3o foram consultados pelo governo, a mudan\u00e7a aumentar\u00e1 a press\u00e3o sobre o seu territ\u00f3rio.<\/p>\n\n\n\n<p>No DOE, o governador Rocha n\u00e3o incluiu nenhuma justificativa para a redu\u00e7\u00e3o das duas unidades de conserva\u00e7\u00e3o.<\/p>\n","protected":false},"excerpt":{"rendered":"<p>\u201cO maior retrocesso ambiental da hist\u00f3ria de Rond\u00f4nia.\u201d A frase consta na mensagem n\u00ba 122 \u00e0 Assembleia Legislativa, assinada eletronicamente \u00e0s 16h16 da quinta-feira (20) pelo governador Coronel Marcos Rocha (PSL).<\/p>\n","protected":false},"author":1,"featured_media":0,"comment_status":"closed","ping_status":"open","sticky":false,"template":"","format":"standard","meta":{"_exactmetrics_skip_tracking":false,"_exactmetrics_sitenote_active":false,"_exactmetrics_sitenote_note":"","_exactmetrics_sitenote_category":0,"jetpack_post_was_ever_published":false,"_jetpack_newsletter_access":"","_jetpack_dont_email_post_to_subs":false,"_jetpack_newsletter_tier_id":0,"_jetpack_memberships_contains_paywalled_content":false,"_jetpack_memberships_contains_paid_content":false,"footnotes":"","jetpack_publicize_message":"","jetpack_publicize_feature_enabled":true,"jetpack_social_post_already_shared":true,"jetpack_social_options":{"image_generator_settings":{"template":"highway","enabled":false},"version":2}},"categories":[1],"tags":[517,372,494,7,498],"class_list":["post-31999","post","type-post","status-publish","format-standard","hentry","category-notas","tag-grilagem","tag-marcos-rocha","tag-pl-080","tag-rondonia","tag-unidades-de-conservacao"],"jetpack_publicize_connections":[],"jetpack_sharing_enabled":true,"jetpack_featured_media_url":"","jetpack_shortlink":"https:\/\/wp.me\/p7wKYW-8k7","jetpack-related-posts":[],"_links":{"self":[{"href":"http:\/\/blogdalucianaoliveira.com.br\/blog\/wp-json\/wp\/v2\/posts\/31999","targetHints":{"allow":["GET"]}}],"collection":[{"href":"http:\/\/blogdalucianaoliveira.com.br\/blog\/wp-json\/wp\/v2\/posts"}],"about":[{"href":"http:\/\/blogdalucianaoliveira.com.br\/blog\/wp-json\/wp\/v2\/types\/post"}],"author":[{"embeddable":true,"href":"http:\/\/blogdalucianaoliveira.com.br\/blog\/wp-json\/wp\/v2\/users\/1"}],"replies":[{"embeddable":true,"href":"http:\/\/blogdalucianaoliveira.com.br\/blog\/wp-json\/wp\/v2\/comments?post=31999"}],"version-history":[{"count":1,"href":"http:\/\/blogdalucianaoliveira.com.br\/blog\/wp-json\/wp\/v2\/posts\/31999\/revisions"}],"predecessor-version":[{"id":32001,"href":"http:\/\/blogdalucianaoliveira.com.br\/blog\/wp-json\/wp\/v2\/posts\/31999\/revisions\/32001"}],"wp:attachment":[{"href":"http:\/\/blogdalucianaoliveira.com.br\/blog\/wp-json\/wp\/v2\/media?parent=31999"}],"wp:term":[{"taxonomy":"category","embeddable":true,"href":"http:\/\/blogdalucianaoliveira.com.br\/blog\/wp-json\/wp\/v2\/categories?post=31999"},{"taxonomy":"post_tag","embeddable":true,"href":"http:\/\/blogdalucianaoliveira.com.br\/blog\/wp-json\/wp\/v2\/tags?post=31999"}],"curies":[{"name":"wp","href":"https:\/\/api.w.org\/{rel}","templated":true}]}}