{"id":32008,"date":"2021-05-24T09:59:49","date_gmt":"2021-05-24T13:59:49","guid":{"rendered":"http:\/\/blogdalucianaoliveira.com.br\/blog\/?p=32008"},"modified":"2021-05-24T09:59:55","modified_gmt":"2021-05-24T13:59:55","slug":"intelectuais-artistas-e-celebridades-lancam-pedido-de-impeachment-de-bolsonaro-voce-pode-assinar","status":"publish","type":"post","link":"http:\/\/blogdalucianaoliveira.com.br\/blog\/2021\/05\/24\/intelectuais-artistas-e-celebridades-lancam-pedido-de-impeachment-de-bolsonaro-voce-pode-assinar\/","title":{"rendered":"Intelectuais, artistas e celebridades lan\u00e7am pedido de impeachment de Bolsonaro; voc\u00ea pode assinar"},"content":{"rendered":"\n<figure class=\"wp-block-image\"><img data-recalc-dims=\"1\" decoding=\"async\" src=\"https:\/\/i0.wp.com\/publisher-publish.s3.eu-central-1.amazonaws.com\/pb-brasil247\/swp\/jtjeq9\/media\/20210524080556_3b9e93fb82b63be0cd2ab8afa1c3656f97aba18e818c3185f08695ee40c08330.jpg?w=600&#038;ssl=1\" alt=\"\"\/><\/figure>\n\n\n\n<p><strong>247-<\/strong>\u00a0O movimento pelo impeachment de Jair Bolsonaro \u00a0ganha cada vez mais ades\u00e3o de figuras p\u00fablicas. Nesta segunda-feira (24), ser\u00e1 entregue na C\u00e2mara dos Deputados um pedido de impeachment do movimento \u201cvidas brasileiras\u201d, assinado por personalidades como a apresentadora Xuxa Meneghel, o youtuber Felipe Neto, o escritor Raduan Nasser, o comentarista Walter Casagrande, o l\u00edder ind\u00edgena Ailton Krenak, o cantor e compositor Chico Cesar e o padre J\u00falio Lancellotti.\u00a0 <\/p>\n\n\n\n<!--more-->\n\n\n\n<p>Assinam tab\u00e9m o pedido a jornalista Cristina Serra, o apresentador F\u00e1bio Porchat, o psic\u00f3logo Hermes Fernandes, a m\u00e9dica Ligia Bahia, o f\u00edsico Marcelo Gleiser e o professor Vanderson Rocha.&nbsp;<\/p>\n\n\n\n<p>O movimento \u00e9 aberto a ades\u00f5es. Voc\u00ea pode assinar o manifesto\u00a0<a rel=\"noreferrer noopener\" target=\"_blank\" href=\"https:\/\/www.vidasbrasileiras.com\/\">neste link<\/a>.\u00a0<br><\/p>\n\n\n\n<p>Segundo a jornalista M\u00f4nica Bergamo informa em sua&nbsp;<a target=\"_blank\" rel=\"noreferrer noopener\" href=\"https:\/\/www1.folha.uol.com.br\/colunas\/monicabergamo\/2021\/05\/xuxa-felipe-neto-e-casagrande-assinam-pedido-de-impeachment-de-bolsonaro.shtml\">coluna&nbsp;<\/a>no jornal Folha de S.Paulo, o pedido de impeachment \u00e9 baseado na condu\u00e7\u00e3o \u201cdesastrosa\u201d do governo federal no enfrentamento \u00e0 pandemia.&nbsp;<\/p>\n\n\n\n<p>Rejei\u00e7\u00e3o aumenta\u00a0<\/p>\n\n\n\n<p>A rejei\u00e7\u00e3o a Bolsonaro tamb\u00e9m \u00e9 vista nas pesquisas. Um levantamento feito pelo Instituto Vox Populi, divulgado nesta sexta-feira (21), apontou que 72% dos brasileiros est\u00e3o insatisfeitos com o governo, um aumento de dois pontos percentuais a compara\u00e7\u00e3o com a pesquisa anterior, de abril de 2019.&nbsp;<\/p>\n\n\n\n<p>Os satisfeitos somaram 27%, queda de dois pontos percentuais. Os que n\u00e3o responderam ou n\u00e3o souberam somaram 1% (eram 2% nas estat\u00edsticas anteriores).<br><\/p>\n\n\n\n<p><br><\/p>\n","protected":false},"excerpt":{"rendered":"<p>247-\u00a0O movimento pelo impeachment de Jair Bolsonaro \u00a0ganha cada vez mais ades\u00e3o de figuras p\u00fablicas. Nesta segunda-feira (24), ser\u00e1 entregue na C\u00e2mara dos Deputados um pedido de impeachment do movimento \u201cvidas brasileiras\u201d, assinado por personalidades como a apresentadora Xuxa Meneghel, o youtuber Felipe Neto, o escritor Raduan Nasser, o comentarista Walter Casagrande, o l\u00edder ind\u00edgena&#8230;<a class=\"more-link\" href=\"http:\/\/blogdalucianaoliveira.com.br\/blog\/2021\/05\/24\/intelectuais-artistas-e-celebridades-lancam-pedido-de-impeachment-de-bolsonaro-voce-pode-assinar\/\">Continue a leitura <span class=\"meta-nav\">&raquo;<\/span><\/a><\/p>\n","protected":false},"author":1,"featured_media":0,"comment_status":"closed","ping_status":"open","sticky":false,"template":"","format":"standard","meta":{"_exactmetrics_skip_tracking":false,"_exactmetrics_sitenote_active":false,"_exactmetrics_sitenote_note":"","_exactmetrics_sitenote_category":0,"jetpack_post_was_ever_published":false,"_jetpack_newsletter_access":"","_jetpack_dont_email_post_to_subs":false,"_jetpack_newsletter_tier_id":0,"_jetpack_memberships_contains_paywalled_content":false,"_jetpack_memberships_contains_paid_content":false,"footnotes":"","jetpack_publicize_message":"","jetpack_publicize_feature_enabled":true,"jetpack_social_post_already_shared":true,"jetpack_social_options":{"image_generator_settings":{"template":"highway","enabled":false},"version":2}},"categories":[1],"tags":[426,547,546,114],"class_list":["post-32008","post","type-post","status-publish","format-standard","hentry","category-notas","tag-artistas","tag-atos","tag-fora-bolsonaro","tag-manifesto"],"jetpack_publicize_connections":[],"jetpack_sharing_enabled":true,"jetpack_featured_media_url":"","jetpack_shortlink":"https:\/\/wp.me\/p7wKYW-8kg","jetpack-related-posts":[],"_links":{"self":[{"href":"http:\/\/blogdalucianaoliveira.com.br\/blog\/wp-json\/wp\/v2\/posts\/32008","targetHints":{"allow":["GET"]}}],"collection":[{"href":"http:\/\/blogdalucianaoliveira.com.br\/blog\/wp-json\/wp\/v2\/posts"}],"about":[{"href":"http:\/\/blogdalucianaoliveira.com.br\/blog\/wp-json\/wp\/v2\/types\/post"}],"author":[{"embeddable":true,"href":"http:\/\/blogdalucianaoliveira.com.br\/blog\/wp-json\/wp\/v2\/users\/1"}],"replies":[{"embeddable":true,"href":"http:\/\/blogdalucianaoliveira.com.br\/blog\/wp-json\/wp\/v2\/comments?post=32008"}],"version-history":[{"count":1,"href":"http:\/\/blogdalucianaoliveira.com.br\/blog\/wp-json\/wp\/v2\/posts\/32008\/revisions"}],"predecessor-version":[{"id":32009,"href":"http:\/\/blogdalucianaoliveira.com.br\/blog\/wp-json\/wp\/v2\/posts\/32008\/revisions\/32009"}],"wp:attachment":[{"href":"http:\/\/blogdalucianaoliveira.com.br\/blog\/wp-json\/wp\/v2\/media?parent=32008"}],"wp:term":[{"taxonomy":"category","embeddable":true,"href":"http:\/\/blogdalucianaoliveira.com.br\/blog\/wp-json\/wp\/v2\/categories?post=32008"},{"taxonomy":"post_tag","embeddable":true,"href":"http:\/\/blogdalucianaoliveira.com.br\/blog\/wp-json\/wp\/v2\/tags?post=32008"}],"curies":[{"name":"wp","href":"https:\/\/api.w.org\/{rel}","templated":true}]}}