{"id":32010,"date":"2021-05-24T11:19:45","date_gmt":"2021-05-24T15:19:45","guid":{"rendered":"http:\/\/blogdalucianaoliveira.com.br\/blog\/?p=32010"},"modified":"2021-05-24T11:19:50","modified_gmt":"2021-05-24T15:19:50","slug":"renan-calheiros-no-processo-politico-de-2022-nao-teremos-dois-extremos-mas-um-so","status":"publish","type":"post","link":"http:\/\/blogdalucianaoliveira.com.br\/blog\/2021\/05\/24\/renan-calheiros-no-processo-politico-de-2022-nao-teremos-dois-extremos-mas-um-so\/","title":{"rendered":"Renan Calheiros: \u201cNo processo pol\u00edtico de 2022, n\u00e3o teremos dois extremos, mas um s\u00f3\u201d"},"content":{"rendered":"\n<figure class=\"wp-block-image\"><img data-recalc-dims=\"1\" decoding=\"async\" src=\"https:\/\/i0.wp.com\/imagens.brasil.elpais.com\/resizer\/LxhIaR_8Z0vIwlfa-yqYNIMTVXc%3D\/414x0\/filters%3Afocal%281703x974%3A1713x984%29\/cloudfront-eu-central-1.images.arcpublishing.com\/prisa\/65H3B6YDPFKDIYGVDQY4UDAS4U.jpg?w=600&#038;ssl=1\" alt=\"O senador Renan Calheiros no dia 19, em Bras\u00edlia.\"\/><\/figure>\n\n\n\n<p>Relator da CPI da Pandemia diz que viu como natural conversa entre Lula e FHC (\u201cnunca foram inimigos\u201d) e que n\u00e3o acredita em impeachment de Bolsonaro, ainda que a comiss\u00e3o aponte para isso.<\/p>\n\n\n\n<!--more-->\n\n\n\n<p>El Pa\u00eds, <a href=\"https:\/\/brasil.elpais.com\/autor\/afonso-benites\/\">AFONSO BENITES<\/a><br><\/p>\n\n\n\n<p>Desde mar\u00e7o de 2020, o\u00a0<a href=\"https:\/\/brasil.elpais.com\/noticias\/jair-messias-bolsonaro\/\">presidente Jair Bolsonaro<\/a>\u00a0(sem partido) desdenhou da gravidade da pandemia de coronav\u00edrus. Minimizou os efeitos da doen\u00e7a, n\u00e3o difundiu a import\u00e2ncias das medidas de distanciamento social, incentivou a compra de rem\u00e9dios comprovadamente ineficazes no tratamento do v\u00edrus e demorou a adquirir vacinas. Diante da\u00a0<a href=\"https:\/\/brasil.elpais.com\/noticias\/cpi-comissao-parlamenta-inquerito-pandemia\/?rel=arch\">Comiss\u00e3o Parlamentar de Inqu\u00e9rito (CPI) da Pandemia<\/a>, que tenta fazer uma devassa em seu Governo e definir respons\u00e1veis pela dissemina\u00e7\u00e3o da\u00a0<a href=\"https:\/\/brasil.elpais.com\/noticias\/covid-19\/\">covid-19<\/a>, que j\u00e1 vitimou mais de 448.000 pessoas no pa\u00eds, o presidente orientou seus aliados que s\u00e3o interrogados no colegiado a negarem os fatos. Os tr\u00eas \u00faltimos depoentes que ocuparam cargos na gest\u00e3o de Bolsonaro mentiram, distorceram vers\u00f5es e se contradisseram em seus depoimentos. \u00c9 o que o relator da comiss\u00e3o, o senador\u00a0<a href=\"https:\/\/brasil.elpais.com\/brasil\/2021-04-28\/renan-calheiros-o-insolito-novo-lider-da-oposicao-a-bolsonaro.html\">Renan Calheiros<\/a>\u00a0(MDB-AL), batizou de a \u201cnegativa do negacionismo\u201d. \u201cEssa gente n\u00e3o rejeita, n\u00e3o \u2018negaciona\u2019 apenas o enfrentamento da pandemia, mas a democracia, a diplomacia\u201d, disse o parlamentar em entrevista ao EL PA\u00cdS.<\/p>\n\n\n\n<figure><iframe width=\"1\" height=\"1\"><\/iframe><\/figure>\n\n\n\n<p>Depois de tr\u00eas semanas de trabalhos, o senador emedebista diz que alguns dos depoentes, como o ex-ministro e&nbsp;<a href=\"https:\/\/brasil.elpais.com\/brasil\/2021-05-20\/pazuello-pode-responder-a-tres-processos-criminais-e-um-civel-por-depoimento-na-cpi.html\">general da ativa Eduardo Pazuello<\/a>, podem ser reconvocados para acarea\u00e7\u00f5es. Tamb\u00e9m afirma que, assim como este militar e o ex-secret\u00e1rio F\u00e1bio Wajngarten, os pr\u00f3ximos que mentirem ter\u00e3o seus depoimentos encaminhados para o Minist\u00e9rio P\u00fablico Federal, para que sejam processados rapidamente. Prometeu que a Ag\u00eancia Senado passar\u00e1 a fazer uma checagem de fatos online dos depoimentos. E n\u00e3o descartou a convoca\u00e7\u00e3o do vereador Carlos Bolsonaro, que, segundo Calheiros, seria um dos membros de uma esp\u00e9cie de conselho paralelo de seu pai, o presidente Bolsonaro. A entrevista que segue foi concedida por videoconfer\u00eancia, na \u00faltima sexta-feira, logo ap\u00f3s Calheiros desembarcar em Macei\u00f3.<\/p>\n\n\n\n<p><strong>P.&nbsp;<\/strong>Ap\u00f3s essas tr\u00eas primeiras semanas de depoimento, quais as suas impress\u00f5es iniciais da CPI?<\/p>\n\n\n\n<p><strong>R.<\/strong>&nbsp;Essa Comiss\u00e3o Parlamentar de Inqu\u00e9rito \u00e9 uma comiss\u00e3o in\u00e9dita. Nenhuma CPI come\u00e7ou, efetivamente, com um rumo t\u00e3o definido e com um apoio t\u00e3o expressivo da sociedade. Estamos ouvindo as pessoas de acordo com prioridades l\u00f3gicas e n\u00e3o completamos nem um m\u00eas de trabalho, e o resultado \u00e9 surpreendente no rumo de que n\u00f3s atingiremos nosso objetivo, que \u00e9 esclarecer o enfrentamento da pandemia, se houve responsabilidade de algu\u00e9m, quantas mortes poderiam ter sido evitadas.<\/p>\n\n\n\n<p><strong>P.&nbsp;<\/strong>J\u00e1 conseguiria precisar quantas mortes poderiam ser evitadas?<\/p>\n\n\n\n<p><strong>R.&nbsp;<\/strong>S\u00f3 na quest\u00e3o da farmac\u00eautica Pfizer, n\u00f3s tivemos um depoimento esclarecedor do presidente da empresa para a Am\u00e9rica Latina [<a href=\"https:\/\/brasil.elpais.com\/brasil\/2021-05-13\/diretor-da-pfizer-escancara-atraso-letal-do-governo-bolsonaro-na-compra-de-vacinas.html\">Carlos Murillo<\/a>]. Ele comprovou com as mensagens, com a linha do tempo, com os documentos, que a Pfizer tinha, sim, feito l\u00e1 atr\u00e1s uma proposta de 70 milh\u00f5es de doses. Se o Brasil tivesse aceito essa proposta, n\u00f3s ter\u00edamos come\u00e7ado a vacina\u00e7\u00e3o ainda no ano que passou. O mesmo aconteceu com a Coronavac e com outras.<\/p>\n\n\n\n<p><strong>P.&nbsp;<\/strong>Por que ocorreu tudo isso?<\/p>\n\n\n\n<p><strong>R.&nbsp;<\/strong>Porque o presidente Jair Bolsonaro sempre defendeu a imuniza\u00e7\u00e3o de rebanho e sempre foi contra a efic\u00e1cia da vacina. Ele defendia o contr\u00e1rio, entendia que n\u00e3o precisava fazer&nbsp;<a href=\"https:\/\/brasil.elpais.com\/noticias\/aislamiento-social\/\">isolamento social, nem&nbsp;<em>lockdown<\/em><\/a>, porque era preciso deixar o v\u00edrus proliferar naturalmente. N\u00e3o h\u00e1 nenhum chefe de Estado ou de Governo que tenha adotado essa t\u00e1tica e insistido nela.<\/p>\n\n\n\n<p><strong>P.&nbsp;<\/strong>Na sua \u00faltima transmiss\u00e3o ao vivo nas redes sociais, o presidente Bolsonaro admitiu que estava com suspeita de covid-19 e seguiu promovendo aglomera\u00e7\u00f5es. N\u00e3o h\u00e1 crime nesse comportamento?<\/p>\n\n\n\n<p><strong>R.&nbsp;<\/strong>Estamos investigando, fundamentalmente, dois crimes: crime sanit\u00e1rio e contra a vida. Mas para a comprova\u00e7\u00e3o ou n\u00e3o nessa dire\u00e7\u00e3o \u00e9 fundamental que n\u00f3s tenhamos acesso \u00e0s provas, depoimentos, fa\u00e7amos o contradit\u00f3rio.<\/p>\n\n\n\n<p><strong>P.&nbsp;<\/strong>Do que se apurou at\u00e9 o momento, muitos jogaram a responsabilidade pela condu\u00e7\u00e3o da pandemia no ex-ministro Eduardo Pazuello. Ele pr\u00f3prio blindou o presidente. O senhor consegue ver a digital do Bolsonaro em alguns dos fatos que vieram \u00e0 tona at\u00e9 agora?<\/p>\n\n\n\n<p><strong>R.&nbsp;<\/strong>Tivemos depoimentos surpreendentes no in\u00edcio. Os tr\u00eas \u00faltimos depoimentos de representantes foram consequ\u00eancia de uma nova t\u00e1tica. A partir do depoimento do [ex-secret\u00e1rio de Comunica\u00e7\u00e3o]&nbsp;<a href=\"https:\/\/brasil.elpais.com\/noticias\/fabio-wajngarten\/\">F\u00e1bio Wajngarten, a de negar os fatos<\/a>. O F\u00e1bio negou a entrevista que havia dado \u00e0 revista&nbsp;<em>Veja<\/em>. O ex-ministro Pazuello negou tudo o que havia feito, o que havia decidido, que havia conversado at\u00e9 coisas p\u00fablicas com o presidente da Rep\u00fablica. O Governo est\u00e1 numa tentativa de negar o negacionismo. O depoimento do Pazuello tamb\u00e9m foi marcado por mentiras, imprecis\u00f5es, contradi\u00e7\u00f5es.<\/p>\n\n\n\n<p><strong>P.&nbsp;<\/strong>Essas mentiras e contradi\u00e7\u00f5es v\u00e3o resultar em acarea\u00e7\u00f5es?<\/p>\n\n\n\n<p><strong>R.&nbsp;<\/strong>Sim. Para se ter uma ideia do tamanho do cinismo do Pazuello, ter\u00edamos de acare\u00e1-lo com mais outros 20 personagens da investiga\u00e7\u00e3o. Mas essa n\u00e3o \u00e9 uma vertente que possa ser utilizada agora.<\/p>\n\n\n\n<p><strong>P.&nbsp;<\/strong>N\u00e3o sendo poss\u00edvel fazer 20 acarea\u00e7\u00f5es, quais o senhor destacaria para serem feitas?<\/p>\n\n\n\n<p><strong>R.&nbsp;<\/strong>A primeira e mais \u00f3bvia seria a acarea\u00e7\u00e3o com o presidente da Pfizer. Mas teriam outras. Quando o presidente Bolsonaro mandou que o Pazuello desfizesse o acordo que ele havia anunciado com o&nbsp;<a href=\"https:\/\/brasil.elpais.com\/brasil\/2021-05-14\/butantan-paralisa-producao-da-coronavac-por-falta-de-materia-prima-vinda-da-china.html\">Instituto Butantan<\/a>, e depois repetiu que quem mandaria era ele, porque ele era o presidente e n\u00e3o confiava na efic\u00e1cia da vacina, o Pazuello negou o fato, a decis\u00e3o, a determina\u00e7\u00e3o. Negou tamb\u00e9m qual caminho utilizou para que essa negocia\u00e7\u00e3o, que estava sendo anunciada como conclu\u00edda por ele, fosse desfeita naquela oportunidade.<\/p>\n\n\n\n<p><strong>P.&nbsp;<\/strong>O senhor se refere ao trecho em que o Pazuello praticamente nega o v\u00eddeo que ficou conhecido como \u201cum manda o outro obedece\u201d. \u00c9 isso?<\/p>\n\n\n\n<p><strong>R.&nbsp;<\/strong>Tamb\u00e9m. Foi uma atitude c\u00ednica. \u00c9 aquilo que chamamos de negativa do negacionismo. Essa gente n\u00e3o rejeita, n\u00e3o \u201cnegaciona\u201d apenas o enfrentamento da pandemia, mas a democracia, a diplomacia internacional. Agora, nesta fase da pandemia, eles implantaram uma nova cepa, que \u00e9 a de negar tudo o que fizeram. \u00c9 um esc\u00e1rnio. \u00c9 uma nova bofetada na cara da sociedade e nos familiares das mais de 440.000 v\u00edtimas da covid-19. Somos o cemit\u00e9rio do mundo e estamos com dificuldade no processo de vacina\u00e7\u00e3o. E a cada dia o Governo repete os seus erros diplom\u00e1ticos,&nbsp;<a href=\"https:\/\/brasil.elpais.com\/brasil\/2021-05-06\/butantan-afirma-que-ataques-de-governo-bolsonaro-a-china-ja-atrapalham-vacinacao.html\">ofende a China<\/a>&nbsp;e segue nesses descaminhos.<\/p>\n\n\n\n<p><strong>P.&nbsp;<\/strong>O senhor tem sido um entusiasta das redes sociais. Por um bom tempo, foi alvo de v\u00e1rias cr\u00edticas, mas hoje tem at\u00e9 funk em sua homenagem. Como v\u00ea esse movimento em que o senhor deixar de ser vidra\u00e7a contra a classe pol\u00edtica e virou a pedra da oposi\u00e7\u00e3o ao Governo? O que mudou?<\/p>\n\n\n\n<p><strong>R.&nbsp;<\/strong>O que aconteceu no Brasil foi um processo de criminaliza\u00e7\u00e3o da pol\u00edtica. Ocupei o cargo de presidente do Congresso Nacional por quatro vezes. Havia um projeto pol\u00edtico do Minist\u00e9rio P\u00fablico Federal e do&nbsp;<a href=\"https:\/\/brasil.elpais.com\/noticias\/sergio-fernando-moro\/\">ex-juiz Sergio Moro<\/a>&nbsp;para substituir a pol\u00edtica. Eu fui um dos mas agredidos por eles. Eu era uma esp\u00e9cie de presidente do \u201cSindicato da Pol\u00edtica\u201d, por ser o presidente do Senado Federal. Eles quiseram em todos os momentos me colocar como multi-investigado.<\/p>\n\n\n\n<p><strong>P.&nbsp;<\/strong>O que acabou sendo, n\u00e3o?<\/p>\n\n\n\n<p><strong>R.&nbsp;<\/strong>Essas investiga\u00e7\u00f5es me deram a oportunidade para que eu fizesse a prova negativa e pudesse me defender de todas essas acusa\u00e7\u00f5es. At\u00e9 agora, o Supremo Tribunal Federal j\u00e1 arquivou todas que apreciou por falta de provas. Eu entendendo que as demais que faltam apreciar [s\u00e3o dez], ser\u00e3o arquivadas pelo mesmo motivo. Mas eu fiz o enfrentamento. Do ponto de vista do Congresso Nacional n\u00f3s aprovamos a lei de abuso de autoridade, a lei que cria o juiz de garantias, porque o Brasil \u00e9 o \u00fanico pa\u00eds no mundo em que um juiz que investiga e processa \u00e9 o mesmo que julga \u2015e depois do Sergio Moro isso n\u00e3o pode continuar a acontecer. N\u00f3s condenamos o&nbsp;<a href=\"https:\/\/brasil.elpais.com\/brasil\/2020-09-01\/simbolo-da-lava-jato-deltan-dallagnol-deixa-a-forca-tarefa-em-meio-a-duvidas-sobre-o-futuro-da-operacao.html\">procurador Deltan Dallagnol<\/a>, que era o chefe da Lava Jato, no Conselho Nacional do Minist\u00e9rio P\u00fablico, porque ele utilizou o Minist\u00e9rio P\u00fablico de maneira comprovada contra mim, n\u00f3s impedimos a inscri\u00e7\u00e3o na Ordem dos Advogados do Brasil do ex-procurador-geral da Rep\u00fablica Rodrigo Janot e n\u00f3s resistimos o quanto pudemos para desmontar esse estado policial que tomou conta do Brasil.<\/p>\n\n\n\n<p><strong>P.&nbsp;<\/strong>Qual foi o resultado desse Estado policial ao qual se refere?<\/p>\n\n\n\n<p><strong>R.&nbsp;<\/strong>Ele proporcionou o absurdo de, em substitui\u00e7\u00e3o \u00e0 pol\u00edtica, eleger para a presid\u00eancia da Rep\u00fablica o que h\u00e1 de pior na pol\u00edtica, o Jair Bolsonaro. Aquele processo foi uma fraude eleitoral, porque prenderam ilegalmente o ex-presidente Lula, mas, sobretudo, uma fraude \u00e0 hist\u00f3ria do Brasil.<\/p>\n\n\n\n<p><strong>P.&nbsp;<\/strong>O senador Randolfe Rodrigues (REDE-AP) pediu que a PF investigasse amea\u00e7as que ele, o senhor e outros parlamentares t\u00eam sofrido. Como lida com esse extremismo? Refor\u00e7ou sua seguran\u00e7a pessoal? J\u00e1 foi alvo de outro tipo de agress\u00e3o?<\/p>\n\n\n\n<p><strong>R.&nbsp;<\/strong>Definitivamente, n\u00e3o. Eu n\u00e3o ando com seguran\u00e7a. N\u00e3o uso, n\u00e3o gosto. Viajo semanalmente nos avi\u00f5es de carreira. N\u00e3o tenho muita preocupa\u00e7\u00e3o com isso, apesar das amea\u00e7as, das intimida\u00e7\u00f5es, das agress\u00f5es sobretudo pelas redes sociais. Mas, at\u00e9 com rela\u00e7\u00e3o a isso, temos uma Comiss\u00e3o Parlamentar de Inqu\u00e9rito completamente diferente, com apoio absolutamente das redes sociais.<\/p>\n\n\n\n<p><strong>P.<\/strong>&nbsp;Como \u00e9 esse apoio?<\/p>\n\n\n\n<p><strong>R.&nbsp;<\/strong>Antes do depoimento do Pazuello, eu pedi ajuda do internauta para elaborar perguntas. Em duas horas, recebemos 6.000 perguntas. Ao final do processo, chegamos a 28.000. \u00c9 um exemplo da participa\u00e7\u00e3o popular. Significa o pioneirismo na hist\u00f3ria das CPIs. Estamos ali, interrogando as pessoas e voc\u00ea fica ali, paralelamente consultando tamb\u00e9m o que a sociedade gostaria de perguntar. \u00c9 t\u00e3o nova que, depois do depoimento do Pazuello, ela pode, em tempo real, desfazer as mentiras que est\u00e3o sendo ditas e reiteradas na comiss\u00e3o.<\/p>\n\n\n\n<p><strong>P.&nbsp;<\/strong>Essa contrata\u00e7\u00e3o j\u00e1 foi feita?<\/p>\n\n\n\n<p><strong>R.<\/strong>&nbsp;N\u00e3o. N\u00f3s \u00edamos contratar uma empresa privada, mas por sugest\u00e3o da dire\u00e7\u00e3o do Senado, n\u00f3s vamos mont\u00e1-la na Ag\u00eancia Senado. Os jornalistas dessa ag\u00eancia v\u00e3o fazer a checagem online. As mentiras s\u00e3o tantas e tendem a aumentar na medida em que, preferencialmente, eles seguir\u00e3o negando o que aconteceu.<\/p>\n\n\n\n<p><strong>P.&nbsp;<\/strong>Os membros da base do Governo costumam dizer que o senhor teria interesse em blindar governadores, entre eles o seu filho, o governador de Alagoas. O que ser\u00e1 apurado dos Estados efetivamente?<\/p>\n\n\n\n<p><strong>R.&nbsp;<\/strong>N\u00e3o tem blindagem. O Governo tem algumas narrativas. Uma delas \u00e9 essa que veio \u00e0 tona quando o presidente, em uma conversa com o senador Jorge Kajuru (Podemos-GO), recomendava que era necess\u00e1rio investigar os governadores para \u201cfazer do lim\u00e3o uma limonada\u201d e o presidente deixasse de ser o foco de investiga\u00e7\u00e3o. A CPI tem foco determinado. \u00c9 uma investiga\u00e7\u00e3o pol\u00edtica, claro. Mas ela ocorre toda vez que algo importante n\u00e3o est\u00e1 sendo investigado pelos canais convencionais, como Minist\u00e9rio P\u00fablico, Pol\u00edcia Federal. A\u00ed, voc\u00ea escolhe um fato determinado, seleciona 27 assinaturas e faz uma investiga\u00e7\u00e3o parlamentar. N\u00e3o tem objetivo paralelo nenhum, n\u00e3o queremos desgastar o presidente nem a sua fam\u00edlia, n\u00e3o queremos deixar de investigar governadores e n\u00e3o queremos, muito menos, antecipar o processo pol\u00edtico de 2022. Pelo contr\u00e1rio. Foram eles, os governistas, que obstru\u00edram a instala\u00e7\u00e3o da CPI, depois judicializaram a minha indica\u00e7\u00e3o para relatoria. No fundo, eles colaboram para que a conclus\u00e3o de nossos trabalhos se aproxime do pr\u00f3ximo ano, das elei\u00e7\u00f5es, mas numa estrat\u00e9gia absurda e burra.<\/p>\n\n\n\n<p><strong>P.&nbsp;<\/strong>Acredita que o prazo de 90 dias para o fim da CPI ser\u00e1 cumprido ou j\u00e1 h\u00e1 a inten\u00e7\u00e3o de prorrogar os trabalhos?<\/p>\n\n\n\n<p><strong>R.&nbsp;<\/strong>No que depender de mim, vamos esgotar a investiga\u00e7\u00e3o em 90 dias. Tenho me esfor\u00e7ado, trabalhado com foco para concluir no prazo. Mas CPI voc\u00ea sabe como ela come\u00e7a, mas n\u00e3o sabe como ela termina. A investiga\u00e7\u00e3o vai definindo os limites da pr\u00f3pria investiga\u00e7\u00e3o.<br><\/p>\n","protected":false},"excerpt":{"rendered":"<p>Relator da CPI da Pandemia diz que viu como natural conversa entre Lula e FHC (\u201cnunca foram inimigos\u201d) e que n\u00e3o acredita em impeachment de Bolsonaro, ainda que a comiss\u00e3o aponte para isso.<\/p>\n","protected":false},"author":1,"featured_media":0,"comment_status":"closed","ping_status":"open","sticky":false,"template":"","format":"standard","meta":{"_exactmetrics_skip_tracking":false,"_exactmetrics_sitenote_active":false,"_exactmetrics_sitenote_note":"","_exactmetrics_sitenote_category":0,"jetpack_post_was_ever_published":false,"_jetpack_newsletter_access":"","_jetpack_dont_email_post_to_subs":false,"_jetpack_newsletter_tier_id":0,"_jetpack_memberships_contains_paywalled_content":false,"_jetpack_memberships_contains_paid_content":false,"footnotes":"","jetpack_publicize_message":"","jetpack_publicize_feature_enabled":true,"jetpack_social_post_already_shared":true,"jetpack_social_options":{"image_generator_settings":{"template":"highway","enabled":false},"version":2}},"categories":[1],"tags":[],"class_list":["post-32010","post","type-post","status-publish","format-standard","hentry","category-notas"],"jetpack_publicize_connections":[],"jetpack_sharing_enabled":true,"jetpack_featured_media_url":"","jetpack_shortlink":"https:\/\/wp.me\/p7wKYW-8ki","jetpack-related-posts":[],"_links":{"self":[{"href":"http:\/\/blogdalucianaoliveira.com.br\/blog\/wp-json\/wp\/v2\/posts\/32010","targetHints":{"allow":["GET"]}}],"collection":[{"href":"http:\/\/blogdalucianaoliveira.com.br\/blog\/wp-json\/wp\/v2\/posts"}],"about":[{"href":"http:\/\/blogdalucianaoliveira.com.br\/blog\/wp-json\/wp\/v2\/types\/post"}],"author":[{"embeddable":true,"href":"http:\/\/blogdalucianaoliveira.com.br\/blog\/wp-json\/wp\/v2\/users\/1"}],"replies":[{"embeddable":true,"href":"http:\/\/blogdalucianaoliveira.com.br\/blog\/wp-json\/wp\/v2\/comments?post=32010"}],"version-history":[{"count":1,"href":"http:\/\/blogdalucianaoliveira.com.br\/blog\/wp-json\/wp\/v2\/posts\/32010\/revisions"}],"predecessor-version":[{"id":32011,"href":"http:\/\/blogdalucianaoliveira.com.br\/blog\/wp-json\/wp\/v2\/posts\/32010\/revisions\/32011"}],"wp:attachment":[{"href":"http:\/\/blogdalucianaoliveira.com.br\/blog\/wp-json\/wp\/v2\/media?parent=32010"}],"wp:term":[{"taxonomy":"category","embeddable":true,"href":"http:\/\/blogdalucianaoliveira.com.br\/blog\/wp-json\/wp\/v2\/categories?post=32010"},{"taxonomy":"post_tag","embeddable":true,"href":"http:\/\/blogdalucianaoliveira.com.br\/blog\/wp-json\/wp\/v2\/tags?post=32010"}],"curies":[{"name":"wp","href":"https:\/\/api.w.org\/{rel}","templated":true}]}}