{"id":32013,"date":"2021-05-24T15:00:01","date_gmt":"2021-05-24T19:00:01","guid":{"rendered":"http:\/\/blogdalucianaoliveira.com.br\/blog\/?p=32013"},"modified":"2021-05-24T15:00:10","modified_gmt":"2021-05-24T19:00:10","slug":"invasores-terao-ate-98-de-desconto-para-regularizar-terras-em-unidades-de-conservacao-de-ro","status":"publish","type":"post","link":"http:\/\/blogdalucianaoliveira.com.br\/blog\/2021\/05\/24\/invasores-terao-ate-98-de-desconto-para-regularizar-terras-em-unidades-de-conservacao-de-ro\/","title":{"rendered":"Invasores ter\u00e3o at\u00e9 98% de desconto para regularizar terras em unidades de conserva\u00e7\u00e3o de RO"},"content":{"rendered":"\n<figure class=\"wp-block-image size-large\"><img loading=\"lazy\" decoding=\"async\" width=\"2400\" height=\"1600\" data-attachment-id=\"32014\" data-permalink=\"http:\/\/blogdalucianaoliveira.com.br\/blog\/2021\/05\/24\/invasores-terao-ate-98-de-desconto-para-regularizar-terras-em-unidades-de-conservacao-de-ro\/0f88f614-f6f7-4fb5-b49c-2bb959259018\/\" data-orig-file=\"https:\/\/i0.wp.com\/blogdalucianaoliveira.com.br\/blog\/wp-content\/uploads\/2021\/05\/0F88F614-F6F7-4FB5-B49C-2BB959259018.jpeg?fit=2400%2C1600\" data-orig-size=\"2400,1600\" data-comments-opened=\"0\" data-image-meta=\"{&quot;aperture&quot;:&quot;0&quot;,&quot;credit&quot;:&quot;&quot;,&quot;camera&quot;:&quot;&quot;,&quot;caption&quot;:&quot;&quot;,&quot;created_timestamp&quot;:&quot;0&quot;,&quot;copyright&quot;:&quot;&quot;,&quot;focal_length&quot;:&quot;0&quot;,&quot;iso&quot;:&quot;0&quot;,&quot;shutter_speed&quot;:&quot;0&quot;,&quot;title&quot;:&quot;&quot;,&quot;orientation&quot;:&quot;0&quot;}\" data-image-title=\"0F88F614-F6F7-4FB5-B49C-2BB959259018\" data-image-description=\"\" data-image-caption=\"\" data-medium-file=\"https:\/\/i0.wp.com\/blogdalucianaoliveira.com.br\/blog\/wp-content\/uploads\/2021\/05\/0F88F614-F6F7-4FB5-B49C-2BB959259018.jpeg?fit=300%2C200\" data-large-file=\"https:\/\/i0.wp.com\/blogdalucianaoliveira.com.br\/blog\/wp-content\/uploads\/2021\/05\/0F88F614-F6F7-4FB5-B49C-2BB959259018.jpeg?fit=600%2C400\" src=\"https:\/\/i0.wp.com\/blogdalucianaoliveira.com.br\/blog\/wp-content\/uploads\/2021\/05\/0F88F614-F6F7-4FB5-B49C-2BB959259018.jpeg?fit=600%2C400\" alt=\"\" class=\"wp-image-32014\" srcset=\"https:\/\/i0.wp.com\/blogdalucianaoliveira.com.br\/blog\/wp-content\/uploads\/2021\/05\/0F88F614-F6F7-4FB5-B49C-2BB959259018.jpeg?w=2400 2400w, https:\/\/i0.wp.com\/blogdalucianaoliveira.com.br\/blog\/wp-content\/uploads\/2021\/05\/0F88F614-F6F7-4FB5-B49C-2BB959259018.jpeg?resize=300%2C200 300w, https:\/\/i0.wp.com\/blogdalucianaoliveira.com.br\/blog\/wp-content\/uploads\/2021\/05\/0F88F614-F6F7-4FB5-B49C-2BB959259018.jpeg?resize=1024%2C683 1024w, https:\/\/i0.wp.com\/blogdalucianaoliveira.com.br\/blog\/wp-content\/uploads\/2021\/05\/0F88F614-F6F7-4FB5-B49C-2BB959259018.jpeg?resize=768%2C512 768w, https:\/\/i0.wp.com\/blogdalucianaoliveira.com.br\/blog\/wp-content\/uploads\/2021\/05\/0F88F614-F6F7-4FB5-B49C-2BB959259018.jpeg?resize=1536%2C1024 1536w, https:\/\/i0.wp.com\/blogdalucianaoliveira.com.br\/blog\/wp-content\/uploads\/2021\/05\/0F88F614-F6F7-4FB5-B49C-2BB959259018.jpeg?resize=2048%2C1365 2048w, https:\/\/i0.wp.com\/blogdalucianaoliveira.com.br\/blog\/wp-content\/uploads\/2021\/05\/0F88F614-F6F7-4FB5-B49C-2BB959259018.jpeg?resize=450%2C300 450w, https:\/\/i0.wp.com\/blogdalucianaoliveira.com.br\/blog\/wp-content\/uploads\/2021\/05\/0F88F614-F6F7-4FB5-B49C-2BB959259018.jpeg?w=1200 1200w, https:\/\/i0.wp.com\/blogdalucianaoliveira.com.br\/blog\/wp-content\/uploads\/2021\/05\/0F88F614-F6F7-4FB5-B49C-2BB959259018.jpeg?w=1800 1800w\" sizes=\"auto, (max-width: 600px) 100vw, 600px\" \/><\/figure>\n\n\n\n<p>Folha de S\u00e3o Paulo &#8211; Grilados e em boa parte desmatados para a cria\u00e7\u00e3o de gado, os 219 mil hectares desafetados de duas\u00a0<a href=\"https:\/\/www1.folha.uol.com.br\/ambiente\/2021\/04\/as-vesperas-da-cupula-do-clima-rondonia-faz-reducao-recorde-de-areas-protegidas.shtml\">unidades estaduais de conserva\u00e7\u00e3o de Rond\u00f4nia<\/a>\u00a0t\u00eam um valor de mercado de ao menos R$1,63 bilh\u00e3o, mas os invasores poder\u00e3o ter um desconto de at\u00e9 98% na hora da regulariza\u00e7\u00e3o.<\/p>\n\n\n\n<!--more-->\n\n\n\n<p>A estimativa do valor de mercado \u00e9 da ge\u00f3grafa e pesquisadora da Unir (Universidade Federal de Rond\u00f4nia) Amanda Michalski. Ela estuda o mercado de terras de Uni\u00e3o Bandeirantes (RO), distrito de Porto Velho localizado na regi\u00e3o das unidades desafetadas.<\/p>\n\n\n\n<p>A lei, sancionada na sexta-feira (21) pelo governador Coronel Marcos Rocha (PSL), praticamente&nbsp;<a href=\"https:\/\/www1.folha.uol.com.br\/ambiente\/2021\/05\/governo-de-rondonia-sanciona-reducao-recorde-de-areas-protegidas.shtml\">extingue a Reserva Extrativista (Resex) Jaci-Paran\u00e1<\/a>, que perdeu 88% do seu territ\u00f3rio, e retira 50,6 mil hectares do Parque Estadual (PES) Guajar\u00e1-Mirim, boa parte de mata nativa.<\/p>\n\n\n\n<p>Horas antes de sancionar, Rocha chegou a assinar uma mensagem \u00e0 Assembleia Legislativa vetando a redu\u00e7\u00e3o. No documento, depois apagado do Di\u00e1rio Oficial do Estado, o governador chamou a medida de\u00a0<a href=\"https:\/\/www1.folha.uol.com.br\/ambiente\/2021\/05\/horas-antes-de-reduzir-areas-protegidas-governador-disse-que-seria-o-maior-retrocesso-ambiental-de-rondonia.shtml\">\u201cmaior retrocesso ambiental de Rond\u00f4nia\u201d<\/a>. At\u00e9 a conclus\u00e3o deste texto, ele n\u00e3o havia explicado por que mudou radicalmente de posi\u00e7\u00e3o.<\/p>\n\n\n\n<p>Para calcular o valor, a mestranda e integrante do grupo de pesquisa Gest\u00e3o do Territ\u00f3rio e Geografia Agr\u00e1ria da Amaz\u00f4nia (GTGA) usou o pre\u00e7o m\u00e9dio de R$ 18 mil por alqueire (unidade de medida mais usada na regi\u00e3o), calculado durante seu trabalho de campo, em 2019.<\/p>\n\n\n\n<p>Segundo Michalski, a regulariza\u00e7\u00e3o de uma \u00e1rea equivalente \u00e0 soma dos munic\u00edpios de S\u00e3o Paulo e Salvador beneficiar\u00e1 a elite agropecu\u00e1ria de Rond\u00f4nia. Na Resex Jaci-Paran\u00e1, existem cerca de 120 mil cabe\u00e7as de gado, apesar de a \u00e1rea s\u00f3 permitir extrativismo. Processos protocolados pelo Minist\u00e9rio P\u00fablico Estadual contra invasores identificaram propriet\u00e1rios de grandes rebanhos bovinos.<\/p>\n\n\n\n<p>\u201cEssa regi\u00e3o sofre grande press\u00e3o da fronteira agr\u00edcola por meio da expans\u00e3o da produ\u00e7\u00e3o agropecu\u00e1ria que empurra a produ\u00e7\u00e3o de commodities para o norte de Rond\u00f4nia, amea\u00e7ando \u00e1reas protegidas, que mais uma vez sendo atacadas pelo governo estadual, pautado na premissa negacionista do presidente da Rep\u00fablica\u201d, diz.<\/p>\n\n\n\n<p>Os invasores pass\u00edveis de regulariza\u00e7\u00e3o pagar\u00e3o pre\u00e7os bem abaixo dos valores de mercado, de acordo com a pesquisadora Brenda Britto, do Imazon (Instituto do Homem e Meio Ambiente da Amaz\u00f4nia).<\/p>\n\n\n\n<p>Pela tabela do Incra (Instituto Nacional de Coloniza\u00e7\u00e3o e Reforma Agr\u00e1ria), o custo para a regulariza\u00e7\u00e3o em Rond\u00f4nia varia de R$ 169 a R$ 2.825 por hectare de \u00e1rea p\u00fablica privatizada, bem abaixo do valor de mercado de R$ 7.799\/hectare estimado por Michalski.<\/p>\n\n\n\n<p>Ou seja, os invasores pass\u00edveis de regulariza\u00e7\u00e3o ganhar\u00e3o um desconto de at\u00e9 98% sobre o pre\u00e7o de mercado.<\/p>\n\n\n\n<p>&#8220;Reduzir \u00e1reas de conserva\u00e7\u00e3o para permitir a privatiza\u00e7\u00e3o dessas terras refor\u00e7a a l\u00f3gica de que a terra p\u00fablica est\u00e1 dispon\u00edvel para invas\u00e3o, mesmo quando ela j\u00e1 tinha sido destinada para conserva\u00e7\u00e3o\u201d, diz Britto.<\/p>\n\n\n\n<p>&#8220;Os preju\u00edzos \u00e0 sociedade s\u00e3o ambientais, pelo desmatamento e perda de biodiversidade, e tamb\u00e9m financeiros, j\u00e1 que, pelas regras vigentes, essas \u00e1reas podem ser regularizadas cobrando-se apenas de 2% a 32% do valor de terra praticados no mercado em Rond\u00f4nia\u201d, afirma a pesquisadora.<\/p>\n\n\n\n<p>Por outro lado, a redu\u00e7\u00e3o teve apoio do setor agropecu\u00e1rio. \u201cEntendo que a lei aprovada foi importante, pois regularizou parte da \u00e1rea ocupada h\u00e1 mais de 20 anos de forma definitiva, com muitas benfeitorias e produtores produzindo\u201d, afirma o presidente da Faperon (Federa\u00e7\u00e3o da Agricultura e Pecu\u00e1ria do Estado de Rond\u00f4nia), H\u00e9lio Dias de Souza.<\/p>\n\n\n\n<p>\u201cEm contrapartida, o governo de Rond\u00f4nia compensou e homologou mais cinco reservas estaduais, mantendo e garantindo a biodiversidade nessas \u00e1reas\u201d, afirma.<\/p>\n\n\n\n<p>De fato, junto com a desafeta\u00e7\u00e3o, Rocha criou cinco unidades de conserva\u00e7\u00e3o. No entanto, segundo ele mesmo admitiu na mensagem \u00e0 Assembleia que acabou descartada, o estado ficou com um d\u00e9ficit de 99 mil hectares de \u00e1reas protegidas.<\/p>\n\n\n\n<p>A Resex Jaci-Paran\u00e1 \u00e9 uma das unidades de conserva\u00e7\u00e3o mais desmatadas do pa\u00eds, com 55% de sua \u00e1rea devastada. Praticamente toda a destrui\u00e7\u00e3o de 113.375 hectares de floresta nativa ocorreu ap\u00f3s a sua cria\u00e7\u00e3o, em 1996.<\/p>\n\n\n\n<p>No PES Guajar\u00e1-Mirim, a redu\u00e7\u00e3o inclui uma \u00e1rea de mata nativa vizinha \u00e0 Terra Ind\u00edgena (TI) Karipuna, j\u00e1 invadida por madeireiros e grileiros. Para os ind\u00edgenas, que n\u00e3o foram consultados pelo governo, a mudan\u00e7a aumentar\u00e1 a press\u00e3o sobre o seu territ\u00f3rio.<\/p>\n","protected":false},"excerpt":{"rendered":"<p>Folha de S\u00e3o Paulo &#8211; Grilados e em boa parte desmatados para a cria\u00e7\u00e3o de gado, os 219 mil hectares desafetados de duas\u00a0unidades estaduais de conserva\u00e7\u00e3o de Rond\u00f4nia\u00a0t\u00eam um valor de mercado de ao menos R$1,63 bilh\u00e3o, mas os invasores poder\u00e3o ter um desconto de at\u00e9 98% na hora da regulariza\u00e7\u00e3o.<\/p>\n","protected":false},"author":1,"featured_media":0,"comment_status":"closed","ping_status":"open","sticky":false,"template":"","format":"standard","meta":{"_exactmetrics_skip_tracking":false,"_exactmetrics_sitenote_active":false,"_exactmetrics_sitenote_note":"","_exactmetrics_sitenote_category":0,"jetpack_post_was_ever_published":false,"_jetpack_newsletter_access":"","_jetpack_dont_email_post_to_subs":false,"_jetpack_newsletter_tier_id":0,"_jetpack_memberships_contains_paywalled_content":false,"_jetpack_memberships_contains_paid_content":false,"footnotes":"","jetpack_publicize_message":"","jetpack_publicize_feature_enabled":true,"jetpack_social_post_already_shared":true,"jetpack_social_options":{"image_generator_settings":{"template":"highway","enabled":false},"version":2}},"categories":[1],"tags":[517,512,7],"class_list":["post-32013","post","type-post","status-publish","format-standard","hentry","category-notas","tag-grilagem","tag-resex-jaci-parana","tag-rondonia"],"jetpack_publicize_connections":[],"jetpack_sharing_enabled":true,"jetpack_featured_media_url":"","jetpack_shortlink":"https:\/\/wp.me\/p7wKYW-8kl","jetpack-related-posts":[],"_links":{"self":[{"href":"http:\/\/blogdalucianaoliveira.com.br\/blog\/wp-json\/wp\/v2\/posts\/32013","targetHints":{"allow":["GET"]}}],"collection":[{"href":"http:\/\/blogdalucianaoliveira.com.br\/blog\/wp-json\/wp\/v2\/posts"}],"about":[{"href":"http:\/\/blogdalucianaoliveira.com.br\/blog\/wp-json\/wp\/v2\/types\/post"}],"author":[{"embeddable":true,"href":"http:\/\/blogdalucianaoliveira.com.br\/blog\/wp-json\/wp\/v2\/users\/1"}],"replies":[{"embeddable":true,"href":"http:\/\/blogdalucianaoliveira.com.br\/blog\/wp-json\/wp\/v2\/comments?post=32013"}],"version-history":[{"count":1,"href":"http:\/\/blogdalucianaoliveira.com.br\/blog\/wp-json\/wp\/v2\/posts\/32013\/revisions"}],"predecessor-version":[{"id":32015,"href":"http:\/\/blogdalucianaoliveira.com.br\/blog\/wp-json\/wp\/v2\/posts\/32013\/revisions\/32015"}],"wp:attachment":[{"href":"http:\/\/blogdalucianaoliveira.com.br\/blog\/wp-json\/wp\/v2\/media?parent=32013"}],"wp:term":[{"taxonomy":"category","embeddable":true,"href":"http:\/\/blogdalucianaoliveira.com.br\/blog\/wp-json\/wp\/v2\/categories?post=32013"},{"taxonomy":"post_tag","embeddable":true,"href":"http:\/\/blogdalucianaoliveira.com.br\/blog\/wp-json\/wp\/v2\/tags?post=32013"}],"curies":[{"name":"wp","href":"https:\/\/api.w.org\/{rel}","templated":true}]}}