{"id":32016,"date":"2021-05-24T15:07:04","date_gmt":"2021-05-24T19:07:04","guid":{"rendered":"http:\/\/blogdalucianaoliveira.com.br\/blog\/?p=32016"},"modified":"2021-05-24T15:07:09","modified_gmt":"2021-05-24T19:07:09","slug":"bolsonaro-prepara-visita-a-comunidade-yanomami-e-lideres-indigenas-publicam-carta-de-repudio","status":"publish","type":"post","link":"http:\/\/blogdalucianaoliveira.com.br\/blog\/2021\/05\/24\/bolsonaro-prepara-visita-a-comunidade-yanomami-e-lideres-indigenas-publicam-carta-de-repudio\/","title":{"rendered":"Bolsonaro prepara visita a comunidade yanomami, e l\u00edderes ind\u00edgenas publicam carta de rep\u00fadio"},"content":{"rendered":"\n<figure class=\"wp-block-image size-large\"><img loading=\"lazy\" decoding=\"async\" width=\"1200\" height=\"800\" data-attachment-id=\"32017\" data-permalink=\"http:\/\/blogdalucianaoliveira.com.br\/blog\/2021\/05\/24\/bolsonaro-prepara-visita-a-comunidade-yanomami-e-lideres-indigenas-publicam-carta-de-repudio\/ecd1e8fd-1706-4dd5-8fdf-3ca6aea34184\/\" data-orig-file=\"https:\/\/i0.wp.com\/blogdalucianaoliveira.com.br\/blog\/wp-content\/uploads\/2021\/05\/ECD1E8FD-1706-4DD5-8FDF-3CA6AEA34184.jpeg?fit=1200%2C800\" data-orig-size=\"1200,800\" data-comments-opened=\"0\" data-image-meta=\"{&quot;aperture&quot;:&quot;0&quot;,&quot;credit&quot;:&quot;&quot;,&quot;camera&quot;:&quot;&quot;,&quot;caption&quot;:&quot;&quot;,&quot;created_timestamp&quot;:&quot;0&quot;,&quot;copyright&quot;:&quot;&quot;,&quot;focal_length&quot;:&quot;0&quot;,&quot;iso&quot;:&quot;0&quot;,&quot;shutter_speed&quot;:&quot;0&quot;,&quot;title&quot;:&quot;&quot;,&quot;orientation&quot;:&quot;0&quot;}\" data-image-title=\"ECD1E8FD-1706-4DD5-8FDF-3CA6AEA34184\" data-image-description=\"\" data-image-caption=\"\" data-medium-file=\"https:\/\/i0.wp.com\/blogdalucianaoliveira.com.br\/blog\/wp-content\/uploads\/2021\/05\/ECD1E8FD-1706-4DD5-8FDF-3CA6AEA34184.jpeg?fit=300%2C200\" data-large-file=\"https:\/\/i0.wp.com\/blogdalucianaoliveira.com.br\/blog\/wp-content\/uploads\/2021\/05\/ECD1E8FD-1706-4DD5-8FDF-3CA6AEA34184.jpeg?fit=600%2C400\" src=\"https:\/\/i2.wp.com\/blogdalucianaoliveira.com.br\/blog\/wp-content\/uploads\/2021\/05\/ECD1E8FD-1706-4DD5-8FDF-3CA6AEA34184.jpeg?fit=600%2C400\" alt=\"\" class=\"wp-image-32017\" srcset=\"https:\/\/i0.wp.com\/blogdalucianaoliveira.com.br\/blog\/wp-content\/uploads\/2021\/05\/ECD1E8FD-1706-4DD5-8FDF-3CA6AEA34184.jpeg?w=1200 1200w, https:\/\/i0.wp.com\/blogdalucianaoliveira.com.br\/blog\/wp-content\/uploads\/2021\/05\/ECD1E8FD-1706-4DD5-8FDF-3CA6AEA34184.jpeg?resize=300%2C200 300w, https:\/\/i0.wp.com\/blogdalucianaoliveira.com.br\/blog\/wp-content\/uploads\/2021\/05\/ECD1E8FD-1706-4DD5-8FDF-3CA6AEA34184.jpeg?resize=1024%2C683 1024w, https:\/\/i0.wp.com\/blogdalucianaoliveira.com.br\/blog\/wp-content\/uploads\/2021\/05\/ECD1E8FD-1706-4DD5-8FDF-3CA6AEA34184.jpeg?resize=768%2C512 768w, https:\/\/i0.wp.com\/blogdalucianaoliveira.com.br\/blog\/wp-content\/uploads\/2021\/05\/ECD1E8FD-1706-4DD5-8FDF-3CA6AEA34184.jpeg?resize=450%2C300 450w\" sizes=\"auto, (max-width: 600px) 100vw, 600px\" \/><\/figure>\n\n\n\n<p><strong>Folha de eS\u00e3o Paulo<\/strong> &#8211; Em viagem repudiada por associa\u00e7\u00f5es\u00a0<a href=\"https:\/\/arte.folha.uol.com.br\/ilustrissima\/2017\/pico-da-neblina\/escalada\/\">yanomamis<\/a>, o presidente Jair Bolsonaro (sem partido) planeja visitar nesta quinta-feira (27) a comunidade Maturac\u00e1, no munic\u00edpio de S\u00e3o Gabriel da Cachoeira (AM). Caso n\u00e3o desmarque, ser\u00e1 a sua primeira visita a uma terra ind\u00edgena como presidente.<\/p>\n\n\n\n<!--more-->\n\n\n\n<p>Pr\u00f3xima do Pico da Neblina e da fronteira com a Venezuela, Maturac\u00e1 tem 2.000 habitantes e \u00e9 distante da comunidade Palimi\u00fa,&nbsp;<a href=\"https:\/\/www1.folha.uol.com.br\/cotidiano\/2021\/05\/yanomamis-acusam-pelotao-do-exercito-de-truculencia.shtml\">alvo de constantes ataques armados de garimpeiros ilegai<\/a>s nas \u00faltimas semanas.<\/p>\n\n\n\n<p>O Planalto confirmou apenas a visita de Bolsonaro a uma cidade do Amazonas, mas um avi\u00e3o da Presid\u00eancia aterrissou em S\u00e3o Gabriel no domingo (23). O presidente deve chegar l\u00e1 em outro avi\u00e3o e depois pegar um helic\u00f3ptero at\u00e9 Maturac\u00e1, a cerca de meia hora de voo.<\/p>\n\n\n\n<p>Em uma live no dia 29 de abril, Bolsonaro disse que planeja visitar um pelot\u00e3o de fronteira do Ex\u00e9rcito (PEF), \u201cconversar com ind\u00edgenas\u201d e \u201caterrisar\u201d em um garimpo ilegal. Ele voltou a defender a regulariza\u00e7\u00e3o da atividade.<\/p>\n\n\n\n<p>A visita foi informada aos yanomamis por militares do 5\u00aa PEF, vizinho da comunidade Maturac\u00e1, e n\u00e3o foi bem recebida por lideran\u00e7as locais, que publicaram uma carta de rep\u00fadio \u00e0 presen\u00e7a de Bolsonaro.<\/p>\n\n\n\n<p>&#8220;Reiteramos nossa posi\u00e7\u00e3o leg\u00edtima de repudiar a visita do presidente, senhor Jair Messias Bolsonaro, no nosso territ\u00f3rio yanomami\u201d, diz o documento, assinado pelo presidente da Ayrca (Associa\u00e7\u00e3o Yanomami do Rio Cauaburis e Afluentes), Jos\u00e9 Mario G\u00f3es, pela presidente da Kumirayoma (associa\u00e7\u00e3o de mulheres), Erica Figueiredo, e por outras quatro lideran\u00e7as locais.<\/p>\n\n\n\n<p>Para eles, a visita \u00e9 para &#8220;tratar e tentar acordar conosco a legaliza\u00e7\u00e3o de minera\u00e7\u00e3o no territ\u00f3rio yanomami, portanto, essa n\u00e3o \u00e9 a nossa ansiedade yanomami\u201d.<\/p>\n\n\n\n<p>\u201cAo contr\u00e1rio disso, exigimos que o governo deve implementar a\u00e7\u00f5es de fiscaliza\u00e7\u00e3o de forma cont\u00ednua nos entornos e limites dos territ\u00f3rios ind\u00edgenas j\u00e1 demarcados\u201d, diz a carta. \u201cGoverno deve retirar invasores dos nossos territ\u00f3rios em car\u00e1ter urgente como tentativa de garantir a nossa sa\u00fade e a da m\u00e3e terra.\u201d<\/p>\n\n\n\n<p>No documento, os yanomamis tamb\u00e9m exigem mais recursos para o Dsei (Distrito Sanit\u00e1rio Especial Ind\u00edgena), que registra falta de medicamentos, de estrutura e de pessoal em meio ao aumento dos casos de mal\u00e1ria falciparum, a variedade mais letal, e de crian\u00e7as com quadro grave de desnutri\u00e7\u00e3o.<\/p>\n\n\n\n<p>\u201cInformamos ainda que, na pol\u00edtica tradicional yanomami, s\u00f3 um cacique, s\u00f3 um l\u00edder, n\u00e3o deve tomar decis\u00e3o antecipada sem consentimento coletivo\u201d, diz a carta. \u201cEssa diferen\u00e7a de organiza\u00e7\u00e3o social e governan\u00e7a do territ\u00f3rio deve ser respeitada pelo governo.\u201d<\/p>\n\n\n\n<p>Recentemente, as duas associa\u00e7\u00f5es tamb\u00e9m publicaram uma carta denunciando a\u00e7\u00f5es truculentas do 5\u00ba PEF e exigindo a retirada de casas de militares constru\u00eddas fora do per\u00edmetro da base do Ex\u00e9rcito.<\/p>\n\n\n\n<p>A oposi\u00e7\u00e3o de Bolsonaro a demarca\u00e7\u00f5es de terras ind\u00edgenas come\u00e7ou j\u00e1 no primeiro mandato de deputado federal (1991-1995), quando tentou impedir a cria\u00e7\u00e3o da Terra Ind\u00edgena Yanomami, homologada em 1992 pelo ent\u00e3o presidente Fernando Collor.<\/p>\n\n\n\n<p>Ecoando a posi\u00e7\u00e3o de setores do Ex\u00e9rcito, ele apresentou um projeto de decreto legislativo para anular o decreto de Collor. Na iniciativa, que acabou arquivada, ele afirmou que se tratava de uma amea\u00e7a \u00e0 seguran\u00e7a nacional por permitir a circula\u00e7\u00e3o de yanomamis entre o Brasil e a Venezuela, al\u00e9m de ser uma \u00e1rea \u201criqu\u00edssima em madeiras nobres e metais raros\u201d.<\/p>\n\n\n\n<p>Em 1998, o ent\u00e3o deputado disse: &#8220;A cavalaria brasileira foi muito incompetente. Competente, sim, foi a cavalaria norte-americana, que dizimou seus \u00edndios no passado e hoje em dia n\u00e3o tem esse problema em seu pa\u00eds.\u201d<\/p>\n\n\n\n<p>Durante a campanha presidencial, Bolsonaro disse que n\u00e3o iria homologar mais nenhuma terra ind\u00edgena, promessa que vem mantendo durante o mandato, apesar de ser um direito previsto na Constitui\u00e7\u00e3o de 1988.<\/p>\n\n\n\n<figure class=\"wp-block-image\"><a href=\"https:\/\/fotografia.folha.uol.com.br\/galerias\/1690872812512364-presidente-jair-bolsonaro-em-viagens-pelo-brasil-em-2021\"><img data-recalc-dims=\"1\" decoding=\"async\" src=\"https:\/\/i0.wp.com\/f.i.uol.com.br\/fotografia\/2021\/05\/21\/162163458360a82e1746ac8_1621634583_3x2_md.jpg?w=600&#038;ssl=1\" alt=\"Jair Bolsonaro em viagens pelo Brasil em 2021\"\/><\/a><figcaption><a href=\"https:\/\/fotografia.folha.uol.com.br\/galerias\/1690872812512364-presidente-jair-bolsonaro-em-viagens-pelo-brasil-em-2021\">Jair Bolsonaro em viagens pelo Brasil em 2021<\/a><\/figcaption><\/figure>\n\n\n\n<p><\/p>\n","protected":false},"excerpt":{"rendered":"<p>Folha de eS\u00e3o Paulo &#8211; Em viagem repudiada por associa\u00e7\u00f5es\u00a0yanomamis, o presidente Jair Bolsonaro (sem partido) planeja visitar nesta quinta-feira (27) a comunidade Maturac\u00e1, no munic\u00edpio de S\u00e3o Gabriel da Cachoeira (AM). Caso n\u00e3o desmarque, ser\u00e1 a sua primeira visita a uma terra ind\u00edgena como presidente.<\/p>\n","protected":false},"author":1,"featured_media":0,"comment_status":"closed","ping_status":"open","sticky":false,"template":"","format":"standard","meta":{"_exactmetrics_skip_tracking":false,"_exactmetrics_sitenote_active":false,"_exactmetrics_sitenote_note":"","_exactmetrics_sitenote_category":0,"jetpack_post_was_ever_published":false,"_jetpack_newsletter_access":"","_jetpack_dont_email_post_to_subs":false,"_jetpack_newsletter_tier_id":0,"_jetpack_memberships_contains_paywalled_content":false,"_jetpack_memberships_contains_paid_content":false,"footnotes":"","jetpack_publicize_message":"","jetpack_publicize_feature_enabled":true,"jetpack_social_post_already_shared":true,"jetpack_social_options":{"image_generator_settings":{"template":"highway","enabled":false},"version":2}},"categories":[1],"tags":[],"class_list":["post-32016","post","type-post","status-publish","format-standard","hentry","category-notas"],"jetpack_publicize_connections":[],"jetpack_sharing_enabled":true,"jetpack_featured_media_url":"","jetpack_shortlink":"https:\/\/wp.me\/p7wKYW-8ko","jetpack-related-posts":[],"_links":{"self":[{"href":"http:\/\/blogdalucianaoliveira.com.br\/blog\/wp-json\/wp\/v2\/posts\/32016","targetHints":{"allow":["GET"]}}],"collection":[{"href":"http:\/\/blogdalucianaoliveira.com.br\/blog\/wp-json\/wp\/v2\/posts"}],"about":[{"href":"http:\/\/blogdalucianaoliveira.com.br\/blog\/wp-json\/wp\/v2\/types\/post"}],"author":[{"embeddable":true,"href":"http:\/\/blogdalucianaoliveira.com.br\/blog\/wp-json\/wp\/v2\/users\/1"}],"replies":[{"embeddable":true,"href":"http:\/\/blogdalucianaoliveira.com.br\/blog\/wp-json\/wp\/v2\/comments?post=32016"}],"version-history":[{"count":1,"href":"http:\/\/blogdalucianaoliveira.com.br\/blog\/wp-json\/wp\/v2\/posts\/32016\/revisions"}],"predecessor-version":[{"id":32018,"href":"http:\/\/blogdalucianaoliveira.com.br\/blog\/wp-json\/wp\/v2\/posts\/32016\/revisions\/32018"}],"wp:attachment":[{"href":"http:\/\/blogdalucianaoliveira.com.br\/blog\/wp-json\/wp\/v2\/media?parent=32016"}],"wp:term":[{"taxonomy":"category","embeddable":true,"href":"http:\/\/blogdalucianaoliveira.com.br\/blog\/wp-json\/wp\/v2\/categories?post=32016"},{"taxonomy":"post_tag","embeddable":true,"href":"http:\/\/blogdalucianaoliveira.com.br\/blog\/wp-json\/wp\/v2\/tags?post=32016"}],"curies":[{"name":"wp","href":"https:\/\/api.w.org\/{rel}","templated":true}]}}