{"id":32034,"date":"2021-05-26T13:36:56","date_gmt":"2021-05-26T17:36:56","guid":{"rendered":"http:\/\/blogdalucianaoliveira.com.br\/blog\/?p=32034"},"modified":"2021-05-26T13:37:02","modified_gmt":"2021-05-26T17:37:02","slug":"cpi-aprova-convocacao-de-nove-governadores","status":"publish","type":"post","link":"http:\/\/blogdalucianaoliveira.com.br\/blog\/2021\/05\/26\/cpi-aprova-convocacao-de-nove-governadores\/","title":{"rendered":"CPI aprova convoca\u00e7\u00e3o de nove governadores"},"content":{"rendered":"\n<figure class=\"wp-block-image size-large\"><img data-recalc-dims=\"1\" loading=\"lazy\" decoding=\"async\" width=\"600\" height=\"398\" data-attachment-id=\"32035\" data-permalink=\"http:\/\/blogdalucianaoliveira.com.br\/blog\/2021\/05\/26\/cpi-aprova-convocacao-de-nove-governadores\/614b82a6-ec89-4c07-b468-6eb0322fa438\/\" data-orig-file=\"https:\/\/i0.wp.com\/blogdalucianaoliveira.com.br\/blog\/wp-content\/uploads\/2021\/05\/614B82A6-EC89-4C07-B468-6EB0322FA438.jpeg?fit=860%2C570\" data-orig-size=\"860,570\" data-comments-opened=\"0\" data-image-meta=\"{&quot;aperture&quot;:&quot;0&quot;,&quot;credit&quot;:&quot;&quot;,&quot;camera&quot;:&quot;&quot;,&quot;caption&quot;:&quot;&quot;,&quot;created_timestamp&quot;:&quot;0&quot;,&quot;copyright&quot;:&quot;&quot;,&quot;focal_length&quot;:&quot;0&quot;,&quot;iso&quot;:&quot;0&quot;,&quot;shutter_speed&quot;:&quot;0&quot;,&quot;title&quot;:&quot;&quot;,&quot;orientation&quot;:&quot;0&quot;}\" data-image-title=\"614B82A6-EC89-4C07-B468-6EB0322FA438\" data-image-description=\"\" data-image-caption=\"\" data-medium-file=\"https:\/\/i0.wp.com\/blogdalucianaoliveira.com.br\/blog\/wp-content\/uploads\/2021\/05\/614B82A6-EC89-4C07-B468-6EB0322FA438.jpeg?fit=300%2C199\" data-large-file=\"https:\/\/i0.wp.com\/blogdalucianaoliveira.com.br\/blog\/wp-content\/uploads\/2021\/05\/614B82A6-EC89-4C07-B468-6EB0322FA438.jpeg?fit=600%2C398\" src=\"https:\/\/i0.wp.com\/blogdalucianaoliveira.com.br\/blog\/wp-content\/uploads\/2021\/05\/614B82A6-EC89-4C07-B468-6EB0322FA438.jpeg?resize=600%2C398\" alt=\"\" class=\"wp-image-32035\" srcset=\"https:\/\/i0.wp.com\/blogdalucianaoliveira.com.br\/blog\/wp-content\/uploads\/2021\/05\/614B82A6-EC89-4C07-B468-6EB0322FA438.jpeg?w=860 860w, https:\/\/i0.wp.com\/blogdalucianaoliveira.com.br\/blog\/wp-content\/uploads\/2021\/05\/614B82A6-EC89-4C07-B468-6EB0322FA438.jpeg?resize=300%2C199 300w, https:\/\/i0.wp.com\/blogdalucianaoliveira.com.br\/blog\/wp-content\/uploads\/2021\/05\/614B82A6-EC89-4C07-B468-6EB0322FA438.jpeg?resize=768%2C509 768w, https:\/\/i0.wp.com\/blogdalucianaoliveira.com.br\/blog\/wp-content\/uploads\/2021\/05\/614B82A6-EC89-4C07-B468-6EB0322FA438.jpeg?resize=453%2C300 453w\" sizes=\"auto, (max-width: 600px) 100vw, 600px\" \/><\/figure>\n\n\n\n<h4 class=\"wp-block-heading\">Ex-governador do Rio de Janeiro Wilson Witzel tamb\u00e9m foi chamado. CPI ainda aprovou a reconvoca\u00e7\u00e3o do ex-ministro da Sa\u00fade Eduardo Pazuello e do atual comandante da pasta, Marcelo Queiroga.<\/h4>\n\n\n\n<!--more-->\n\n\n\n<p>Por Marcela Mattos, Beatriz Borges e Luiz Felipe Barbi\u00e9ri, G1\u00a0\u2014 Bras\u00edlia<\/p>\n\n\n\n<p>A CPI da Covid aprovou nesta quarta-feira (26) a convoca\u00e7\u00e3o de nove governadores, um ex-governador e uma vice-governadora para prestarem depoimento na comiss\u00e3o.&nbsp;<\/p>\n\n\n\n<p>A Comiss\u00e3o tamb\u00e9m aprovou nesta quarta-feira (26) a&nbsp;<a href=\"https:\/\/g1.globo.com\/politica\/noticia\/2021\/05\/26\/cpi-da-covid-reconvoca-pazuello-e-queiroga.ghtml\">reconvoca\u00e7\u00e3o do ministro da Sa\u00fade, Marcelo Queiroga, do ex-chefe da pasta, Eduardo Pazuello<\/a>.&nbsp;<\/p>\n\n\n\n<p><strong>Foram convocados os seguintes governadores:&nbsp;<\/strong><\/p>\n\n\n\n<ul class=\"wp-block-list\"><li><strong>Wilson Lima<\/strong>, do Amazonas&nbsp;<\/li><li><strong>Ibaneis Rocha<\/strong>, do Distrito Federal&nbsp;<\/li><li><strong>Waldez G\u00f3es<\/strong>, do Amap\u00e1&nbsp;<\/li><li><strong>Helder Barbalho<\/strong>, do Par\u00e1&nbsp;<\/li><li><strong>Marcos Rocha<\/strong>, de Rond\u00f4nia&nbsp;<\/li><li><strong>Ant\u00f4nio Denarium<\/strong>, de Roraima&nbsp;<\/li><li><strong>Carlos Mois\u00e9s<\/strong>, de Santa Catarina&nbsp;<\/li><li><strong>Mauro Carlesse<\/strong>, de Tocantins&nbsp;<\/li><li><strong>Wellington Dias<\/strong>, do Piau\u00ed<\/li><\/ul>\n\n\n\n<p>A vice-governadora chamada foi Daniela Reinehr, de Santa Catarina. O ex-governador convocado foi Wilson Witzel, do Rio de Janeiro, que sofreu<a href=\"https:\/\/g1.globo.com\/rj\/rio-de-janeiro\/noticia\/2021\/04\/30\/tribunal-especial-abre-a-sessao-para-decidir-impeachment-de-witzel-1.ghtml\">&nbsp;impeachment neste ano<\/a>.&nbsp;<\/p>\n\n\n\n<p>De acordo com o presidente da CPI,&nbsp;<a href=\"https:\/\/g1.globo.com\/politica\/politico\/omar-aziz\/\">Omar Aziz<\/a>&nbsp;(PSD-AM), o sucessor de Witzel,<a href=\"https:\/\/g1.globo.com\/politica\/politico\/claudio-bonfim-de-castro-e-silva\/\">&nbsp;Cl\u00e1udio Castro<\/a>, n\u00e3o foi convocado pela CPI, pois &#8220;n\u00e3o era governador a \u00e9poca que aconteceu&#8221; o fato.&nbsp;<\/p>\n\n\n\n<p>\u201cO governador Cl\u00e1udio Castro, em comum acordo entre todos os senadores, retiramos porque ele n\u00e3o era governador a \u00e9poca que aconteceu. Caso tenha algum fato novo, n\u00f3s iremos convoc\u00e1-lo, por isso que n\u00f3s estamos retirando o nome do ex-governador do Rio de Janeiro, ali\u00e1s do atual&#8221;, disse Aziz.&nbsp;<\/p>\n\n\n\n<p>Tamb\u00e9m foram convocados: Arthur Weintraub , ex-assessor da Presid\u00eancia da Rep\u00fablica; Filipe Martins, assessor da Presid\u00eancia da Rep\u00fablica; o empres\u00e1rio Carlos Wizard; Markinhos Show, publicit\u00e1rio e bra\u00e7o-direito de Pazuello; Luana Ara\u00fajo, ex-secret\u00e1ria de Enfrentamento \u00e0 Covid; e Paulo Bara\u00fana, diretor da empresa fornecedora de oxig\u00eanio White Martins.<\/p>\n\n\n\n<p>A convoca\u00e7\u00e3o de governadores \u00e9 uma reivindica\u00e7\u00e3o principalmente dos senadores governistas na CPI. Eles alegam que a CPI deve investigar supostos casos de corrup\u00e7\u00e3o nos estados envolvendo recursos para combate \u00e0 pandemia.&nbsp;<\/p>\n\n\n\n<p>At\u00e9 o momento, a CPI tem ouvido depoentes ligados ao governo federal, para apurar a\u00e7\u00f5es e omiss\u00f5es da Uni\u00e3o na pandemia.&nbsp;<\/p>\n\n\n\n<h2 class=\"wp-block-heading\">Pedidos de informa\u00e7\u00e3o&nbsp;<\/h2>\n\n\n\n<p>Os senadores ainda aprovaram requerimentos com pedidos de informa\u00e7\u00e3o ao Conselho Federal de Medicina, ao laborat\u00f3rio Sinovac, \u00e0 empresa Wuxi Biologics, subcontratada pela AstraZeneca.&nbsp;<\/p>\n\n\n\n<p>Al\u00e9m disso, tamb\u00e9m foram convidados especialistas contra e a favor do uso da cloroquina para discutir o assunto em duas sess\u00f5es.&nbsp;<\/p>\n\n\n\n<p>&#8220;O que acertamos \u00e9 que teremos duas sess\u00f5es para que possamos ouvir nessas duas se\u00e7\u00f5es, duas pessoas que apoiam tratamento com cloroquina e dois cientistas e profissionais, capacitados, que s\u00e3o contra. Quatro a favor e quatro contra&#8221;, disse Aziz.<\/p>\n","protected":false},"excerpt":{"rendered":"<p>Ex-governador do Rio de Janeiro Wilson Witzel tamb\u00e9m foi chamado. CPI ainda aprovou a reconvoca\u00e7\u00e3o do ex-ministro da Sa\u00fade Eduardo Pazuello e do atual comandante da pasta, Marcelo Queiroga.<\/p>\n","protected":false},"author":1,"featured_media":0,"comment_status":"closed","ping_status":"open","sticky":false,"template":"","format":"standard","meta":{"_exactmetrics_skip_tracking":false,"_exactmetrics_sitenote_active":false,"_exactmetrics_sitenote_note":"","_exactmetrics_sitenote_category":0,"jetpack_post_was_ever_published":false,"_jetpack_newsletter_access":"","_jetpack_dont_email_post_to_subs":false,"_jetpack_newsletter_tier_id":0,"_jetpack_memberships_contains_paywalled_content":false,"_jetpack_memberships_contains_paid_content":false,"footnotes":"","jetpack_publicize_message":"","jetpack_publicize_feature_enabled":true,"jetpack_social_post_already_shared":true,"jetpack_social_options":{"image_generator_settings":{"template":"highway","enabled":false},"version":2}},"categories":[1],"tags":[],"class_list":["post-32034","post","type-post","status-publish","format-standard","hentry","category-notas"],"jetpack_publicize_connections":[],"jetpack_sharing_enabled":true,"jetpack_featured_media_url":"","jetpack_shortlink":"https:\/\/wp.me\/p7wKYW-8kG","jetpack-related-posts":[],"_links":{"self":[{"href":"http:\/\/blogdalucianaoliveira.com.br\/blog\/wp-json\/wp\/v2\/posts\/32034","targetHints":{"allow":["GET"]}}],"collection":[{"href":"http:\/\/blogdalucianaoliveira.com.br\/blog\/wp-json\/wp\/v2\/posts"}],"about":[{"href":"http:\/\/blogdalucianaoliveira.com.br\/blog\/wp-json\/wp\/v2\/types\/post"}],"author":[{"embeddable":true,"href":"http:\/\/blogdalucianaoliveira.com.br\/blog\/wp-json\/wp\/v2\/users\/1"}],"replies":[{"embeddable":true,"href":"http:\/\/blogdalucianaoliveira.com.br\/blog\/wp-json\/wp\/v2\/comments?post=32034"}],"version-history":[{"count":1,"href":"http:\/\/blogdalucianaoliveira.com.br\/blog\/wp-json\/wp\/v2\/posts\/32034\/revisions"}],"predecessor-version":[{"id":32036,"href":"http:\/\/blogdalucianaoliveira.com.br\/blog\/wp-json\/wp\/v2\/posts\/32034\/revisions\/32036"}],"wp:attachment":[{"href":"http:\/\/blogdalucianaoliveira.com.br\/blog\/wp-json\/wp\/v2\/media?parent=32034"}],"wp:term":[{"taxonomy":"category","embeddable":true,"href":"http:\/\/blogdalucianaoliveira.com.br\/blog\/wp-json\/wp\/v2\/categories?post=32034"},{"taxonomy":"post_tag","embeddable":true,"href":"http:\/\/blogdalucianaoliveira.com.br\/blog\/wp-json\/wp\/v2\/tags?post=32034"}],"curies":[{"name":"wp","href":"https:\/\/api.w.org\/{rel}","templated":true}]}}