{"id":32037,"date":"2021-05-26T13:41:22","date_gmt":"2021-05-26T17:41:22","guid":{"rendered":"http:\/\/blogdalucianaoliveira.com.br\/blog\/?p=32037"},"modified":"2021-05-26T13:41:26","modified_gmt":"2021-05-26T17:41:26","slug":"bolsonaro-expos-o-brasil-a-fome-e-negligenciou-as-vacinas-diz-agencia-internacional","status":"publish","type":"post","link":"http:\/\/blogdalucianaoliveira.com.br\/blog\/2021\/05\/26\/bolsonaro-expos-o-brasil-a-fome-e-negligenciou-as-vacinas-diz-agencia-internacional\/","title":{"rendered":"Bolsonaro exp\u00f4s o Brasil \u00e0 fome e negligenciou as vacinas, diz ag\u00eancia internacional"},"content":{"rendered":"\n<figure class=\"wp-block-image size-large\"><img data-recalc-dims=\"1\" loading=\"lazy\" decoding=\"async\" width=\"600\" height=\"427\" data-attachment-id=\"32038\" data-permalink=\"http:\/\/blogdalucianaoliveira.com.br\/blog\/2021\/05\/26\/bolsonaro-expos-o-brasil-a-fome-e-negligenciou-as-vacinas-diz-agencia-internacional\/0cbe77d9-daf8-4d35-92a4-c7fd2cd69c00\/\" data-orig-file=\"https:\/\/i0.wp.com\/blogdalucianaoliveira.com.br\/blog\/wp-content\/uploads\/2021\/05\/0CBE77D9-DAF8-4D35-92A4-C7FD2CD69C00.jpeg?fit=768%2C547\" data-orig-size=\"768,547\" data-comments-opened=\"0\" data-image-meta=\"{&quot;aperture&quot;:&quot;0&quot;,&quot;credit&quot;:&quot;&quot;,&quot;camera&quot;:&quot;&quot;,&quot;caption&quot;:&quot;&quot;,&quot;created_timestamp&quot;:&quot;0&quot;,&quot;copyright&quot;:&quot;&quot;,&quot;focal_length&quot;:&quot;0&quot;,&quot;iso&quot;:&quot;0&quot;,&quot;shutter_speed&quot;:&quot;0&quot;,&quot;title&quot;:&quot;&quot;,&quot;orientation&quot;:&quot;0&quot;}\" data-image-title=\"0CBE77D9-DAF8-4D35-92A4-C7FD2CD69C00\" data-image-description=\"\" data-image-caption=\"\" data-medium-file=\"https:\/\/i0.wp.com\/blogdalucianaoliveira.com.br\/blog\/wp-content\/uploads\/2021\/05\/0CBE77D9-DAF8-4D35-92A4-C7FD2CD69C00.jpeg?fit=300%2C214\" data-large-file=\"https:\/\/i0.wp.com\/blogdalucianaoliveira.com.br\/blog\/wp-content\/uploads\/2021\/05\/0CBE77D9-DAF8-4D35-92A4-C7FD2CD69C00.jpeg?fit=600%2C427\" src=\"https:\/\/i0.wp.com\/blogdalucianaoliveira.com.br\/blog\/wp-content\/uploads\/2021\/05\/0CBE77D9-DAF8-4D35-92A4-C7FD2CD69C00.jpeg?resize=600%2C427\" alt=\"\" class=\"wp-image-32038\" srcset=\"https:\/\/i0.wp.com\/blogdalucianaoliveira.com.br\/blog\/wp-content\/uploads\/2021\/05\/0CBE77D9-DAF8-4D35-92A4-C7FD2CD69C00.jpeg?w=768 768w, https:\/\/i0.wp.com\/blogdalucianaoliveira.com.br\/blog\/wp-content\/uploads\/2021\/05\/0CBE77D9-DAF8-4D35-92A4-C7FD2CD69C00.jpeg?resize=300%2C214 300w, https:\/\/i0.wp.com\/blogdalucianaoliveira.com.br\/blog\/wp-content\/uploads\/2021\/05\/0CBE77D9-DAF8-4D35-92A4-C7FD2CD69C00.jpeg?resize=421%2C300 421w\" sizes=\"auto, (max-width: 600px) 100vw, 600px\" \/><\/figure>\n\n\n\n<p><strong><a href=\"https:\/\/apnews.com\/article\/world-news-brazil-pandemics-business-health-a642964c71a3a4112fc67be5bda25165\">Da ag\u00eancia internacional AP<\/a> <\/strong>&#8211; A pandemia de favela surgiu praticamente da noite para o dia, quando as pessoas come\u00e7aram a usar t\u00e1buas de madeira recolhidas para construir barracos em um terreno baldio em S\u00e3o Paulo, a maior cidade do Brasil.<\/p>\n\n\n\n<!--more-->\n\n\n\n<p>Geovani de Souza e sua esposa gr\u00e1vida estavam entre as 200 fam\u00edlias que se mudaram nos \u00faltimos seis meses em meio \u00e0 turbul\u00eancia econ\u00f4mica causada pelo COVID-19.<\/p>\n\n\n\n<p>\u201cSem emprego, n\u00e3o consegui pagar o aluguel, fui despejado de onde morava e encontrei a solu\u00e7\u00e3o aqui\u201d, disse de Souza, que agora conta com trabalhos ocasionais como pedreiro.&nbsp;Hist\u00f3rias semelhantes abundam.<\/p>\n\n\n\n<p>A r\u00e1pida cria\u00e7\u00e3o da favela Penha Brasil reflete um ressurgimento da pobreza depois que o governo limitou a turbul\u00eancia socioecon\u00f4mica em 2020 com um dos programas de bem-estar mais generosos do mundo.&nbsp;Agora esse fluxo de dinheiro foi restringido, deixando os brasileiros vulner\u00e1veis \u200b\u200bexpostos ao aumento dos pre\u00e7os dos alimentos e a um mercado de trabalho ainda pior.&nbsp;E a tens\u00e3o surge em um momento em que n\u00e3o h\u00e1 esperan\u00e7a de vacina\u00e7\u00e3o em massa a curto prazo para proteger a for\u00e7a de trabalho.<\/p>\n\n\n\n<p>\u201cO bem-estar do governo ser\u00e1 menor e o processo de recupera\u00e7\u00e3o ser\u00e1 mais dif\u00edcil por causa da pandemia e da vacina\u00e7\u00e3o lenta\u201d, disse S\u00e9rgio Vale, economista-chefe da consultoria MB Associates, de S\u00e3o Paulo. \u201cAs pessoas s\u00e3o mais pobres, t\u00eam contas mais caras e comida mais cara. \u2026 Vai ser dif\u00edcil sobreviver. \u201d<\/p>\n\n\n\n<p>No ano passado, o governo brasileiro forneceu pagamentos que totalizaram quase 300 bilh\u00f5es de reais (US $ 55 bilh\u00f5es), que atingiram 68 milh\u00f5es de pessoas, cerca de um ter\u00e7o da popula\u00e7\u00e3o. O dinheiro impulsionou a atividade econ\u00f4mica enquanto o presidente Jair Bolsonaro denunciava restri\u00e7\u00f5es com o objetivo de conter a pandemia. A recess\u00e3o brasileira, que encolheu a economia em 4,1%, foi menor do que a de pa\u00edses da mesma regi\u00e3o, onde algumas economias despencaram duas vezes mais.<\/p>\n\n\n\n<p>Mas o governo federal retirou a t\u00e1bua de salva\u00e7\u00e3o do bem-estar no final do ano , priorizando as finan\u00e7as p\u00fablicas em dificuldades e n\u00e3o prevendo o brutal tsunami COVID-19 que se materializou em janeiro. O bem-estar foi retomado em abril, mas para cerca de dois ter\u00e7os do n\u00famero de pessoas. Eles tamb\u00e9m est\u00e3o recebendo menos da metade dos valores mensais anteriores.<\/p>\n\n\n\n<p>O mercado de trabalho do Brasil despencou, junto com o de outras economias latino-americanas com muitos trabalhadores informais, de acordo com uma compara\u00e7\u00e3o internacional publicada em 14 de maio pelo instituto de pesquisa econ\u00f4mica do governo.<\/p>\n\n\n\n<p>Nos tr\u00eas meses at\u00e9 fevereiro, a taxa de subutiliza\u00e7\u00e3o do Brasil \u2013 composta por desempregados, pessoas com poucas horas de trabalho e potenciais trabalhadores fora da for\u00e7a de trabalho \u2013 subiu para 29,2%, o maior n\u00edvel para o per\u00edodo desde 2012, de acordo com o instituto nacional de estat\u00edsticas.&nbsp;Inclui 14,4% de desemprego, que a Vale prev\u00ea que aumentar\u00e1 ainda mais.<\/p>\n\n\n\n<p>A pobreza \u2013 definida como fam\u00edlias que vivem com menos de um sal\u00e1rio m\u00ednimo \u2013 disparou no primeiro trimestre de 2021 para o n\u00edvel mais alto em pelo menos nove anos, depois de&nbsp;<a class=\"\" href=\"https:\/\/apnews.com\/article\/virus-outbreak-brazil-caribbean-understanding-the-outbreak-international-news-0bd532d879b8f2a7c65aec0f3de195f9\">despencar no ano passado<\/a>&nbsp;, segundo Marcelo Neri, diretor do centro de pol\u00edticas sociais da Funda\u00e7\u00e3o Getulio Vargas.<\/p>\n\n\n\n<p>A inseguran\u00e7a alimentar das pessoas com empregos informais \u00e9 qu\u00e1druplo em rela\u00e7\u00e3o aos assalariados, segundo Tereza Campello, ex-ministra do Desenvolvimento Social.<\/p>\n\n\n\n<p>\u201cIsso mostrou como a m\u00e3o de obra se tornou prec\u00e1ria desde que o Brasil removeu muitas prote\u00e7\u00f5es\u201d, disse Campello.&nbsp;\u201cMesmo quem trabalha e est\u00e1 mais exposto ao v\u00edrus vive em uma situa\u00e7\u00e3o quase t\u00e3o ruim quanto estar desempregado.\u201d<\/p>\n\n\n\n<p>\u00c0 medida que a renda cai, os pre\u00e7os sobem, o que significa que os desfavorecidos s\u00e3o duplamente pressionados.&nbsp;A infla\u00e7\u00e3o est\u00e1 subindo em seu ritmo mais r\u00e1pido desde 2016 \u2013 6,8%.&nbsp;Nos \u00faltimos 12 meses, o custo de alimentos b\u00e1sicos como a mandioca aumentou 18%, o arroz 57% e o feij\u00e3o at\u00e9 51%.<\/p>\n\n\n\n<p>Moradores de favelas aceitaram kits de comida de organiza\u00e7\u00f5es sem fins lucrativos como a Rio de Paz.&nbsp;Seu fundador, Ant\u00f4nio Carlos Costa, disse que alguns destinat\u00e1rios choram de gratid\u00e3o.<\/p>\n\n\n\n<p>V\u00e2nia Heleno dos Reis, 52, disse que a previd\u00eancia no ano passado permitiu que ela parasse de limpar as casas, mas ela retomou por volta do final do ano e n\u00e3o parou mais.&nbsp;Ela e o marido, Pedro, um faz-tudo, n\u00e3o comem carne h\u00e1 semanas e, em vez disso, comem frango, ovos, arroz e feij\u00e3o.<\/p>\n\n\n\n<p>\u201cPedro gosta de comer muito pela manh\u00e3, mas agora ele tamb\u00e9m est\u00e1 tentando reduzir para um p\u00e3o em vez de dois para que possamos economizar um pouco para o final do dia\u201d, disse dos Reis em um supermercado perto de Heli\u00f3polis, em S\u00e3o Paulo maior favela.<\/p>\n\n\n\n<p>\u201cEu gostaria de poder ficar em casa.&nbsp;Simplesmente n\u00e3o podemos \u201d, acrescentou ela.&nbsp;\u201cEu me protejo tanto quanto posso.&nbsp;Eu conhe\u00e7o pessoas que morreram de COVID.&nbsp;Mas n\u00e3o posso morrer de fome. \u201d<\/p>\n\n\n\n<p>A propaga\u00e7\u00e3o do COVID-19 acelerou este ano, causando mais mortes nos primeiros quatro meses de 2021 do que em todo o ano de 2020. Quase 2.000 pessoas ainda morrem a cada dia \u2013 uma contagem superada apenas pela \u00cdndia.<\/p>\n\n\n\n<p>Os pa\u00edses vizinhos tamb\u00e9m est\u00e3o sofrendo.&nbsp;O maior n\u00famero de mortes semanais per capita no mundo agora \u00e9 encontrado&nbsp;<a href=\"https:\/\/ourworldindata.org\/explorers\/coronavirus-data-explorer?tab=table&amp;zoomToSelection=true&amp;minPopulationFilter=1000000&amp;pickerSort=asc&amp;pickerMetric=location&amp;hideControls=true&amp;Metric=Confirmed+deaths&amp;Interval=7-day+rolling+average&amp;Relative+to+Population=true&amp;Align+outbreaks=false&amp;country=USA~GBR~ITA~DEU~KOR~ZAF~BRA\" target=\"_blank\" rel=\"noreferrer noopener\" class=\"\">no Brasil e em cinco outras na\u00e7\u00f5es latino-americanas e caribenhas<\/a>&nbsp;, de acordo com o Our World in Data, um site de pesquisa online.&nbsp;O produto interno bruto regional contraiu 7,4% em 2020, marcando o pior ano \u00fanico desde 1821, quando os pa\u00edses estavam se livrando do jugo colonial, de acordo com o Banco Interamericano de Desenvolvimento.<\/p>\n\n\n\n<p>\u201cEm 2019, a regi\u00e3o voava com um motor quebrado.&nbsp;Em 2020, seu outro motor tamb\u00e9m foi atingido \u201d,&nbsp;<a class=\"\" href=\"https:\/\/publications.iadb.org\/publications\/english\/document\/2021-Latin-American-and-Caribbean-Macroeconomic-Report-Opportunities-for-Stronger-and-Sustainable-Postpandemic-Growth.pdf\" target=\"_blank\" rel=\"noreferrer noopener\">escreveu o<\/a>&nbsp;economista-chefe do banco, Eric Parrado,&nbsp;<a class=\"\" href=\"https:\/\/publications.iadb.org\/publications\/english\/document\/2021-Latin-American-and-Caribbean-Macroeconomic-Report-Opportunities-for-Stronger-and-Sustainable-Postpandemic-Growth.pdf\" target=\"_blank\" rel=\"noreferrer noopener\">em um relat\u00f3rio de mar\u00e7o.&nbsp;<\/a>\u201cO desafio que enfrentamos agora \u00e9 levar esta aeronave em seguran\u00e7a, resgatar os passageiros e nos preparar para os reparos necess\u00e1rios.\u201d<\/p>\n\n\n\n<p>Os ricos da regi\u00e3o&nbsp;<a class=\"\" href=\"https:\/\/apnews.com\/article\/business-travel-monterrey-mexico-coronavirus-pandemic-96f18e680da3c21f2ec57e0010b5254d\">est\u00e3o voando para os Estados Unidos para receber vacinas<\/a>&nbsp;, deixando os pobres \u00e0 merc\u00ea dos calend\u00e1rios locais de vacina\u00e7\u00e3o.&nbsp;A maioria das na\u00e7\u00f5es carece de vacinas, mas o governo do Brasil em particular&nbsp;<a class=\"\" href=\"https:\/\/apnews.com\/article\/pandemics-brazil-rio-de-janeiro-coronavirus-pandemic-coronavirus-vaccine-925ef71baf79b31a5e0f1e0e66c3b4d7\">negligenciou os acordos<\/a>&nbsp;.&nbsp;Em vez disso, apostou alto na AstraZeneca e, assim que surgiram problemas de abastecimento, comprou apenas um backup, o CoronaVac de fabrica\u00e7\u00e3o chinesa.&nbsp;A produ\u00e7\u00e3o local de ambas as vacinas foi temporariamente suspensa na semana passada em meio \u00e0 escassez de novos produtos.<\/p>\n\n\n\n<p>Somente em fevereiro o governo brasileiro come\u00e7ou a assinar acordos com outros fornecedores \u2013&nbsp;<a class=\"\" href=\"https:\/\/apnews.com\/article\/pandemics-brazil-rio-de-janeiro-coronavirus-pandemic-coronavirus-vaccine-925ef71baf79b31a5e0f1e0e66c3b4d7\">tarde demais para adquirir um fornecimento significativo at\u00e9 a segunda metade de 2021<\/a>&nbsp;.&nbsp;Apenas 8,9% da popula\u00e7\u00e3o est\u00e1 totalmente vacinada.<\/p>\n\n\n\n<p>\u201cA melhor pol\u00edtica econ\u00f4mica hoje \u00e9 a vacina\u00e7\u00e3o em massa.&nbsp;Precisamos vacinar rapidamente a popula\u00e7\u00e3o para garantir um retorno seguro ao trabalho \u201d, disse Adolfo Sachsida, secret\u00e1rio de pol\u00edtica econ\u00f4mica do Brasil, em entrevista coletiva em 18 de maio.<\/p>\n\n\n\n<p>Vale disse que as pessoas se acostumaram a n\u00e3o fazer o que \u00e9 necess\u00e1rio para conter a dissemina\u00e7\u00e3o do v\u00edrus.&nbsp;Isso significa uma chance crescente de outra onda COVID-19 no terceiro trimestre, disse ele.<\/p>\n\n\n\n<p>Logo depois, no in\u00edcio de setembro, o reduzido programa de bem-estar social ser\u00e1 encerrado \u2013 a menos que o governo ceda \u00e0 press\u00e3o por sua extens\u00e3o.<\/p>\n\n\n\n<p>\u201cTudo aponta para uma piora da situa\u00e7\u00e3o social\u201d, disse Campello, o ex-ministro do Desenvolvimento Social.&nbsp;\u201cO Brasil chegar\u00e1 ao final de 2021 com um n\u00edvel de desigualdade que t\u00ednhamos na d\u00e9cada de 1990\u201d.<\/p>\n","protected":false},"excerpt":{"rendered":"<p>Da ag\u00eancia internacional AP &#8211; A pandemia de favela surgiu praticamente da noite para o dia, quando as pessoas come\u00e7aram a usar t\u00e1buas de madeira recolhidas para construir barracos em um terreno baldio em S\u00e3o Paulo, a maior cidade do Brasil.<\/p>\n","protected":false},"author":1,"featured_media":0,"comment_status":"closed","ping_status":"open","sticky":false,"template":"","format":"standard","meta":{"_exactmetrics_skip_tracking":false,"_exactmetrics_sitenote_active":false,"_exactmetrics_sitenote_note":"","_exactmetrics_sitenote_category":0,"jetpack_post_was_ever_published":false,"_jetpack_newsletter_access":"","_jetpack_dont_email_post_to_subs":false,"_jetpack_newsletter_tier_id":0,"_jetpack_memberships_contains_paywalled_content":false,"_jetpack_memberships_contains_paid_content":false,"footnotes":"","jetpack_publicize_message":"","jetpack_publicize_feature_enabled":true,"jetpack_social_post_already_shared":true,"jetpack_social_options":{"image_generator_settings":{"template":"highway","enabled":false},"version":2}},"categories":[1],"tags":[],"class_list":["post-32037","post","type-post","status-publish","format-standard","hentry","category-notas"],"jetpack_publicize_connections":[],"jetpack_sharing_enabled":true,"jetpack_featured_media_url":"","jetpack_shortlink":"https:\/\/wp.me\/p7wKYW-8kJ","jetpack-related-posts":[],"_links":{"self":[{"href":"http:\/\/blogdalucianaoliveira.com.br\/blog\/wp-json\/wp\/v2\/posts\/32037","targetHints":{"allow":["GET"]}}],"collection":[{"href":"http:\/\/blogdalucianaoliveira.com.br\/blog\/wp-json\/wp\/v2\/posts"}],"about":[{"href":"http:\/\/blogdalucianaoliveira.com.br\/blog\/wp-json\/wp\/v2\/types\/post"}],"author":[{"embeddable":true,"href":"http:\/\/blogdalucianaoliveira.com.br\/blog\/wp-json\/wp\/v2\/users\/1"}],"replies":[{"embeddable":true,"href":"http:\/\/blogdalucianaoliveira.com.br\/blog\/wp-json\/wp\/v2\/comments?post=32037"}],"version-history":[{"count":1,"href":"http:\/\/blogdalucianaoliveira.com.br\/blog\/wp-json\/wp\/v2\/posts\/32037\/revisions"}],"predecessor-version":[{"id":32039,"href":"http:\/\/blogdalucianaoliveira.com.br\/blog\/wp-json\/wp\/v2\/posts\/32037\/revisions\/32039"}],"wp:attachment":[{"href":"http:\/\/blogdalucianaoliveira.com.br\/blog\/wp-json\/wp\/v2\/media?parent=32037"}],"wp:term":[{"taxonomy":"category","embeddable":true,"href":"http:\/\/blogdalucianaoliveira.com.br\/blog\/wp-json\/wp\/v2\/categories?post=32037"},{"taxonomy":"post_tag","embeddable":true,"href":"http:\/\/blogdalucianaoliveira.com.br\/blog\/wp-json\/wp\/v2\/tags?post=32037"}],"curies":[{"name":"wp","href":"https:\/\/api.w.org\/{rel}","templated":true}]}}