{"id":32046,"date":"2021-05-26T13:53:07","date_gmt":"2021-05-26T17:53:07","guid":{"rendered":"http:\/\/blogdalucianaoliveira.com.br\/blog\/?p=32046"},"modified":"2021-05-26T13:53:12","modified_gmt":"2021-05-26T17:53:12","slug":"mp-de-rondonia-entra-com-acao-contra-lei-que-reduz-areas-de-unidades-de-conservacao","status":"publish","type":"post","link":"http:\/\/blogdalucianaoliveira.com.br\/blog\/2021\/05\/26\/mp-de-rondonia-entra-com-acao-contra-lei-que-reduz-areas-de-unidades-de-conservacao\/","title":{"rendered":"MP de Rond\u00f4nia entra com a\u00e7\u00e3o contra lei que reduz \u00e1reas de unidades de conserva\u00e7\u00e3o"},"content":{"rendered":"\n<figure class=\"wp-block-image size-large\"><img data-recalc-dims=\"1\" loading=\"lazy\" decoding=\"async\" width=\"600\" height=\"400\" data-attachment-id=\"32047\" data-permalink=\"http:\/\/blogdalucianaoliveira.com.br\/blog\/2021\/05\/26\/mp-de-rondonia-entra-com-acao-contra-lei-que-reduz-areas-de-unidades-de-conservacao\/cd9cb744-a9d2-460b-8c9c-f78225c68f02\/\" data-orig-file=\"https:\/\/i0.wp.com\/blogdalucianaoliveira.com.br\/blog\/wp-content\/uploads\/2021\/05\/CD9CB744-A9D2-460B-8C9C-F78225C68F02.jpeg?fit=1024%2C683\" data-orig-size=\"1024,683\" data-comments-opened=\"0\" data-image-meta=\"{&quot;aperture&quot;:&quot;0&quot;,&quot;credit&quot;:&quot;&quot;,&quot;camera&quot;:&quot;&quot;,&quot;caption&quot;:&quot;&quot;,&quot;created_timestamp&quot;:&quot;0&quot;,&quot;copyright&quot;:&quot;&quot;,&quot;focal_length&quot;:&quot;0&quot;,&quot;iso&quot;:&quot;0&quot;,&quot;shutter_speed&quot;:&quot;0&quot;,&quot;title&quot;:&quot;&quot;,&quot;orientation&quot;:&quot;0&quot;}\" data-image-title=\"CD9CB744-A9D2-460B-8C9C-F78225C68F02\" data-image-description=\"\" data-image-caption=\"\" data-medium-file=\"https:\/\/i0.wp.com\/blogdalucianaoliveira.com.br\/blog\/wp-content\/uploads\/2021\/05\/CD9CB744-A9D2-460B-8C9C-F78225C68F02.jpeg?fit=300%2C200\" data-large-file=\"https:\/\/i0.wp.com\/blogdalucianaoliveira.com.br\/blog\/wp-content\/uploads\/2021\/05\/CD9CB744-A9D2-460B-8C9C-F78225C68F02.jpeg?fit=600%2C400\" src=\"https:\/\/i0.wp.com\/blogdalucianaoliveira.com.br\/blog\/wp-content\/uploads\/2021\/05\/CD9CB744-A9D2-460B-8C9C-F78225C68F02.jpeg?resize=600%2C400\" alt=\"\" class=\"wp-image-32047\" srcset=\"https:\/\/i0.wp.com\/blogdalucianaoliveira.com.br\/blog\/wp-content\/uploads\/2021\/05\/CD9CB744-A9D2-460B-8C9C-F78225C68F02.jpeg?w=1024 1024w, https:\/\/i0.wp.com\/blogdalucianaoliveira.com.br\/blog\/wp-content\/uploads\/2021\/05\/CD9CB744-A9D2-460B-8C9C-F78225C68F02.jpeg?resize=300%2C200 300w, https:\/\/i0.wp.com\/blogdalucianaoliveira.com.br\/blog\/wp-content\/uploads\/2021\/05\/CD9CB744-A9D2-460B-8C9C-F78225C68F02.jpeg?resize=768%2C512 768w, https:\/\/i0.wp.com\/blogdalucianaoliveira.com.br\/blog\/wp-content\/uploads\/2021\/05\/CD9CB744-A9D2-460B-8C9C-F78225C68F02.jpeg?resize=450%2C300 450w\" sizes=\"auto, (max-width: 600px) 100vw, 600px\" \/><\/figure>\n\n\n\n<p><strong>Casa Ninja Amaz\u00f4nia<\/strong> &#8211; O futuro da reserva Jaci-Paran\u00e1 e do Parque Estadual Guajar\u00e1-Mirim ganha mais um cap\u00edtulo.<\/p>\n\n\n\n<!--more-->\n\n\n\n<p>O Minist\u00e9rio p\u00fablico do Estado de Rond\u00f4nia, entrou com A\u00e7\u00e3o Direta de Inconstitucionalidade (ADI) contra a Lei Complementar Estadual n\u00ba 1.089\/21, sancionada no dia 20 de maio, pelo governador Marcos Rocha, aliado fiel do presidente Jair Bolsonaro.<\/p>\n\n\n\n<p>A Lei reduz os limites das Reservas Extrativistas Jaci-Paran\u00e1 \u2013 que perder\u00e1 quase 152 mil hectares \u2013 e do Parque Estadual de Guajar\u00e1-Mirim. A redu\u00e7\u00e3o equivale a 167 mil hectares de reservas florestais. O MP j\u00e1 havia aconselhado o governador a n\u00e3o aprovar a lei.<\/p>\n\n\n\n<figure class=\"wp-block-image\"><img data-recalc-dims=\"1\" decoding=\"async\" src=\"https:\/\/i0.wp.com\/casaninjaamazonia.org\/files\/2021\/05\/resex-jaci-parana-antes-e-depois.jpeg?w=600&#038;ssl=1\" alt=\"\" class=\"wp-image-8159\"\/><\/figure>\n\n\n\n<p><em>Como era e como fica a Resex Jaci-Paran\u00e1 depois de alterados seus limites (Divulga\u00e7\u00e3o MP-RO)<\/em><\/p>\n\n\n\n<p>A a\u00e7\u00e3o cautelar pede que a lei seja suspensa at\u00e9 que a Justi\u00e7a Estadual julgue o m\u00e9rito. Segundo o MP, a redu\u00e7\u00e3o das reservas fere o artigo 225 da Constitui\u00e7\u00e3o, que prev\u00ea \u201cdireito ao meio ambiente ecologicamente equilibrado\u201d e confere maior prote\u00e7\u00e3o \u00e0 Amaz\u00f4nia por se tratar de patrim\u00f4nio nacional.<\/p>\n\n\n\n<p>Antes da aprova\u00e7\u00e3o da lei, a Procuradoria Geral do Estado, ambientalistas e representantes de comunidades tradicionais, j\u00e1 se mostravam contr\u00e1rios a ela. Uma carta foi encaminhada para o governador, expondo as irregularidades do projeto, no entanto, o apelo parece n\u00e3o ter sido levado em considera\u00e7\u00e3o.<\/p>\n\n\n\n<p>A lei \u00e9 cercada de irregularidades, afeta diretamente terras ind\u00edgenas, fere um patrim\u00f4nio nacional e todos que dele dependem. \u00c9 uma amea\u00e7a direta para as futuras gera\u00e7\u00f5es.<\/p>\n\n\n\n<p>O MP tamb\u00e9m divulgou a imagem impactante de como fica o Parque Guajar\u00e1-Mirim com a altera\u00e7\u00e3o de seus limites: perder\u00e1 16.474 dos limites atuais.<\/p>\n\n\n\n<figure class=\"wp-block-image\"><img data-recalc-dims=\"1\" decoding=\"async\" src=\"https:\/\/i0.wp.com\/casaninjaamazonia.org\/files\/2021\/05\/parque-estadual-de-guajara-antes-e-depois.jpeg?w=600&#038;ssl=1\" alt=\"\" class=\"wp-image-8160\"\/><\/figure>\n","protected":false},"excerpt":{"rendered":"<p>Casa Ninja Amaz\u00f4nia &#8211; O futuro da reserva Jaci-Paran\u00e1 e do Parque Estadual Guajar\u00e1-Mirim ganha mais um cap\u00edtulo.<\/p>\n","protected":false},"author":1,"featured_media":0,"comment_status":"closed","ping_status":"open","sticky":false,"template":"","format":"standard","meta":{"_exactmetrics_skip_tracking":false,"_exactmetrics_sitenote_active":false,"_exactmetrics_sitenote_note":"","_exactmetrics_sitenote_category":0,"jetpack_post_was_ever_published":false,"_jetpack_newsletter_access":"","_jetpack_dont_email_post_to_subs":false,"_jetpack_newsletter_tier_id":0,"_jetpack_memberships_contains_paywalled_content":false,"_jetpack_memberships_contains_paid_content":false,"footnotes":"","jetpack_publicize_message":"","jetpack_publicize_feature_enabled":true,"jetpack_social_post_already_shared":true,"jetpack_social_options":{"image_generator_settings":{"template":"highway","enabled":false},"version":2}},"categories":[1],"tags":[494,512,498],"class_list":["post-32046","post","type-post","status-publish","format-standard","hentry","category-notas","tag-pl-080","tag-resex-jaci-parana","tag-unidades-de-conservacao"],"jetpack_publicize_connections":[],"jetpack_sharing_enabled":true,"jetpack_featured_media_url":"","jetpack_shortlink":"https:\/\/wp.me\/p7wKYW-8kS","jetpack-related-posts":[],"_links":{"self":[{"href":"http:\/\/blogdalucianaoliveira.com.br\/blog\/wp-json\/wp\/v2\/posts\/32046","targetHints":{"allow":["GET"]}}],"collection":[{"href":"http:\/\/blogdalucianaoliveira.com.br\/blog\/wp-json\/wp\/v2\/posts"}],"about":[{"href":"http:\/\/blogdalucianaoliveira.com.br\/blog\/wp-json\/wp\/v2\/types\/post"}],"author":[{"embeddable":true,"href":"http:\/\/blogdalucianaoliveira.com.br\/blog\/wp-json\/wp\/v2\/users\/1"}],"replies":[{"embeddable":true,"href":"http:\/\/blogdalucianaoliveira.com.br\/blog\/wp-json\/wp\/v2\/comments?post=32046"}],"version-history":[{"count":1,"href":"http:\/\/blogdalucianaoliveira.com.br\/blog\/wp-json\/wp\/v2\/posts\/32046\/revisions"}],"predecessor-version":[{"id":32048,"href":"http:\/\/blogdalucianaoliveira.com.br\/blog\/wp-json\/wp\/v2\/posts\/32046\/revisions\/32048"}],"wp:attachment":[{"href":"http:\/\/blogdalucianaoliveira.com.br\/blog\/wp-json\/wp\/v2\/media?parent=32046"}],"wp:term":[{"taxonomy":"category","embeddable":true,"href":"http:\/\/blogdalucianaoliveira.com.br\/blog\/wp-json\/wp\/v2\/categories?post=32046"},{"taxonomy":"post_tag","embeddable":true,"href":"http:\/\/blogdalucianaoliveira.com.br\/blog\/wp-json\/wp\/v2\/tags?post=32046"}],"curies":[{"name":"wp","href":"https:\/\/api.w.org\/{rel}","templated":true}]}}