{"id":32049,"date":"2021-05-26T16:57:28","date_gmt":"2021-05-26T20:57:28","guid":{"rendered":"http:\/\/blogdalucianaoliveira.com.br\/blog\/?p=32049"},"modified":"2021-05-26T16:57:33","modified_gmt":"2021-05-26T20:57:33","slug":"em-reacao-a-operacao-contra-mineracao-ilegal-garimpeiros-incendeiam-aldeia-de-lider-indigena-no-pa","status":"publish","type":"post","link":"http:\/\/blogdalucianaoliveira.com.br\/blog\/2021\/05\/26\/em-reacao-a-operacao-contra-mineracao-ilegal-garimpeiros-incendeiam-aldeia-de-lider-indigena-no-pa\/","title":{"rendered":"Em rea\u00e7\u00e3o a opera\u00e7\u00e3o contra minera\u00e7\u00e3o ilegal, garimpeiros incendeiam aldeia de l\u00edder ind\u00edgena no PA"},"content":{"rendered":"\n<figure class=\"wp-block-image size-large\"><img loading=\"lazy\" decoding=\"async\" width=\"2400\" height=\"1601\" data-attachment-id=\"32050\" data-permalink=\"http:\/\/blogdalucianaoliveira.com.br\/blog\/2021\/05\/26\/em-reacao-a-operacao-contra-mineracao-ilegal-garimpeiros-incendeiam-aldeia-de-lider-indigena-no-pa\/cb3779d8-53c9-4288-8ca0-2482ec826853\/\" data-orig-file=\"https:\/\/i0.wp.com\/blogdalucianaoliveira.com.br\/blog\/wp-content\/uploads\/2021\/05\/CB3779D8-53C9-4288-8CA0-2482EC826853.jpeg?fit=2400%2C1601\" data-orig-size=\"2400,1601\" data-comments-opened=\"0\" data-image-meta=\"{&quot;aperture&quot;:&quot;0&quot;,&quot;credit&quot;:&quot;&quot;,&quot;camera&quot;:&quot;&quot;,&quot;caption&quot;:&quot;&quot;,&quot;created_timestamp&quot;:&quot;0&quot;,&quot;copyright&quot;:&quot;&quot;,&quot;focal_length&quot;:&quot;0&quot;,&quot;iso&quot;:&quot;0&quot;,&quot;shutter_speed&quot;:&quot;0&quot;,&quot;title&quot;:&quot;&quot;,&quot;orientation&quot;:&quot;0&quot;}\" data-image-title=\"CB3779D8-53C9-4288-8CA0-2482EC826853\" data-image-description=\"\" data-image-caption=\"\" data-medium-file=\"https:\/\/i0.wp.com\/blogdalucianaoliveira.com.br\/blog\/wp-content\/uploads\/2021\/05\/CB3779D8-53C9-4288-8CA0-2482EC826853.jpeg?fit=300%2C200\" data-large-file=\"https:\/\/i0.wp.com\/blogdalucianaoliveira.com.br\/blog\/wp-content\/uploads\/2021\/05\/CB3779D8-53C9-4288-8CA0-2482EC826853.jpeg?fit=600%2C400\" src=\"https:\/\/i1.wp.com\/blogdalucianaoliveira.com.br\/blog\/wp-content\/uploads\/2021\/05\/CB3779D8-53C9-4288-8CA0-2482EC826853.jpeg?fit=600%2C400\" alt=\"\" class=\"wp-image-32050\" srcset=\"https:\/\/i0.wp.com\/blogdalucianaoliveira.com.br\/blog\/wp-content\/uploads\/2021\/05\/CB3779D8-53C9-4288-8CA0-2482EC826853.jpeg?w=2400 2400w, https:\/\/i0.wp.com\/blogdalucianaoliveira.com.br\/blog\/wp-content\/uploads\/2021\/05\/CB3779D8-53C9-4288-8CA0-2482EC826853.jpeg?resize=300%2C200 300w, https:\/\/i0.wp.com\/blogdalucianaoliveira.com.br\/blog\/wp-content\/uploads\/2021\/05\/CB3779D8-53C9-4288-8CA0-2482EC826853.jpeg?resize=1024%2C683 1024w, https:\/\/i0.wp.com\/blogdalucianaoliveira.com.br\/blog\/wp-content\/uploads\/2021\/05\/CB3779D8-53C9-4288-8CA0-2482EC826853.jpeg?resize=768%2C512 768w, https:\/\/i0.wp.com\/blogdalucianaoliveira.com.br\/blog\/wp-content\/uploads\/2021\/05\/CB3779D8-53C9-4288-8CA0-2482EC826853.jpeg?resize=1536%2C1025 1536w, https:\/\/i0.wp.com\/blogdalucianaoliveira.com.br\/blog\/wp-content\/uploads\/2021\/05\/CB3779D8-53C9-4288-8CA0-2482EC826853.jpeg?resize=2048%2C1366 2048w, https:\/\/i0.wp.com\/blogdalucianaoliveira.com.br\/blog\/wp-content\/uploads\/2021\/05\/CB3779D8-53C9-4288-8CA0-2482EC826853.jpeg?resize=450%2C300 450w, https:\/\/i0.wp.com\/blogdalucianaoliveira.com.br\/blog\/wp-content\/uploads\/2021\/05\/CB3779D8-53C9-4288-8CA0-2482EC826853.jpeg?w=1200 1200w, https:\/\/i0.wp.com\/blogdalucianaoliveira.com.br\/blog\/wp-content\/uploads\/2021\/05\/CB3779D8-53C9-4288-8CA0-2482EC826853.jpeg?w=1800 1800w\" sizes=\"auto, (max-width: 600px) 100vw, 600px\" \/><\/figure>\n\n\n\n<p><strong>Folha de S\u00e3o Paulo<\/strong> &#8211; Uma turba de garimpeiros atacou a tiros e com fogo a aldeia da<a href=\"https:\/\/www1.folha.uol.com.br\/poder\/2021\/03\/nao-existe-democracia-para-indigenas-do-brasil-diz-lider-munduruku.shtml\">\u00a0l\u00edder munduruku Maria Leusa<\/a>, nesta quarta-feira (26). O ataque \u00e9 uma repres\u00e1lia a uma megaopera\u00e7\u00e3o coordenada pela Pol\u00edcia Federal contra a\u00a0<a href=\"https:\/\/www1.folha.uol.com.br\/ambiente\/2017\/06\/1891796-megagarimpo-ilegal-provoca-febre-do-ouro-e-divide-indios-no-para.shtml\">minera\u00e7\u00e3o ilegal<\/a>.<\/p>\n\n\n\n<!--more-->\n\n\n\n<p>\u201cVenham, por favor, est\u00e1 uma confus\u00e3o, v\u00e3o queimar minha casa. Adonias [Munduruku] est\u00e1 dando tiro no cais, em todo lugar. Eles est\u00e3o dando tiro, por favor, me ajuda\u201d, disse Maria Leusa Munduruku, em mensagens por \u00e1udio por volta das 13h desta quarta-feira (26). Em seguida, a comunica\u00e7\u00e3o de internet foi cortada. Ela mora na aldeia Fazenda Tapaj\u00f3s, perto de Jacareacanga, no sudoeste do Par\u00e1.<\/p>\n\n\n\n<p>Relatos afirmam que os garimpeiros atearam fogo na casa da lideran\u00e7a. Uma imagem tirada do outro lado do rio Tapaj\u00f3s mostra uma coluna de fuma\u00e7a saindo da aldeia.<\/p>\n\n\n\n<p>Policiais federais que est\u00e3o na regi\u00e3o informaram que o grupo de garimpeiros tinha aproximadamente cem integrantes. Munidos de paus e pedras, tentaram invadir a base da Pol\u00edcia Federal montada na regi\u00e3o e incendiar viaturas.<\/p>\n\n\n\n<p>Os policiais reagiram com bombas de g\u00e1s lacrimog\u00eaneo. Ningu\u00e9m foi preso. A Pol\u00edcia Federal informou que fez um sobrevoo na \u00e1rea e identificou os pontos de garimpo ilegal.<\/p>\n\n\n\n<p>O balan\u00e7o da opera\u00e7\u00e3o, que foi iniciada nesta ter\u00e7a-feira (25), ainda n\u00e3o foi divulgado.<\/p>\n\n\n\n<p>Os crimes investigados s\u00e3o de associa\u00e7\u00e3o criminosa, explora\u00e7\u00e3o ilegal de mat\u00e9ria-prima pertencente a Uni\u00e3o e delito contra o meio ambiente.<\/p>\n\n\n\n<p>Nos \u00faltimos anos, Maria Leusa tem recebido diversas amea\u00e7as de morte por sua oposi\u00e7\u00e3o ao garimpo, e j\u00e1 teve de sair algumas vezes da regi\u00e3o de Jacareacanga para se proteger.<\/p>\n\n\n\n<p><a href=\"https:\/\/www1.folha.uol.com.br\/poder\/2021\/04\/vaquinha-do-garimpo-paga-onibus-ate-brasilia-para-indigenas-apoiarem-mineracao.shtml\">Envolvido com a minera\u00e7\u00e3o ilegal<\/a>, Adonias Kaba Munduruku \u00e9 apontado como o respons\u00e1vel pelo ataque.<\/p>\n\n\n\n<p>Em agosto do ano passado,&nbsp;<a href=\"https:\/\/www1.folha.uol.com.br\/ambiente\/2020\/08\/mpf-investiga-se-aviao-da-fab-levou-garimpeiros-para-encontro-com-salles.shtml\">ele foi um dos sete mundurukus que embarcaram em um voo da FAB (For\u00e7a A\u00e9rea Brasileira) de Jacareacanga a Bras\u00edlia<\/a>, para se reunir com o governo sobre a legaliza\u00e7\u00e3o da minera\u00e7\u00e3o ilegal em terras ind\u00edgenas, em encontros sem participa\u00e7\u00e3o das lideran\u00e7as que sem op\u00f5em \u00e0 regulariza\u00e7\u00e3o. A viagem est\u00e1 sob investiga\u00e7\u00e3o do Minist\u00e9rio P\u00fablico Federal.<\/p>\n\n\n\n<figure class=\"wp-block-image\"><a href=\"https:\/\/fotografia.folha.uol.com.br\/galerias\/1674230913625734-garimpeiros-ilegais-fecham-aeroporto-durante-visita-de-salles-a-cidade-do-para\"><img data-recalc-dims=\"1\" decoding=\"async\" src=\"https:\/\/i0.wp.com\/f.i.uol.com.br\/fotografia\/2020\/08\/05\/15966710425f2b4442dca79_1596671042_3x2_md.jpg?w=600&#038;ssl=1\" alt=\"Garimpeiros ilegais fecham aeroporto durante visita de Salles a cidade do Par\u00e1\"\/><\/a><figcaption><a href=\"https:\/\/fotografia.folha.uol.com.br\/galerias\/1674230913625734-garimpeiros-ilegais-fecham-aeroporto-durante-visita-de-salles-a-cidade-do-para\">Garimpeiros ilegais fecham aeroporto durante visita de Salles a cidade do Par\u00e1<\/a><\/figcaption><\/figure>\n\n\n\n<p>A minera\u00e7\u00e3o ilegal tem destru\u00eddo dezenas de quil\u00f4metros de rios, contaminado a \u00e1gua com merc\u00fario e levado doen\u00e7as e \u00e1lcool ao territ\u00f3rio munduruku, al\u00e9m de ter provocado<a href=\"https:\/\/www1.folha.uol.com.br\/ambiente\/2020\/10\/indigenas-pro-garimpo-destroem-equipamento-de-tv-americana-durante-protesto-no-pa.shtml\">&nbsp;cis\u00f5es internas, com diversos epis\u00f3dios violentos<\/a>.<\/p>\n\n\n\n<p>Recentemente,&nbsp;<a href=\"https:\/\/www1.folha.uol.com.br\/ambiente\/2021\/03\/turba-destroi-sede-de-associacao-de-mulheres-indigenas-antigarimpo-no-pa.shtml\">a associa\u00e7\u00e3o de mulheres liderada por Maria Leusa teve a sede, em Jacareacanga, destru\u00edda<\/a>&nbsp;por mundurukus associados ao garimpo.<\/p>\n\n\n\n<p><a href=\"https:\/\/www1.folha.uol.com.br\/ambiente\/2021\/05\/dono-de-garimpo-se-assusta-apos-sobrevoo-de-helicoptero-de-salles-foge-para-a-cidade-e-e-preso-no-pa.shtml\">A Terra Ind\u00edgena Munduruku \u00e9 alvo de uma grande opera\u00e7\u00e3o contra garimpo<\/a>&nbsp;envolvendo agentes da Pol\u00edcia Federal, do Ex\u00e9rcito, da For\u00e7a Nacional e do Ibama.<\/p>\n","protected":false},"excerpt":{"rendered":"<p>Folha de S\u00e3o Paulo &#8211; Uma turba de garimpeiros atacou a tiros e com fogo a aldeia da\u00a0l\u00edder munduruku Maria Leusa, nesta quarta-feira (26). O ataque \u00e9 uma repres\u00e1lia a uma megaopera\u00e7\u00e3o coordenada pela Pol\u00edcia Federal contra a\u00a0minera\u00e7\u00e3o ilegal.<\/p>\n","protected":false},"author":1,"featured_media":0,"comment_status":"closed","ping_status":"open","sticky":false,"template":"","format":"standard","meta":{"_exactmetrics_skip_tracking":false,"_exactmetrics_sitenote_active":false,"_exactmetrics_sitenote_note":"","_exactmetrics_sitenote_category":0,"jetpack_post_was_ever_published":false,"_jetpack_newsletter_access":"","_jetpack_dont_email_post_to_subs":false,"_jetpack_newsletter_tier_id":0,"_jetpack_memberships_contains_paywalled_content":false,"_jetpack_memberships_contains_paid_content":false,"footnotes":"","jetpack_publicize_message":"","jetpack_publicize_feature_enabled":true,"jetpack_social_post_already_shared":true,"jetpack_social_options":{"image_generator_settings":{"template":"highway","enabled":false},"version":2}},"categories":[1],"tags":[],"class_list":["post-32049","post","type-post","status-publish","format-standard","hentry","category-notas"],"jetpack_publicize_connections":[],"jetpack_sharing_enabled":true,"jetpack_featured_media_url":"","jetpack_shortlink":"https:\/\/wp.me\/p7wKYW-8kV","jetpack-related-posts":[],"_links":{"self":[{"href":"http:\/\/blogdalucianaoliveira.com.br\/blog\/wp-json\/wp\/v2\/posts\/32049","targetHints":{"allow":["GET"]}}],"collection":[{"href":"http:\/\/blogdalucianaoliveira.com.br\/blog\/wp-json\/wp\/v2\/posts"}],"about":[{"href":"http:\/\/blogdalucianaoliveira.com.br\/blog\/wp-json\/wp\/v2\/types\/post"}],"author":[{"embeddable":true,"href":"http:\/\/blogdalucianaoliveira.com.br\/blog\/wp-json\/wp\/v2\/users\/1"}],"replies":[{"embeddable":true,"href":"http:\/\/blogdalucianaoliveira.com.br\/blog\/wp-json\/wp\/v2\/comments?post=32049"}],"version-history":[{"count":1,"href":"http:\/\/blogdalucianaoliveira.com.br\/blog\/wp-json\/wp\/v2\/posts\/32049\/revisions"}],"predecessor-version":[{"id":32051,"href":"http:\/\/blogdalucianaoliveira.com.br\/blog\/wp-json\/wp\/v2\/posts\/32049\/revisions\/32051"}],"wp:attachment":[{"href":"http:\/\/blogdalucianaoliveira.com.br\/blog\/wp-json\/wp\/v2\/media?parent=32049"}],"wp:term":[{"taxonomy":"category","embeddable":true,"href":"http:\/\/blogdalucianaoliveira.com.br\/blog\/wp-json\/wp\/v2\/categories?post=32049"},{"taxonomy":"post_tag","embeddable":true,"href":"http:\/\/blogdalucianaoliveira.com.br\/blog\/wp-json\/wp\/v2\/tags?post=32049"}],"curies":[{"name":"wp","href":"https:\/\/api.w.org\/{rel}","templated":true}]}}