{"id":3205,"date":"2016-08-17T11:43:21","date_gmt":"2016-08-17T15:43:21","guid":{"rendered":"http:\/\/blogdalucianaoliveira.com.br\/blog\/?p=3205"},"modified":"2016-08-17T13:09:08","modified_gmt":"2016-08-17T17:09:08","slug":"com-a-maior-cara-de-pau-alexandre-garcia-ironiza-carta-de-dilma-com-lema-da-ditadura","status":"publish","type":"post","link":"http:\/\/blogdalucianaoliveira.com.br\/blog\/2016\/08\/17\/com-a-maior-cara-de-pau-alexandre-garcia-ironiza-carta-de-dilma-com-lema-da-ditadura\/","title":{"rendered":"Com a maior cara de pau, Alexandre Garcia ironiza carta de Dilma com lema da ditadura"},"content":{"rendered":"<div style=\"width: 600px;\" class=\"wp-video\"><video class=\"wp-video-shortcode\" id=\"video-3205-1\" width=\"600\" height=\"338\" preload=\"metadata\" controls=\"controls\"><source type=\"video\/mp4\" src=\"http:\/\/blogdalucianaoliveira.com.br\/blog\/wp-content\/uploads\/2016\/08\/IMG_3335.mp4?_=1\" \/><a href=\"http:\/\/blogdalucianaoliveira.com.br\/blog\/wp-content\/uploads\/2016\/08\/IMG_3335.mp4\">http:\/\/blogdalucianaoliveira.com.br\/blog\/wp-content\/uploads\/2016\/08\/IMG_3335.mp4<\/a><\/video><\/div>\n<p>O fil\u00f3sofo e escritor franc\u00eas, Jean-Paul Sartre sentenciou: \u201cO inferno s\u00e3o os outros\u201d.<\/p>\n<p>Cada um \u00e9 condenado a ser livre, ningu\u00e9m nasce com fun\u00e7\u00e3o determinada, a descobre a partir de suas escolhas e a dos outros \u00e9 sempre pior, ainda que seja bem semelhante.<!--more--><\/p>\n<p>Alexandre Garcia escolheu ser porta-voz do general-ditador Jo\u00e3o Figueiredo, e repetiu hoje no Bom Dia Brasil um lema de seu ex-patr\u00e3o.<\/p>\n<p>Ele bem que podia ter citado outra declara\u00e7\u00e3o de Figueiredo na sua an\u00e1lise da carta da presidenta afastada.<\/p>\n<p>\u201cVoc\u00eas querem ent\u00e3o eu vou reconhecer esse sindicato (PT). Mas n\u00e3o esque\u00e7am que esse partido chegar\u00e1 ao poder. L\u00e1 estando, tudo far\u00e1 para instituir o \u201ccomunismo\u201d. Nesse dia voc\u00eas v\u00e3o querer tir\u00e1-lo de l\u00e1. E para tir\u00e1-lo de l\u00e1 ser\u00e1 a custa de muito sangue. Sangue brasileiro\u201d.<\/p>\n<p>O jornalista Alexandre Gracinhas foi demitido do cargo, ap\u00f3s for\u00e7ar a barra sensualizando em uma revista masculina para fortalecer sua fama de \u2018pegador\u2019, de &#8220;garanh\u00e3o do Planalto&#8221;.<\/p>\n<p><img data-recalc-dims=\"1\" loading=\"lazy\" decoding=\"async\" data-attachment-id=\"3206\" data-permalink=\"http:\/\/blogdalucianaoliveira.com.br\/blog\/2016\/08\/17\/com-a-maior-cara-de-pau-alexandre-garcia-ironiza-carta-de-dilma-com-lema-da-ditadura\/alexandre\/\" data-orig-file=\"https:\/\/i0.wp.com\/blogdalucianaoliveira.com.br\/blog\/wp-content\/uploads\/2016\/08\/alexandre.jpg?fit=1000%2C357\" data-orig-size=\"1000,357\" data-comments-opened=\"0\" data-image-meta=\"{&quot;aperture&quot;:&quot;0&quot;,&quot;credit&quot;:&quot;&quot;,&quot;camera&quot;:&quot;&quot;,&quot;caption&quot;:&quot;&quot;,&quot;created_timestamp&quot;:&quot;0&quot;,&quot;copyright&quot;:&quot;&quot;,&quot;focal_length&quot;:&quot;0&quot;,&quot;iso&quot;:&quot;0&quot;,&quot;shutter_speed&quot;:&quot;0&quot;,&quot;title&quot;:&quot;&quot;,&quot;orientation&quot;:&quot;0&quot;}\" data-image-title=\"alexandre\" data-image-description=\"\" data-image-caption=\"\" data-medium-file=\"https:\/\/i0.wp.com\/blogdalucianaoliveira.com.br\/blog\/wp-content\/uploads\/2016\/08\/alexandre.jpg?fit=300%2C107\" data-large-file=\"https:\/\/i0.wp.com\/blogdalucianaoliveira.com.br\/blog\/wp-content\/uploads\/2016\/08\/alexandre.jpg?fit=600%2C214\" src=\"https:\/\/i0.wp.com\/blogdalucianaoliveira.com.br\/blog\/wp-content\/uploads\/2016\/08\/alexandre.jpg?resize=600%2C214\" alt=\"alexandre\" width=\"600\" height=\"214\" class=\"alignnone size-full wp-image-3206\" \/><\/p>\n<p>De porta-voz de milicos, escolheu ser porta-voz dos patr\u00f5es, do stablishment.<\/p>\n<p>Sobre a corrup\u00e7\u00e3o, o jornalista disse que todos que votaram em Dilma s\u00e3o c\u00famplices de pol\u00edticos envolvidos em monumentais esquemas de caixa 2. <\/p>\n<p>Como poucas palavras bastam pra bom entendedor, Alexandre disse: a culpa n\u00e3o \u00e9 minha, votei no A\u00e9cio.<\/p>\n<p>Esse Alexandre gracinha&#8230;<\/p>\n","protected":false},"excerpt":{"rendered":"<p>O fil\u00f3sofo e escritor franc\u00eas, Jean-Paul Sartre sentenciou: \u201cO inferno s\u00e3o os outros\u201d. Cada um \u00e9 condenado a ser livre, ningu\u00e9m nasce com fun\u00e7\u00e3o determinada, a descobre a partir de suas escolhas e a dos outros \u00e9 sempre pior, ainda que seja bem semelhante.<\/p>\n","protected":false},"author":1,"featured_media":0,"comment_status":"closed","ping_status":"open","sticky":false,"template":"","format":"standard","meta":{"_exactmetrics_skip_tracking":false,"_exactmetrics_sitenote_active":false,"_exactmetrics_sitenote_note":"","_exactmetrics_sitenote_category":0,"jetpack_post_was_ever_published":false,"_jetpack_newsletter_access":"","_jetpack_dont_email_post_to_subs":false,"_jetpack_newsletter_tier_id":0,"_jetpack_memberships_contains_paywalled_content":false,"_jetpack_memberships_contains_paid_content":false,"footnotes":"","jetpack_publicize_message":"","jetpack_publicize_feature_enabled":true,"jetpack_social_post_already_shared":true,"jetpack_social_options":{"image_generator_settings":{"template":"highway","enabled":false},"version":2}},"categories":[1],"tags":[],"class_list":["post-3205","post","type-post","status-publish","format-standard","hentry","category-notas"],"jetpack_publicize_connections":[],"jetpack_sharing_enabled":true,"jetpack_featured_media_url":"","jetpack_shortlink":"https:\/\/wp.me\/p7wKYW-PH","jetpack-related-posts":[],"_links":{"self":[{"href":"http:\/\/blogdalucianaoliveira.com.br\/blog\/wp-json\/wp\/v2\/posts\/3205","targetHints":{"allow":["GET"]}}],"collection":[{"href":"http:\/\/blogdalucianaoliveira.com.br\/blog\/wp-json\/wp\/v2\/posts"}],"about":[{"href":"http:\/\/blogdalucianaoliveira.com.br\/blog\/wp-json\/wp\/v2\/types\/post"}],"author":[{"embeddable":true,"href":"http:\/\/blogdalucianaoliveira.com.br\/blog\/wp-json\/wp\/v2\/users\/1"}],"replies":[{"embeddable":true,"href":"http:\/\/blogdalucianaoliveira.com.br\/blog\/wp-json\/wp\/v2\/comments?post=3205"}],"version-history":[{"count":4,"href":"http:\/\/blogdalucianaoliveira.com.br\/blog\/wp-json\/wp\/v2\/posts\/3205\/revisions"}],"predecessor-version":[{"id":3214,"href":"http:\/\/blogdalucianaoliveira.com.br\/blog\/wp-json\/wp\/v2\/posts\/3205\/revisions\/3214"}],"wp:attachment":[{"href":"http:\/\/blogdalucianaoliveira.com.br\/blog\/wp-json\/wp\/v2\/media?parent=3205"}],"wp:term":[{"taxonomy":"category","embeddable":true,"href":"http:\/\/blogdalucianaoliveira.com.br\/blog\/wp-json\/wp\/v2\/categories?post=3205"},{"taxonomy":"post_tag","embeddable":true,"href":"http:\/\/blogdalucianaoliveira.com.br\/blog\/wp-json\/wp\/v2\/tags?post=3205"}],"curies":[{"name":"wp","href":"https:\/\/api.w.org\/{rel}","templated":true}]}}