{"id":32052,"date":"2021-05-26T17:01:12","date_gmt":"2021-05-26T21:01:12","guid":{"rendered":"http:\/\/blogdalucianaoliveira.com.br\/blog\/?p=32052"},"modified":"2021-05-26T17:02:50","modified_gmt":"2021-05-26T21:02:50","slug":"vai-aos-atos-contra-bolsonaro-relembre-orientacoes-sanitarias-para-minimizar-risco","status":"publish","type":"post","link":"http:\/\/blogdalucianaoliveira.com.br\/blog\/2021\/05\/26\/vai-aos-atos-contra-bolsonaro-relembre-orientacoes-sanitarias-para-minimizar-risco\/","title":{"rendered":"Vai aos atos contra Bolsonaro? Relembre orienta\u00e7\u00f5es sanit\u00e1rias para minimizar risco"},"content":{"rendered":"\n<figure class=\"wp-block-image size-large\"><img data-recalc-dims=\"1\" loading=\"lazy\" decoding=\"async\" width=\"600\" height=\"400\" data-attachment-id=\"32053\" data-permalink=\"http:\/\/blogdalucianaoliveira.com.br\/blog\/2021\/05\/26\/vai-aos-atos-contra-bolsonaro-relembre-orientacoes-sanitarias-para-minimizar-risco\/b60291ed-f03c-401d-8409-f67192257238\/\" data-orig-file=\"https:\/\/i0.wp.com\/blogdalucianaoliveira.com.br\/blog\/wp-content\/uploads\/2021\/05\/B60291ED-F03C-401D-8409-F67192257238.jpeg?fit=800%2C533\" data-orig-size=\"800,533\" data-comments-opened=\"0\" data-image-meta=\"{&quot;aperture&quot;:&quot;0&quot;,&quot;credit&quot;:&quot;&quot;,&quot;camera&quot;:&quot;&quot;,&quot;caption&quot;:&quot;&quot;,&quot;created_timestamp&quot;:&quot;0&quot;,&quot;copyright&quot;:&quot;&quot;,&quot;focal_length&quot;:&quot;0&quot;,&quot;iso&quot;:&quot;0&quot;,&quot;shutter_speed&quot;:&quot;0&quot;,&quot;title&quot;:&quot;&quot;,&quot;orientation&quot;:&quot;0&quot;}\" data-image-title=\"B60291ED-F03C-401D-8409-F67192257238\" data-image-description=\"\" data-image-caption=\"\" data-medium-file=\"https:\/\/i0.wp.com\/blogdalucianaoliveira.com.br\/blog\/wp-content\/uploads\/2021\/05\/B60291ED-F03C-401D-8409-F67192257238.jpeg?fit=300%2C200\" data-large-file=\"https:\/\/i0.wp.com\/blogdalucianaoliveira.com.br\/blog\/wp-content\/uploads\/2021\/05\/B60291ED-F03C-401D-8409-F67192257238.jpeg?fit=600%2C400\" src=\"https:\/\/i0.wp.com\/blogdalucianaoliveira.com.br\/blog\/wp-content\/uploads\/2021\/05\/B60291ED-F03C-401D-8409-F67192257238.jpeg?resize=600%2C400\" alt=\"\" class=\"wp-image-32053\" srcset=\"https:\/\/i0.wp.com\/blogdalucianaoliveira.com.br\/blog\/wp-content\/uploads\/2021\/05\/B60291ED-F03C-401D-8409-F67192257238.jpeg?w=800 800w, https:\/\/i0.wp.com\/blogdalucianaoliveira.com.br\/blog\/wp-content\/uploads\/2021\/05\/B60291ED-F03C-401D-8409-F67192257238.jpeg?resize=300%2C200 300w, https:\/\/i0.wp.com\/blogdalucianaoliveira.com.br\/blog\/wp-content\/uploads\/2021\/05\/B60291ED-F03C-401D-8409-F67192257238.jpeg?resize=768%2C512 768w, https:\/\/i0.wp.com\/blogdalucianaoliveira.com.br\/blog\/wp-content\/uploads\/2021\/05\/B60291ED-F03C-401D-8409-F67192257238.jpeg?resize=450%2C300 450w\" sizes=\"auto, (max-width: 600px) 100vw, 600px\" \/><\/figure>\n\n\n\n<h4 class=\"wp-block-heading\">Rede Nacional de M\u00e9dicas e M\u00e9dicos Populares elaborou guia de seguran\u00e7a sanit\u00e1ria para manifestantes em tempos de covid<\/h4>\n\n\n\n<!--more-->\n\n\n\n<p>Reda\u00e7\u00e3o &#8211; Brasil de Fato | S\u00e3o Paulo<\/p>\n\n\n\n<p>Centrais sindicais e movimentos populares convocaram protestos de rua contra Jair Bolsonaro (sem partido) esta semana. O primeiro ocorre em Bras\u00edlia (DF),&nbsp;<a href=\"https:\/\/www.brasildefato.com.br\/2021\/05\/25\/por-vacina-e-auxilio-trabalhadores-protestam-nesta-quarta-em-frente-ao-congresso\" target=\"_blank\" rel=\"noreferrer noopener\">nesta quarta-feira (26)<\/a>, \u00e0s 10h30, por &#8220;vacina no bra\u00e7o e comida no prato.&#8221;&nbsp;Tamb\u00e9m est\u00e3o previstas manifesta\u00e7\u00f5es em centenas de cidades&nbsp;<a href=\"https:\/\/www.brasil247.com\/brasil\/cut-chama-atos-no-dia-29-pelo-fora-bolsonaro\" target=\"_blank\" rel=\"noreferrer noopener\">no s\u00e1bado&nbsp;(29)<\/a>, pelo impeachment do presidente, com hor\u00e1rios e locais a confirmar.<\/p>\n\n\n\n<p>Na convocat\u00f3ria, os organizadores fizeram quest\u00e3o de lembrar as recomenda\u00e7\u00f5es sanit\u00e1rias para evitar o cont\u00e1gio pelo&nbsp;<a href=\"https:\/\/www.brasildefato.com.br\/minuto-a-minuto\/coronavirus-no-brasil\" target=\"_blank\" rel=\"noreferrer noopener\">novo coronav\u00edrus<\/a>.<\/p>\n\n\n\n<p>Se voc\u00ea ainda tem d\u00favidas sobre as orienta\u00e7\u00f5es, basta conferir o guia&nbsp;de seguran\u00e7a sanit\u00e1ria para manifestantes em tempos de covid-19, elaborado pela&nbsp;<a href=\"https:\/\/medicospopulares.org\/\" target=\"_blank\" rel=\"noreferrer noopener\">Rede Nacional de M\u00e9dicas e M\u00e9dicos Populares (RNMMP)<\/a>.Guia da RNMMP para manifestantes na pandemia &#8211; Cr\u00e9ditos: Reprodu\u00e7\u00e3o\u00d7<\/p>\n\n\n\n<figure class=\"wp-block-image\"><img data-recalc-dims=\"1\" decoding=\"async\" src=\"https:\/\/i0.wp.com\/images02.brasildefato.com.br\/a3493483a53b0b05661d91b49791da06.jpeg?w=600&#038;ssl=1\" alt=\"\"\/><\/figure>\n\n\n\n<figure class=\"wp-block-image\"><img data-recalc-dims=\"1\" decoding=\"async\" src=\"https:\/\/i0.wp.com\/images02.brasildefato.com.br\/9df63978ad014fe6c7d4c97ff45c48d4.jpeg?w=600&#038;ssl=1\" alt=\"\"\/><\/figure>\n\n\n\n<figure class=\"wp-block-image\"><img data-recalc-dims=\"1\" decoding=\"async\" src=\"https:\/\/i0.wp.com\/images03.brasildefato.com.br\/a5a863d4c5fd756178576d1639ce1e03.jpeg?w=600&#038;ssl=1\" alt=\"\"\/><\/figure>\n\n\n\n<figure class=\"wp-block-image\"><img data-recalc-dims=\"1\" decoding=\"async\" src=\"https:\/\/i0.wp.com\/images01.brasildefato.com.br\/18dc6ba4f7c7e10d551cc5d56c64313a.jpeg?w=600&#038;ssl=1\" alt=\"\"\/><\/figure>\n\n\n\n<p>A regra n\u00famero&nbsp;1 \u00e9 s\u00f3 comparecer a manifesta\u00e7\u00f5es em locais abertos e bem ventilados, sem aglomera\u00e7\u00e3o.&nbsp;<\/p>\n\n\n\n<p>Mesmo nesses casos, o distanciamento de dois metros entre os manifestantes deve ser mantido.<\/p>\n\n\n\n<p>Op\u00e7\u00f5es de m\u00e1scara<\/p>\n\n\n\n<p>A RNMMP recomenda o uso de m\u00e1scara PFF2\/N95, bem ajustada no rosto, cobrindo nariz e boca, sem vazamentos.&nbsp;<\/p>\n\n\n\n<p>Uma alternativa, para quem n\u00e3o tem m\u00e1scara desse modelo, \u00e9 usar uma m\u00e1scara cir\u00fargica simples, coberta por uma m\u00e1scara de pano.<\/p>\n\n\n\n<p>Nesse sentido, a Rede sugere que os pr\u00f3prios organizadores disponibilizem m\u00e1scaras adequadas para&nbsp;manifestantes que n\u00e3o as possuem.<\/p>\n\n\n\n<p>Por fim, o guia de&nbsp;seguran\u00e7a sanit\u00e1ria chama aten\u00e7\u00e3o para o deslocamento at\u00e9 o local do ato. A prefer\u00eancia \u00e9 por transportes bem ventilados&nbsp;e o uso da m\u00e1scara \u00e9 indispens\u00e1vel no trajeto.<\/p>\n\n\n\n<p>Como em qualquer ocasi\u00e3o durante a pandemia, n\u00e3o deve haver beijos e abra\u00e7os. Objetos pessoais, alimentos e bebidas n\u00e3o devem ser compartilhados.<\/p>\n\n\n\n<p>O Brasil j\u00e1&nbsp;<a href=\"https:\/\/www.brasildefato.com.br\/2021\/05\/24\/brasil-tem-pior-segunda-feira-em-2-meses-em-casos-de-covid-e-soma-450-mil-mortes\" target=\"_blank\" rel=\"noreferrer noopener\">registrou&nbsp;mais de 450 mil mortes por coronav\u00edrus e enfrenta&nbsp;uma nova curva ascendente de cont\u00e1gios<\/a>.&nbsp;<\/p>\n\n\n\n<p>Edi\u00e7\u00e3o: Vivian Virissimo<\/p>\n","protected":false},"excerpt":{"rendered":"<p>Rede Nacional de M\u00e9dicas e M\u00e9dicos Populares elaborou guia de seguran\u00e7a sanit\u00e1ria para manifestantes em tempos de covid<\/p>\n","protected":false},"author":1,"featured_media":0,"comment_status":"closed","ping_status":"open","sticky":false,"template":"","format":"standard","meta":{"_exactmetrics_skip_tracking":false,"_exactmetrics_sitenote_active":false,"_exactmetrics_sitenote_note":"","_exactmetrics_sitenote_category":0,"jetpack_post_was_ever_published":false,"_jetpack_newsletter_access":"","_jetpack_dont_email_post_to_subs":false,"_jetpack_newsletter_tier_id":0,"_jetpack_memberships_contains_paywalled_content":false,"_jetpack_memberships_contains_paid_content":false,"footnotes":"","jetpack_publicize_message":"","jetpack_publicize_feature_enabled":true,"jetpack_social_post_already_shared":true,"jetpack_social_options":{"image_generator_settings":{"template":"highway","enabled":false},"version":2}},"categories":[1],"tags":[],"class_list":["post-32052","post","type-post","status-publish","format-standard","hentry","category-notas"],"jetpack_publicize_connections":[],"jetpack_sharing_enabled":true,"jetpack_featured_media_url":"","jetpack_shortlink":"https:\/\/wp.me\/p7wKYW-8kY","jetpack-related-posts":[],"_links":{"self":[{"href":"http:\/\/blogdalucianaoliveira.com.br\/blog\/wp-json\/wp\/v2\/posts\/32052","targetHints":{"allow":["GET"]}}],"collection":[{"href":"http:\/\/blogdalucianaoliveira.com.br\/blog\/wp-json\/wp\/v2\/posts"}],"about":[{"href":"http:\/\/blogdalucianaoliveira.com.br\/blog\/wp-json\/wp\/v2\/types\/post"}],"author":[{"embeddable":true,"href":"http:\/\/blogdalucianaoliveira.com.br\/blog\/wp-json\/wp\/v2\/users\/1"}],"replies":[{"embeddable":true,"href":"http:\/\/blogdalucianaoliveira.com.br\/blog\/wp-json\/wp\/v2\/comments?post=32052"}],"version-history":[{"count":2,"href":"http:\/\/blogdalucianaoliveira.com.br\/blog\/wp-json\/wp\/v2\/posts\/32052\/revisions"}],"predecessor-version":[{"id":32055,"href":"http:\/\/blogdalucianaoliveira.com.br\/blog\/wp-json\/wp\/v2\/posts\/32052\/revisions\/32055"}],"wp:attachment":[{"href":"http:\/\/blogdalucianaoliveira.com.br\/blog\/wp-json\/wp\/v2\/media?parent=32052"}],"wp:term":[{"taxonomy":"category","embeddable":true,"href":"http:\/\/blogdalucianaoliveira.com.br\/blog\/wp-json\/wp\/v2\/categories?post=32052"},{"taxonomy":"post_tag","embeddable":true,"href":"http:\/\/blogdalucianaoliveira.com.br\/blog\/wp-json\/wp\/v2\/tags?post=32052"}],"curies":[{"name":"wp","href":"https:\/\/api.w.org\/{rel}","templated":true}]}}