{"id":32056,"date":"2021-05-27T07:46:58","date_gmt":"2021-05-27T11:46:58","guid":{"rendered":"http:\/\/blogdalucianaoliveira.com.br\/blog\/?p=32056"},"modified":"2021-05-27T07:47:03","modified_gmt":"2021-05-27T11:47:03","slug":"desnutricao-infantil-garimpo-e-covid-entenda-os-problemas-que-afligem-a-terra-indigena-yanomami","status":"publish","type":"post","link":"http:\/\/blogdalucianaoliveira.com.br\/blog\/2021\/05\/27\/desnutricao-infantil-garimpo-e-covid-entenda-os-problemas-que-afligem-a-terra-indigena-yanomami\/","title":{"rendered":"Desnutri\u00e7\u00e3o infantil, garimpo e Covid: entenda os problemas que afligem a Terra Ind\u00edgena Yanomami"},"content":{"rendered":"\n<figure class=\"wp-block-image size-large\"><img data-recalc-dims=\"1\" loading=\"lazy\" decoding=\"async\" width=\"600\" height=\"401\" data-attachment-id=\"32057\" data-permalink=\"http:\/\/blogdalucianaoliveira.com.br\/blog\/2021\/05\/27\/desnutricao-infantil-garimpo-e-covid-entenda-os-problemas-que-afligem-a-terra-indigena-yanomami\/e8e96b4f-62fb-4968-89c7-11ca8cbd4c53\/\" data-orig-file=\"https:\/\/i0.wp.com\/blogdalucianaoliveira.com.br\/blog\/wp-content\/uploads\/2021\/05\/E8E96B4F-62FB-4968-89C7-11CA8CBD4C53.jpeg?fit=828%2C554\" data-orig-size=\"828,554\" data-comments-opened=\"0\" data-image-meta=\"{&quot;aperture&quot;:&quot;0&quot;,&quot;credit&quot;:&quot;&quot;,&quot;camera&quot;:&quot;&quot;,&quot;caption&quot;:&quot;&quot;,&quot;created_timestamp&quot;:&quot;0&quot;,&quot;copyright&quot;:&quot;&quot;,&quot;focal_length&quot;:&quot;0&quot;,&quot;iso&quot;:&quot;0&quot;,&quot;shutter_speed&quot;:&quot;0&quot;,&quot;title&quot;:&quot;&quot;,&quot;orientation&quot;:&quot;1&quot;}\" data-image-title=\"E8E96B4F-62FB-4968-89C7-11CA8CBD4C53\" data-image-description=\"\" data-image-caption=\"\" data-medium-file=\"https:\/\/i0.wp.com\/blogdalucianaoliveira.com.br\/blog\/wp-content\/uploads\/2021\/05\/E8E96B4F-62FB-4968-89C7-11CA8CBD4C53.jpeg?fit=300%2C201\" data-large-file=\"https:\/\/i0.wp.com\/blogdalucianaoliveira.com.br\/blog\/wp-content\/uploads\/2021\/05\/E8E96B4F-62FB-4968-89C7-11CA8CBD4C53.jpeg?fit=600%2C401\" src=\"https:\/\/i0.wp.com\/blogdalucianaoliveira.com.br\/blog\/wp-content\/uploads\/2021\/05\/E8E96B4F-62FB-4968-89C7-11CA8CBD4C53.jpeg?resize=600%2C401\" alt=\"\" class=\"wp-image-32057\" srcset=\"https:\/\/i0.wp.com\/blogdalucianaoliveira.com.br\/blog\/wp-content\/uploads\/2021\/05\/E8E96B4F-62FB-4968-89C7-11CA8CBD4C53.jpeg?w=828 828w, https:\/\/i0.wp.com\/blogdalucianaoliveira.com.br\/blog\/wp-content\/uploads\/2021\/05\/E8E96B4F-62FB-4968-89C7-11CA8CBD4C53.jpeg?resize=300%2C201 300w, https:\/\/i0.wp.com\/blogdalucianaoliveira.com.br\/blog\/wp-content\/uploads\/2021\/05\/E8E96B4F-62FB-4968-89C7-11CA8CBD4C53.jpeg?resize=768%2C514 768w, https:\/\/i0.wp.com\/blogdalucianaoliveira.com.br\/blog\/wp-content\/uploads\/2021\/05\/E8E96B4F-62FB-4968-89C7-11CA8CBD4C53.jpeg?resize=448%2C300 448w\" sizes=\"auto, (max-width: 600px) 100vw, 600px\" \/><\/figure>\n\n\n\n<h4 class=\"wp-block-heading\">Reserva \u2013 a maior do pa\u00eds \u2013 sofre com recorrentes casos de crian\u00e7as desnutridas e conflitos com garimpeiros ilegais. Acesso dif\u00edcil n\u00e3o impediu chegada do coronav\u00edrus.<\/h4>\n\n\n\n<!--more-->\n\n\n\n<p>Por Val\u00e9ria Oliveira e Juliana Dama, G1 RR&nbsp;\u2014 Boa Vista<\/p>\n\n\n\n<p>Na comunidade&nbsp;<strong>Alto Catrimani<\/strong>, na parte da&nbsp;<strong>Terra Ind\u00edgena Yanomami&nbsp;<\/strong>que fica em&nbsp;<a href=\"https:\/\/g1.globo.com\/rr\/roraima\/\">Roraima<\/a>, um&nbsp;menino de 10 anos e pesando apenas 8 kg&nbsp;&#8211; cerca de&nbsp;quatro vezes menos&nbsp;do que o considerado ideal para a idade &#8211; recebe alimento de uma agente de sa\u00fade. O corpo franzino, com os ossos completamente aparentes, choca e comove.&nbsp;<\/p>\n\n\n\n<p>A foto foi tirada em 9 de fevereiro, quando ele foi resgatado com&nbsp;<strong>desnutri\u00e7\u00e3o grave<\/strong>. Levado para a capital do estado, Boa Vista, ele fez tratamento no Hospital da Crian\u00e7a Santo Ant\u00f4nio, se recuperou e agora est\u00e1 em abrigo do governo estadual.&nbsp;<\/p>\n\n\n\n<p>Em outra aldeia,&nbsp;<strong>Surucuru<\/strong>, um&nbsp;menino de 9 anos, com 10 kg,&nbsp;peso tamb\u00e9m considerado baixo para a sua idade, pega \u00e1gua em um igarap\u00e9. Resgatado no dia 3 de mar\u00e7o, recebeu atendimento em Boa Vista e j\u00e1 voltou para a comunidade, com 16 kg.&nbsp;<\/p>\n\n\n\n<p>Essas imagens se somam a outras de&nbsp;<a href=\"https:\/\/g1.globo.com\/rr\/roraima\/noticia\/2021\/05\/10\/missionario-divulga-foto-de-crianca-yanomami-debilitada-em-rede-para-expor-falta-de-assistencia-a-indigenas-aldeias-abandonadas.ghtml\">crian\u00e7as ind\u00edgenas desnutridas<\/a>&nbsp;que t\u00eam vindo \u00e0 tona e&nbsp;<a href=\"https:\/\/g1.globo.com\/rr\/roraima\/noticia\/2021\/05\/22\/crianca-indigena-com-desnutricao-morre-na-terra-yanomami-diz-conselho-de-saude.ghtml?utm_campaign=g1&amp;utm_medium=social&amp;utm_source=twitter\">evidenciam a grave situa\u00e7\u00e3o que assola a Terra Ind\u00edgena Yanomami<\/a>, a maior reserva do Brasil e que completou 29 anos de homologa\u00e7\u00e3o como reserva nesta semana.&nbsp;<\/p>\n\n\n\n<p>A chaga da desnutri\u00e7\u00e3o est\u00e1 diretamente ligada a outro problema na regi\u00e3o: o\u00a0<strong>garimpo ilegal de ouro<\/strong>. A extra\u00e7\u00e3o do min\u00e9rio com merc\u00fario contamina os rios, matando animais e impactando a disponibilidade de alimentos.<\/p>\n\n\n\n<p>Os garimpeiros s\u00e3o ainda respons\u00e1veis por constantes ataques armados \u00e0s comunidades na disputa por territ\u00f3rio, causando terror na popula\u00e7\u00e3o local (<em>veja no v\u00eddeo abaixo<\/em>). H\u00e1, inclusive, relatos de crian\u00e7as que se afogaram ao tentar fugir dos invasores.&nbsp;<\/p>\n\n\n\n<ul class=\"wp-block-list\"><li><a href=\"https:\/\/g1.globo.com\/rr\/roraima\/noticia\/2021\/05\/27\/relembre-conflitos-recentes-entre-garimpeiros-e-indigenas-na-terra-yanomami.ghtml\">Cronologia: os conflitos recentes entre garimpeiros e ind\u00edgenas na terra yanomami<\/a><\/li><li><a href=\"https:\/\/g1.globo.com\/pa\/para\/noticia\/2021\/05\/26\/conflito-entre-agentes-federais-e-garimpeiros-deixa-ao-menos-dez-feridos-no-para.ghtml\">Garimpeiros ilegais incendeiam casas em aldeia no Par\u00e1<\/a><\/li><\/ul>\n\n\n\n<p>A presen\u00e7a disseminada de garimpeiros ilegais (o n\u00famero estimado \u00e9 de 20 mil, ante pouco mais de 28 mil ind\u00edgenas que vivem na reserva) tem ainda outro malef\u00edcio: a&nbsp;<strong>transmiss\u00e3o de doen\u00e7as<\/strong>, entre elas, a&nbsp;<strong>Covid-19<\/strong>.&nbsp;<\/p>\n\n\n\n<p>Embora perten\u00e7a ao grupo priorit\u00e1rio para a vacina\u00e7\u00e3o contra o coronav\u00edrus, apenas 79% dos ind\u00edgenas acima de 18 anos est\u00e3o com a primeira dose e 58%, com a segunda.&nbsp;<\/p>\n\n\n\n<p>Em meio a esse quadro dram\u00e1tico, a reserva dever\u00e1 receber nesta quinta-feira (27) uma visita do presidente da Rep\u00fablica,&nbsp;<a href=\"https:\/\/g1.globo.com\/politica\/politico\/jair-bolsonaro\/\">Jair Bolsonaro<\/a>. A ida dele dever\u00e1 se restringir a S\u00e3o Gabriel da Cachoeira, do lado amazonense da terra ind\u00edgena, onde ir\u00e1 inaugurar uma ponte ligando o munic\u00edpio a uma aldeia. Bolsonaro j\u00e1 se manifestou diversas vezes a favor da explora\u00e7\u00e3o mineral em terra ind\u00edgena.&nbsp;<\/p>\n\n\n\n<figure class=\"wp-block-image\"><img data-recalc-dims=\"1\" decoding=\"async\" src=\"https:\/\/i0.wp.com\/s2.glbimg.com\/NeRHjqpSnpgUVLEQe7N2ZCTS1qY%3D\/0x0%3A1200x5147\/984x0\/smart\/filters%3Astrip_icc%28%29\/i.s3.glbimg.com\/v1\/AUTH_59edd422c0c84a879bd37670ae4f538a\/internal_photos\/bs\/2021\/U\/J\/0N8fi2TLyHwYdBTY77mQ\/yanomami02.jpg?w=600&#038;ssl=1\" alt=\" \u2014 Foto: Arte G1\"\/><\/figure>\n","protected":false},"excerpt":{"rendered":"<p>Reserva \u2013 a maior do pa\u00eds \u2013 sofre com recorrentes casos de crian\u00e7as desnutridas e conflitos com garimpeiros ilegais. Acesso dif\u00edcil n\u00e3o impediu chegada do coronav\u00edrus.<\/p>\n","protected":false},"author":1,"featured_media":0,"comment_status":"closed","ping_status":"open","sticky":false,"template":"","format":"standard","meta":{"_exactmetrics_skip_tracking":false,"_exactmetrics_sitenote_active":false,"_exactmetrics_sitenote_note":"","_exactmetrics_sitenote_category":0,"jetpack_post_was_ever_published":false,"_jetpack_newsletter_access":"","_jetpack_dont_email_post_to_subs":false,"_jetpack_newsletter_tier_id":0,"_jetpack_memberships_contains_paywalled_content":false,"_jetpack_memberships_contains_paid_content":false,"footnotes":"","jetpack_publicize_message":"","jetpack_publicize_feature_enabled":true,"jetpack_social_post_already_shared":true,"jetpack_social_options":{"image_generator_settings":{"template":"highway","enabled":false},"version":2}},"categories":[1],"tags":[],"class_list":["post-32056","post","type-post","status-publish","format-standard","hentry","category-notas"],"jetpack_publicize_connections":[],"jetpack_sharing_enabled":true,"jetpack_featured_media_url":"","jetpack_shortlink":"https:\/\/wp.me\/p7wKYW-8l2","jetpack-related-posts":[],"_links":{"self":[{"href":"http:\/\/blogdalucianaoliveira.com.br\/blog\/wp-json\/wp\/v2\/posts\/32056","targetHints":{"allow":["GET"]}}],"collection":[{"href":"http:\/\/blogdalucianaoliveira.com.br\/blog\/wp-json\/wp\/v2\/posts"}],"about":[{"href":"http:\/\/blogdalucianaoliveira.com.br\/blog\/wp-json\/wp\/v2\/types\/post"}],"author":[{"embeddable":true,"href":"http:\/\/blogdalucianaoliveira.com.br\/blog\/wp-json\/wp\/v2\/users\/1"}],"replies":[{"embeddable":true,"href":"http:\/\/blogdalucianaoliveira.com.br\/blog\/wp-json\/wp\/v2\/comments?post=32056"}],"version-history":[{"count":1,"href":"http:\/\/blogdalucianaoliveira.com.br\/blog\/wp-json\/wp\/v2\/posts\/32056\/revisions"}],"predecessor-version":[{"id":32058,"href":"http:\/\/blogdalucianaoliveira.com.br\/blog\/wp-json\/wp\/v2\/posts\/32056\/revisions\/32058"}],"wp:attachment":[{"href":"http:\/\/blogdalucianaoliveira.com.br\/blog\/wp-json\/wp\/v2\/media?parent=32056"}],"wp:term":[{"taxonomy":"category","embeddable":true,"href":"http:\/\/blogdalucianaoliveira.com.br\/blog\/wp-json\/wp\/v2\/categories?post=32056"},{"taxonomy":"post_tag","embeddable":true,"href":"http:\/\/blogdalucianaoliveira.com.br\/blog\/wp-json\/wp\/v2\/tags?post=32056"}],"curies":[{"name":"wp","href":"https:\/\/api.w.org\/{rel}","templated":true}]}}