{"id":32062,"date":"2021-05-28T09:44:31","date_gmt":"2021-05-28T13:44:31","guid":{"rendered":"http:\/\/blogdalucianaoliveira.com.br\/blog\/?p=32062"},"modified":"2021-05-28T09:44:37","modified_gmt":"2021-05-28T13:44:37","slug":"29m-estudantes-sindicatos-e-ate-torcidas-farao-atos-neste-sabado-contra-bolsonaro","status":"publish","type":"post","link":"http:\/\/blogdalucianaoliveira.com.br\/blog\/2021\/05\/28\/29m-estudantes-sindicatos-e-ate-torcidas-farao-atos-neste-sabado-contra-bolsonaro\/","title":{"rendered":"#29M: Estudantes, sindicatos e at\u00e9 torcidas far\u00e3o atos neste s\u00e1bado contra Bolsonaro"},"content":{"rendered":"\n<figure class=\"wp-block-image size-large\"><img loading=\"lazy\" decoding=\"async\" width=\"1080\" height=\"1080\" data-attachment-id=\"32063\" data-permalink=\"http:\/\/blogdalucianaoliveira.com.br\/blog\/2021\/05\/28\/29m-estudantes-sindicatos-e-ate-torcidas-farao-atos-neste-sabado-contra-bolsonaro\/2989ff3a-7f61-4255-b2c4-8e7b3b111082\/\" data-orig-file=\"https:\/\/i0.wp.com\/blogdalucianaoliveira.com.br\/blog\/wp-content\/uploads\/2021\/05\/2989FF3A-7F61-4255-B2C4-8E7B3B111082.jpeg?fit=1080%2C1080\" data-orig-size=\"1080,1080\" data-comments-opened=\"0\" data-image-meta=\"{&quot;aperture&quot;:&quot;0&quot;,&quot;credit&quot;:&quot;&quot;,&quot;camera&quot;:&quot;&quot;,&quot;caption&quot;:&quot;&quot;,&quot;created_timestamp&quot;:&quot;0&quot;,&quot;copyright&quot;:&quot;&quot;,&quot;focal_length&quot;:&quot;0&quot;,&quot;iso&quot;:&quot;0&quot;,&quot;shutter_speed&quot;:&quot;0&quot;,&quot;title&quot;:&quot;&quot;,&quot;orientation&quot;:&quot;0&quot;}\" data-image-title=\"2989FF3A-7F61-4255-B2C4-8E7B3B111082\" data-image-description=\"\" data-image-caption=\"\" data-medium-file=\"https:\/\/i0.wp.com\/blogdalucianaoliveira.com.br\/blog\/wp-content\/uploads\/2021\/05\/2989FF3A-7F61-4255-B2C4-8E7B3B111082.jpeg?fit=300%2C300\" data-large-file=\"https:\/\/i0.wp.com\/blogdalucianaoliveira.com.br\/blog\/wp-content\/uploads\/2021\/05\/2989FF3A-7F61-4255-B2C4-8E7B3B111082.jpeg?fit=600%2C600\" src=\"https:\/\/i0.wp.com\/blogdalucianaoliveira.com.br\/blog\/wp-content\/uploads\/2021\/05\/2989FF3A-7F61-4255-B2C4-8E7B3B111082.jpeg?fit=600%2C600\" alt=\"\" class=\"wp-image-32063\" srcset=\"https:\/\/i0.wp.com\/blogdalucianaoliveira.com.br\/blog\/wp-content\/uploads\/2021\/05\/2989FF3A-7F61-4255-B2C4-8E7B3B111082.jpeg?w=1080 1080w, https:\/\/i0.wp.com\/blogdalucianaoliveira.com.br\/blog\/wp-content\/uploads\/2021\/05\/2989FF3A-7F61-4255-B2C4-8E7B3B111082.jpeg?resize=300%2C300 300w, https:\/\/i0.wp.com\/blogdalucianaoliveira.com.br\/blog\/wp-content\/uploads\/2021\/05\/2989FF3A-7F61-4255-B2C4-8E7B3B111082.jpeg?resize=1024%2C1024 1024w, https:\/\/i0.wp.com\/blogdalucianaoliveira.com.br\/blog\/wp-content\/uploads\/2021\/05\/2989FF3A-7F61-4255-B2C4-8E7B3B111082.jpeg?resize=150%2C150 150w, https:\/\/i0.wp.com\/blogdalucianaoliveira.com.br\/blog\/wp-content\/uploads\/2021\/05\/2989FF3A-7F61-4255-B2C4-8E7B3B111082.jpeg?resize=768%2C768 768w\" sizes=\"auto, (max-width: 600px) 100vw, 600px\" \/><\/figure>\n\n\n\n<p>Brasil de Fato &#8211; Entidades estudantis e de trabalhadores e at\u00e9 torcidas organizadas convocaram para este s\u00e1bado (29) protestos por todo o pa\u00eds contra o governo Bolsonaro. \u00c9 o #29M.<\/p>\n\n\n\n<!--more-->\n\n\n\n<p>Desta vez, o ato ser\u00e1 presencial, com manifesta\u00e7\u00f5es de rua praticamente em todas as unidades da federa\u00e7\u00e3o (confira quadro de atividades confirmadas).<\/p>\n\n\n\n<p>As mais de 100 organiza\u00e7\u00f5es reunidas nas frentes Brasil Popular e Povo sem Medo que convocam os atos est\u00e3o, ao mesmo tempo,&nbsp;apontando&nbsp;medidas de precau\u00e7\u00e3o para evitar riscos.<\/p>\n\n\n\n<p><strong><a href=\"https:\/\/www.brasildefato.com.br\/2021\/05\/25\/vai-aos-atos-contra-bolsonaro-relembre-orientacoes-sanitarias-para-minimizar-risco\" target=\"_blank\" rel=\"noreferrer noopener\">::Vai aos atos contra Bolsonaro? Relembre orienta\u00e7\u00f5es sanit\u00e1rias para minimizar risco::<\/a><\/strong><\/p>\n\n\n\n<p>Um \u201cguia de cuidados\u201d para quem for \u00e0 manifesta\u00e7\u00e3o circula nas redes sociais. Elaborado pelo Centro Acad\u00eamico da Enfermagem da Universidade Federal de S\u00e3o Carlos (UFSCar, no interior paulista), recomenda logo no in\u00edcio n\u00e3o ir caso a pessoa seja do grupo do risco ou tenha algum sintoma.<\/p>\n\n\n\n<p>Outra orienta\u00e7\u00e3o \u00e9 usar m\u00e1scara o tempo todo (PFF2, de prefer\u00eancia), levando pelo menos uma de reserva e, se poss\u00edvel, mais uma para oferecer a algu\u00e9m. Outras indica\u00e7\u00f5es s\u00e3o de guardar dist\u00e2ncia m\u00ednima de 1,5 metro dos outros manifestantes e lembrar a todos sobre isso. E n\u00e3o esquecer do \u00e1lcool em gel 70\u00ba nos atos #29M.<\/p>\n\n\n\n<p>Al\u00e9m disso, as orienta\u00e7\u00f5es incluem o retorno para casa. Primeiro, tomar banho assim que chegar em casa, lavando os cabelos. Tomar cuidado ao manusear as roupas usadas, antes de lav\u00e1-las. Higienizar objetos, como carteira e celular, e \u201cse monitorar\u201d durante 14 dias, se poss\u00edvel mantendo-se isolado.<\/p>\n\n\n\n<p>CPI, aux\u00edlio e \u201cfora Bolsonaro\u201d<\/p>\n\n\n\n<p>Com v\u00e1rios itens, a pauta do chamado #29M tem como palavra de ordem o \u201cfora Bolsonaro\u201d.<\/p>\n\n\n\n<p><a href=\"https:\/\/www.brasildefato.com.br\/2021\/05\/27\/ir-as-ruas-sabado-dia-29-agora-e-ja-por-que\" target=\"_blank\" rel=\"noreferrer noopener\">::&nbsp;Ir \u00e0s ruas s\u00e1bado dia 29, agora e j\u00e1. Por qu\u00ea? ::<\/a><\/p>\n\n\n\n<p>Os manifestantes v\u00e3o defender ainda o auxilio emergencial de R$ 600 (tema de ato organizado por centrais sindicais e movimentos em Bras\u00edlia na quarta-feira) e vacina\u00e7\u00e3o em massa. Tamb\u00e9m devem apoiar os trabalhos da CPI da Covid no Senado.<\/p>\n\n\n\n<p>A agenda inclui protestos contra o desemprego, cortes de verbas na educa\u00e7\u00e3o, privatiza\u00e7\u00f5es \u2013 especialmente da Eletrobras \u2013 e a \u201creforma\u201d administrativa.<\/p>\n\n\n\n<p>Entre os que se alinharam a favor do ato de s\u00e1bado, est\u00e1 o ator e escritor Gregorio Duvivier, que nesta semana, inclusive, escreveu artigo a respeito, publicado no jornal&nbsp;<em>Folha de S.Paulo<\/em>. O t\u00edtulo:&nbsp;<a href=\"https:\/\/www1.folha.uol.com.br\/colunas\/gregorioduvivier\/2021\/05\/nao-podemos-ter-medo-de-ir-as-ruas-protestar-nem-deixar-de-ter-cuidado.shtml\" target=\"_blank\" rel=\"noreferrer noopener\">\u201cN\u00e3o podemos ter medo de ir \u00e0s ruas protestar nem deixar de ter cuidado\u201d.<\/a><\/p>\n\n\n\n<p>Quase no final, ele afirma: \u201cTudo o que mudou, no mundo, s\u00f3 mudou porque tinha muita gente no mesmo lugar, ao mesmo tempo. Esse pa\u00eds n\u00e3o \u00e9 feito s\u00f3 de moto sem silenciador e miliciano com silenciador\u201d.<\/p>\n\n\n\n<p>Mas quem estiver realmente impossibilitado de ir aos atos presenciais, consegue participar do #29M tamb\u00e9m alimentando as redes sociais.<\/p>\n\n\n\n<p>A ideia \u00e9 fazer um cartaz de protesto e um autorretrato para postar no Instagram, Twitter ou Facebook comas hashtags #Foto29M, #FotografosPelaDemocracia e #ForaBolsonaro.<\/p>\n\n\n\n<p>O coletivo Fot\u00f3grafos pela Democracia vai selecionar 20 fotos com essas hashtags para compartilhar nas redes durante todo o dia 29.<\/p>\n\n\n\n<p>Tomar as ruas<\/p>\n\n\n\n<p>A Uni\u00e3o Nacional dos Estudantes (UNE) aprovou convoca\u00e7\u00e3o para a manifesta\u00e7\u00e3o #29M, em um dia de protesto contra cortes de recursos no setor de educa\u00e7\u00e3o.<\/p>\n\n\n\n<p>A entidade, inclusive, publicou documento listando 10 motivos para participar. \u201cOcuparemos as ruas, com todas as medidas sanit\u00e1rias necess\u00e1rias, para denunciar os ataques do governo Bolsonaro \u00e0 educa\u00e7\u00e3o p\u00fablica e sua pol\u00edtica da morte\u201d, afirmou a vice-presidenta da UNE, \u00c9lida Elena.<\/p>\n\n\n\n<p>O ex-ministro e ex-prefeito Fernando Haddad (PT) tamb\u00e9m defendeu o #29M, afirmando em entrevista que \u201co povo vai retomar, nas ruas, as r\u00e9deas do pa\u00eds\u201d.<\/p>\n\n\n\n<p>Ele participou do programa Sua Excel\u00eancia, o Fato, na TV 247. \u201cPodem ter certeza que o Brasil est\u00e1 esperando sair \u00e0s ruas com seguran\u00e7a. E n\u00e3o vai ser pequena a manifesta\u00e7\u00e3o\u201d, declarou. \u201cN\u00e3o estou falando apenas da pr\u00f3xima. Temos um ano e meio at\u00e9 a elei\u00e7\u00e3o. Este pa\u00eds vai tomar as ruas para virar esta p\u00e1gina.\u201d<\/p>\n\n\n\n<p>Mais perigoso que o v\u00edrus<\/p>\n\n\n\n<p>Nas redes sociais, parlamentares do Psol convocam para o #29M. \u201cQuando o presidente \u00e9 mais perigoso que o v\u00edrus, o povo precisa ir \u00e0s ruas! No pr\u00f3ximo dia 29 mostraremos nossa indigna\u00e7\u00e3o, usando m\u00e1scaras e respeitando as medidas de seguran\u00e7a\u201d, afirmou, por exemplo, o deputado federal Ivan Valente (SP).<\/p>\n\n\n\n<p>No Facebook, o Coletivo Democracia Corinthiana tamb\u00e9m aderiu ao #29M. \u201cEnquanto a pandemia avan\u00e7a, a crise econ\u00f4mica e social tamb\u00e9m aflige o povo brasileiro.<\/p>\n\n\n\n<p><a href=\"https:\/\/www.brasildefato.com.br\/2021\/05\/26\/torcidas-chamam-ato-pelo-fora-bolsonaro-no-proximo-sabado-em-sao-paulo\" target=\"_blank\" rel=\"noreferrer noopener\">::&nbsp;Torcidas chamam ato pelo fora Bolsonaro no pr\u00f3ximo s\u00e1bado em S\u00e3o Paulo ::<\/a><\/p>\n\n\n\n<p>Com mais da metade da popula\u00e7\u00e3o vivendo situa\u00e7\u00e3o de inseguran\u00e7a alimentar, o governo insiste na cartilha neoliberal, oferecendo um aux\u00edlio emergencial insuficiente, cortando recursos da educa\u00e7\u00e3o e habita\u00e7\u00e3o e avan\u00e7ando com a privatiza\u00e7\u00e3o dos Correios e da Eletrobras e com o desmonte do Estado atrav\u00e9s da Reforma Administrativa\u201d, afirma.<\/p>\n\n\n\n<p>Assim, o grupo convida para manifesta\u00e7\u00e3o no Museu de Arte de S\u00e3o Paulo, na Avenida Paulista, a partir das 16h do s\u00e1bado, com a mesma ressalva: \u201cSeguindo as normas sanit\u00e1rias de distanciamento social, uso de m\u00e1scara, \u00e1lcool em gel\u201d.Guia da RNMMP para manifestantes na pandemia &#8211; Cr\u00e9ditos: Reprodu\u00e7\u00e3o\u00d7<\/p>\n\n\n\n<figure class=\"wp-block-image\"><img data-recalc-dims=\"1\" decoding=\"async\" src=\"https:\/\/i0.wp.com\/images02.brasildefato.com.br\/a3493483a53b0b05661d91b49791da06.jpeg?w=600&#038;ssl=1\" alt=\"\"\/><\/figure>\n\n\n\n<figure class=\"wp-block-image\"><img data-recalc-dims=\"1\" decoding=\"async\" src=\"https:\/\/i0.wp.com\/images02.brasildefato.com.br\/9df63978ad014fe6c7d4c97ff45c48d4.jpeg?w=600&#038;ssl=1\" alt=\"\"\/><\/figure>\n\n\n\n<figure class=\"wp-block-image\"><img data-recalc-dims=\"1\" decoding=\"async\" src=\"https:\/\/i0.wp.com\/images03.brasildefato.com.br\/a5a863d4c5fd756178576d1639ce1e03.jpeg?w=600&#038;ssl=1\" alt=\"\"\/><\/figure>\n\n\n\n<figure class=\"wp-block-image\"><img data-recalc-dims=\"1\" decoding=\"async\" src=\"https:\/\/i0.wp.com\/images01.brasildefato.com.br\/18dc6ba4f7c7e10d551cc5d56c64313a.jpeg?w=600&#038;ssl=1\" alt=\"\"\/><\/figure>\n\n\n\n<p>1&nbsp;\/&nbsp;4<\/p>\n\n\n\n<p><strong>Atos confirmados para o #29M:<\/strong><\/p>\n\n\n\n<p>Sudeste<\/p>\n\n\n\n<p>S\u00e3o Paulo<\/p>\n\n\n\n<p>Assis \u2013 em frente ao Homem de Lata (Av. Rui Barbosa) | 10h<br>Campinas \u2013 Largo do Ros\u00e1rio | 10h<br>Guaratinguet\u00e1 \u2013 em frente \u00e0 FEG\/Unesp | 10h30<br>Ilha Bela \u2013 Pra\u00e7a da Mangueira (em frente ao col\u00e9gio Acei) | 9h<br>Indaiatuba \u2013 Rua Jo\u00e3o Martini (esquina Av. \u00c1rio Barnab\u00e9) | 14h<br>Jacare\u00ed \u2013 P\u00e1tio dos Trilhos | 10h<br>Praia Grande \u2013 Quadrad\u00e3o do Quietude | 11h<br>Praia Grande \u2013 Est\u00e1tua Yemanj\u00e1 | 13h<br>Ribeir\u00e3o Preto \u2013 Esplanada do Teatro Pedro II | 10h<br>Rio Preto \u2013 Pra\u00e7a Jos\u00e9 Marcondes | 16h<br>Santos \u2013 Unifesp | 15h<br>Santos \u2013 Esta\u00e7\u00e3o Cidadania | 16h<br>S\u00e3o Bernardo do Campo \u2013 Pa\u00e7o Municipal | 10h<br>S\u00e3o Jos\u00e9 dos Campos \u2013 Pra\u00e7a Afonso Pena | 10h<br>S\u00e3o Paulo \u2013 Masp | 16h<br>Taubat\u00e9 \u2013 Pra\u00e7a Dom Epaminondas | 10h<br>Ubatuba \u2013 Trevo do Cai\u00e7ara \u2013 Centro | 16h<\/p>\n\n\n\n<p>Minas Gerais<\/p>\n\n\n\n<p>Alfenas \u2013 Pra\u00e7a Get\u00falio Vargas | 15h<br>Barbacena \u2013 Pra\u00e7a da Matriz | 10h<br>Belo Horizonte \u2013 Pra\u00e7a da Liberdade | 10h<br>Caratinga \u2013 Pra\u00e7a da Esta\u00e7\u00e3o | 15h<br>Divin\u00f3polis \u2013 Pra\u00e7a da Catedral | 9h<br>Formiga \u2013 Praia Popular | 10h<br>Governador Valadares \u2013 Pra\u00e7a dos Pioneiros | 9h<br>Ipatinga \u2013 Pra\u00e7a Primeiro de Maio | 10h<br>Itabirito \u2013 Em frente \u00e0 Prefeitura | 8h<br>Ita\u00fana \u2013 Pra\u00e7a da Matriz \u2013 10h<br>Juiz de Fora \u2013 Parque Halfeld | 10h30<br>Lafaiete \u2013 Pra\u00e7a Bar\u00e3o de Queluz | 9h<br>Leopoldina \u2013 Pra\u00e7a Jos\u00e9 Pires, viaduto do Bela Vista | 10h<br>Mariana \u2013 Pra\u00e7a da S\u00e9 | 9h<br>Montes Claros \u2013 Pra\u00e7a Dr. Jo\u00e3o Alves | 9h<br>Ouro Preto \u2013 Pra\u00e7a Tiradentes | 10h<br>Passos \u2013 Pra\u00e7a do Ros\u00e1rio | 15h<br>Po\u00e7os de Caldas \u2013 Parque Jos\u00e9 Afonso Junqueira | 15h<br>Pouso Alegre \u2013 Pra\u00e7a da Catedral | 10h<br>S\u00e3o Jo\u00e3o Del Rei \u2013 Teatro Municipal | 10h<br>Teofilo Otoni \u2013 Pra\u00e7a Tiradentes | 9h<br>Uberaba \u2013 Pra\u00e7a Rui Barbosa | 11h<br>Uberl\u00e2ndia \u2013 Pra\u00e7a Ismene Mendes | 10h<br>Varginha \u2013 Pra\u00e7a do ET | 10h<br>Vi\u00e7osa \u2013 4 Pilastras | 9h30<\/p>\n\n\n\n<p><strong>Rio de Janeiro e Esp\u00edrito Santo<\/strong><\/p>\n\n\n\n<p>ES \u2013 Vit\u00f3ria \u2013 Ufes | 15hCampos \u2013 Pra\u00e7a S\u00e3o Salvador | 10h<br>Maca\u00e9 \u2013 Pra\u00e7a Ver\u00edssimo de Melo | 9h30<br>Miracema \u2013 Posto Confian\u00e7a | 15h<br>Nova Friburgo \u2013 Centro de Turismo na Pra\u00e7a Get\u00falio Vargas | 16h<br>Petr\u00f3polis \u2013 Pra\u00e7a da Inconfid\u00eancia | 11h<br>Rio das Ostras \u2013 Feira Livre da \u00c2nconra | 9h | 16h30<br>Rio de Janeiro \u2013 Monumento Zumbi dos Palmares | 10h<br>Santo Ant\u00f4nio de P\u00e1dua \u2013 Centro | 10h<br>Teres\u00f3polis \u2013 Escola Sakura Ermitage | 9h30<br>Volta Redonda \u2013 Pra\u00e7a Juarez Antunes | 16h30<\/p>\n\n\n\n<p>Nordeste<\/p>\n\n\n\n<p>AL \u2013 Macei\u00f3 \u2013 Pra\u00e7a Centen\u00e1rio (carro, moto ou a p\u00e9) | 9h<br>AL \u2013 Macei\u00f3 \u2013 Pra\u00e7a dos Mart\u00edrios | 9h<br>AL \u2013 Macei\u00f3 \u2013 Monumento \u00e0 Republica (carreata) | 15h<br>BA \u2013 Feira de Santana \u2013 em frente \u00e0 prefeitura | 9h<br>BA \u2013 Ilheus \u2013 Pra\u00e7a Caiuru | 10h<br>BA \u2013 Salvador \u2013 Largo do Campo Grande | 10h<br>CE \u2013 Fortaleza \u2013 Carreata Arena Castel\u00e3o | 15h<br>CE \u2013 Fortaleza \u2013 Pra\u00e7a da Gentil\u00e2ndia | 15h30<br>CE \u2013 Juazeiro do Norte \u2013 Pra\u00e7a da Prefeitura | 8h<br>MA \u2013 Imperatriz \u2013 Pra\u00e7a de F\u00e1tima | 9h<br>MA \u2013 S\u00e3o Lu\u00eds \u2013 Pra\u00e7a Deodoro at\u00e9 a Pra\u00e7a Maria Arag\u00e3o | 9h<br>PB \u2013 Jo\u00e3o Pessoa \u2013 Carreata Pra\u00e7a da Independ\u00eancia (at\u00e9 Parque da Lagoa) | 9h<br>PB \u2013 Patos \u2013 Correios | 8h<br>PB \u2013 Campina Grande \u2013 Pra\u00e7a da Bandeira | 9h<br>PE \u2013 Recife \u2013 Pra\u00e7a do Derby | 9 h<br>PE \u2013 Caruaru \u2013 Centro | 9h<br>PE \u2013 Garanhuns \u2013 Centro | 9h<br>PI \u2013 Teresina \u2013 Pra\u00e7a Rio Branco | 8h<br>RN \u2013 Mossor\u00f3 \u2013 Pra\u00e7a C\u00edcero Dias | 16h<br>RN \u2013 Natal \u2013 Em frente ao Midway Mall | 15h<br>SE \u2013 Aracaju \u2013 Pra\u00e7a de Eventos entre os Mercados | 8h<\/p>\n\n\n\n<p>Sul<\/p>\n\n\n\n<p>PR \u2013 Cascavel \u2013 Cal\u00e7ad\u00e3o Av. Brasil | 10h<br>PR \u2013 Curitiba \u2013 Pra\u00e7a Santos Andrade | 16h<br>PR \u2013 Ponta Grossa \u2013 Pra\u00e7a Bar\u00e3o de Guara\u00fana | 16h<br>PR \u2013 Maring\u00e1 \u2013 Pra\u00e7a Raposo Tavares | 10h<br>SC \u2013 Balne\u00e1rio Cambori\u00fa \u2013 Pra\u00e7a Tamandar\u00e9 | 10h<br>SC \u2013 Blumenau \u2013 Pra\u00e7a Carlos Gomes | 10h<br>SC \u2013 Brusque \u2013 Esquina Get\u00falio Vargas com Primeiro de Maio | 9h<br>SC \u2013 Itaja\u00ed \u2013 Cal\u00e7ad\u00e3o da Herc\u00edlio | 9h<br>SC \u2013 Jaragu\u00e1 do Sul \u2013 Pra\u00e7a \u00c2ngelo Piazera | 9h<br>SC \u2013 Florian\u00f3polis \u2013 Largo da Alf\u00e2ndega | 10h<br>SC \u2013 Joinville \u2013 Pra\u00e7a da Bandeira | 10h<br>RS \u2013 Caxias do Sul \u2013 Pra\u00e7a Dante Alighieri | 15h<br>RS \u2013 Passo Fundo \u2013 Pra\u00e7a da M\u00e3e | 8h<br>RS \u2013 Porto Alegre \u2013 Prefeitura | 15h<\/p>\n\n\n\n<p>Norte<\/p>\n\n\n\n<p>AM \u2013 Manaus \u2013 Pra\u00e7a da Saudade | 16h<br>AP \u2013 Macap\u00e1 \u2013 Pra\u00e7a da Bandeira | 16h<br>PA \u2013 Abaetetuba \u2013 Pra\u00e7a do Barco | 15h<br>PA \u2013 Altamira \u2013 concentra\u00e7\u00e3o na Equatorial Energia | 8h<br>PA \u2013 Bel\u00e9m \u2013 Pra\u00e7a da Rep\u00fablica | 8h<br>PA \u2013 Castanhal \u2013 Pra\u00e7a Estrela | 16h<br>PA \u2013 Santar\u00e9m \u2013 Pra\u00e7a de Eventos | 17h30<br>TO \u2013 Araguaina \u2013 Pra\u00e7a das Bandeiras | 16h<br>TO \u2013 Palmas \u2013 &nbsp;Av. Juscelino Kubitscheck \u2013 em frente ao Pal\u00e1cio Araguaia | 9h<br>RO \u2013 Guajar\u00e1-Mirim \u2013 Parque Circuito | 9h30<br>RO \u2013 Porto Velho \u2013 em frente \u00e0 pra\u00e7a da Estrada de Ferro Madeira-Mamor\u00e9 | 8h<\/p>\n\n\n\n<p>Centro-Oeste<\/p>\n\n\n\n<p>DF \u2013 Bras\u00edlia \u2013 Carreata Pal\u00e1cio do Buriti (at\u00e9 a Esplanada) | 8h30<br>DF \u2013 Bras\u00edlia \u2013 Museu Nacional | 9h<br>GO \u2013 Goi\u00e2nia \u2013 Pra\u00e7a C\u00edvica | 9h<br>MS \u2013 Aquidauana \u2013 Pra\u00e7a dos Estudantes | 9h<br>MS \u2013 Campo Grande \u2013 em frente a UFMS | 8h<br>MS \u2013 Corumb\u00e1 \u2013 Centro \u2013 9h<br>MS \u2013 Dourados \u2013 9h<br>MS \u2013 Tr\u00eas Lagoas \u2013 Pra\u00e7a Ramez | 9h<br>MT \u2013 Cuiab\u00e1 \u2013 Carreata saindo da UFMT | 9h<br>MT \u2013 Rondon\u00f3polis \u2013 Panfleta\u00e7o Pra\u00e7a do Centro | 9h<\/p>\n","protected":false},"excerpt":{"rendered":"<p>Brasil de Fato &#8211; Entidades estudantis e de trabalhadores e at\u00e9 torcidas organizadas convocaram para este s\u00e1bado (29) protestos por todo o pa\u00eds contra o governo Bolsonaro. \u00c9 o #29M.<\/p>\n","protected":false},"author":1,"featured_media":0,"comment_status":"closed","ping_status":"open","sticky":false,"template":"","format":"standard","meta":{"_exactmetrics_skip_tracking":false,"_exactmetrics_sitenote_active":false,"_exactmetrics_sitenote_note":"","_exactmetrics_sitenote_category":0,"jetpack_post_was_ever_published":false,"_jetpack_newsletter_access":"","_jetpack_dont_email_post_to_subs":false,"_jetpack_newsletter_tier_id":0,"_jetpack_memberships_contains_paywalled_content":false,"_jetpack_memberships_contains_paid_content":false,"footnotes":"","jetpack_publicize_message":"","jetpack_publicize_feature_enabled":true,"jetpack_social_post_already_shared":true,"jetpack_social_options":{"image_generator_settings":{"template":"highway","enabled":false},"version":2}},"categories":[1],"tags":[],"class_list":["post-32062","post","type-post","status-publish","format-standard","hentry","category-notas"],"jetpack_publicize_connections":[],"jetpack_sharing_enabled":true,"jetpack_featured_media_url":"","jetpack_shortlink":"https:\/\/wp.me\/p7wKYW-8l8","jetpack-related-posts":[],"_links":{"self":[{"href":"http:\/\/blogdalucianaoliveira.com.br\/blog\/wp-json\/wp\/v2\/posts\/32062","targetHints":{"allow":["GET"]}}],"collection":[{"href":"http:\/\/blogdalucianaoliveira.com.br\/blog\/wp-json\/wp\/v2\/posts"}],"about":[{"href":"http:\/\/blogdalucianaoliveira.com.br\/blog\/wp-json\/wp\/v2\/types\/post"}],"author":[{"embeddable":true,"href":"http:\/\/blogdalucianaoliveira.com.br\/blog\/wp-json\/wp\/v2\/users\/1"}],"replies":[{"embeddable":true,"href":"http:\/\/blogdalucianaoliveira.com.br\/blog\/wp-json\/wp\/v2\/comments?post=32062"}],"version-history":[{"count":1,"href":"http:\/\/blogdalucianaoliveira.com.br\/blog\/wp-json\/wp\/v2\/posts\/32062\/revisions"}],"predecessor-version":[{"id":32064,"href":"http:\/\/blogdalucianaoliveira.com.br\/blog\/wp-json\/wp\/v2\/posts\/32062\/revisions\/32064"}],"wp:attachment":[{"href":"http:\/\/blogdalucianaoliveira.com.br\/blog\/wp-json\/wp\/v2\/media?parent=32062"}],"wp:term":[{"taxonomy":"category","embeddable":true,"href":"http:\/\/blogdalucianaoliveira.com.br\/blog\/wp-json\/wp\/v2\/categories?post=32062"},{"taxonomy":"post_tag","embeddable":true,"href":"http:\/\/blogdalucianaoliveira.com.br\/blog\/wp-json\/wp\/v2\/tags?post=32062"}],"curies":[{"name":"wp","href":"https:\/\/api.w.org\/{rel}","templated":true}]}}