{"id":32067,"date":"2021-05-28T15:31:13","date_gmt":"2021-05-28T19:31:13","guid":{"rendered":"http:\/\/blogdalucianaoliveira.com.br\/blog\/?p=32067"},"modified":"2021-05-28T15:31:18","modified_gmt":"2021-05-28T19:31:18","slug":"natuza-nery-enquadra-senador-marcos-rogerio-na-globonews-e-internautas-comemoram","status":"publish","type":"post","link":"http:\/\/blogdalucianaoliveira.com.br\/blog\/2021\/05\/28\/natuza-nery-enquadra-senador-marcos-rogerio-na-globonews-e-internautas-comemoram\/","title":{"rendered":"Natuza Nery enquadra senador Marcos Rog\u00e9rio na GloboNews e internautas comemoram"},"content":{"rendered":"\n<figure class=\"wp-block-image size-large\"><img loading=\"lazy\" decoding=\"async\" width=\"1250\" height=\"600\" data-attachment-id=\"32068\" data-permalink=\"http:\/\/blogdalucianaoliveira.com.br\/blog\/2021\/05\/28\/natuza-nery-enquadra-senador-marcos-rogerio-na-globonews-e-internautas-comemoram\/73bb2b49-8c32-4ca9-bc0d-2f9aebfafbfd\/\" data-orig-file=\"https:\/\/i0.wp.com\/blogdalucianaoliveira.com.br\/blog\/wp-content\/uploads\/2021\/05\/73BB2B49-8C32-4CA9-BC0D-2F9AEBFAFBFD.jpeg?fit=1250%2C600\" data-orig-size=\"1250,600\" data-comments-opened=\"0\" data-image-meta=\"{&quot;aperture&quot;:&quot;0&quot;,&quot;credit&quot;:&quot;&quot;,&quot;camera&quot;:&quot;&quot;,&quot;caption&quot;:&quot;&quot;,&quot;created_timestamp&quot;:&quot;0&quot;,&quot;copyright&quot;:&quot;&quot;,&quot;focal_length&quot;:&quot;0&quot;,&quot;iso&quot;:&quot;0&quot;,&quot;shutter_speed&quot;:&quot;0&quot;,&quot;title&quot;:&quot;&quot;,&quot;orientation&quot;:&quot;0&quot;}\" data-image-title=\"73BB2B49-8C32-4CA9-BC0D-2F9AEBFAFBFD\" data-image-description=\"\" data-image-caption=\"\" data-medium-file=\"https:\/\/i0.wp.com\/blogdalucianaoliveira.com.br\/blog\/wp-content\/uploads\/2021\/05\/73BB2B49-8C32-4CA9-BC0D-2F9AEBFAFBFD.jpeg?fit=300%2C144\" data-large-file=\"https:\/\/i0.wp.com\/blogdalucianaoliveira.com.br\/blog\/wp-content\/uploads\/2021\/05\/73BB2B49-8C32-4CA9-BC0D-2F9AEBFAFBFD.jpeg?fit=600%2C288\" src=\"https:\/\/i0.wp.com\/blogdalucianaoliveira.com.br\/blog\/wp-content\/uploads\/2021\/05\/73BB2B49-8C32-4CA9-BC0D-2F9AEBFAFBFD.jpeg?fit=600%2C288\" alt=\"\" class=\"wp-image-32068\" srcset=\"https:\/\/i0.wp.com\/blogdalucianaoliveira.com.br\/blog\/wp-content\/uploads\/2021\/05\/73BB2B49-8C32-4CA9-BC0D-2F9AEBFAFBFD.jpeg?w=1250 1250w, https:\/\/i0.wp.com\/blogdalucianaoliveira.com.br\/blog\/wp-content\/uploads\/2021\/05\/73BB2B49-8C32-4CA9-BC0D-2F9AEBFAFBFD.jpeg?resize=300%2C144 300w, https:\/\/i0.wp.com\/blogdalucianaoliveira.com.br\/blog\/wp-content\/uploads\/2021\/05\/73BB2B49-8C32-4CA9-BC0D-2F9AEBFAFBFD.jpeg?resize=1024%2C492 1024w, https:\/\/i0.wp.com\/blogdalucianaoliveira.com.br\/blog\/wp-content\/uploads\/2021\/05\/73BB2B49-8C32-4CA9-BC0D-2F9AEBFAFBFD.jpeg?resize=768%2C369 768w, https:\/\/i0.wp.com\/blogdalucianaoliveira.com.br\/blog\/wp-content\/uploads\/2021\/05\/73BB2B49-8C32-4CA9-BC0D-2F9AEBFAFBFD.jpeg?resize=625%2C300 625w, https:\/\/i0.wp.com\/blogdalucianaoliveira.com.br\/blog\/wp-content\/uploads\/2021\/05\/73BB2B49-8C32-4CA9-BC0D-2F9AEBFAFBFD.jpeg?w=1200 1200w\" sizes=\"auto, (max-width: 600px) 100vw, 600px\" \/><\/figure>\n\n\n\n<p><strong>247 &#8211;&nbsp;<\/strong>A jornalista Natuza Nery se tornou um dos temas mais comentados no Twitter do Brasil na tarde desta sexta-feira (28) ap\u00f3s enquadrar o senador Marcos Rog\u00e9rio (DEM-RO) durante o programa Est\u00fadio I, da GloboNews.<\/p>\n\n\n\n<!--more-->\n\n\n\n<p>Natuza questionava o apoio do parlamentar a manifesta\u00e7\u00f5es pol\u00edticas com aglomera\u00e7\u00f5es durante a pandemia de Covid-19. Tentanto se justificar, Marcos Rog\u00e9rio afirmou que os atos de apoio a Jair Bolsonaro s\u00e3o atos em defesa da democracia. &#8220;O senhor est\u00e1, com seu gesto, estimulando isso&#8221;, disse a jornalista.<\/p>\n\n\n\n<p>Diante de diversas interrup\u00e7\u00f5es em sua fala por parte do senador, Natuza disparou: &#8220;o senhor n\u00e3o vai fazer comigo aqui o que o senhor faz na CPI. O senhor vai me deixar concluir ou o senhor vai fazer comigo o que o senhor faz com as senadoras mulheres na CPI?&#8221;.<\/p>\n\n\n\n<figure class=\"wp-block-embed-twitter wp-block-embed is-type-rich is-provider-twitter\"><div class=\"wp-block-embed__wrapper\">\n<blockquote class=\"twitter-tweet\" data-width=\"550\" data-dnt=\"true\"><p lang=\"pt\" dir=\"ltr\"><a href=\"https:\/\/twitter.com\/NatuzaNery?ref_src=twsrc%5Etfw\">@NatuzaNery<\/a> JANTOU SENSATEZ E VOMITOU NA CARA DO NOJENTO DO SENADOR MARCOS ROG\u00c9RIO. Viva Natuza Nery !!!!! <a href=\"https:\/\/t.co\/9yEc2kkGOE\">https:\/\/t.co\/9yEc2kkGOE<\/a><\/p>&mdash; Zen \ud83d\udd34\u2b55\ud83d\udd34 (@Zen_de_Esquerda) <a href=\"https:\/\/twitter.com\/Zen_de_Esquerda\/status\/1398342532065599488?ref_src=twsrc%5Etfw\">May 28, 2021<\/a><\/blockquote><script async src=\"https:\/\/platform.twitter.com\/widgets.js\" charset=\"utf-8\"><\/script>\n<\/div><\/figure>\n\n\n\n<figure class=\"wp-block-embed-twitter wp-block-embed is-type-rich is-provider-twitter\"><div class=\"wp-block-embed__wrapper\">\n<blockquote class=\"twitter-tweet\" data-width=\"550\" data-dnt=\"true\"><p lang=\"pt\" dir=\"ltr\">A Natuza Nery apontou as incoer\u00eancias e contradi\u00e7\u00f5es do senador Marcos Rog\u00e9rio (pau mandado do Bolsonaro) e ele simplesmente surtou ao vivo. Mais uma vez, acabou massacrado <a href=\"https:\/\/t.co\/x8kyiKpb6b\">pic.twitter.com\/x8kyiKpb6b<\/a><\/p>&mdash; . (@wilkerrrr) <a href=\"https:\/\/twitter.com\/wilkerrrr\/status\/1398341177888448513?ref_src=twsrc%5Etfw\">May 28, 2021<\/a><\/blockquote><script async src=\"https:\/\/platform.twitter.com\/widgets.js\" charset=\"utf-8\"><\/script>\n<\/div><\/figure>\n\n\n\n<p>Em 15 de maio, Marcos Rog\u00e9rio publicou foto ao lado de manifestantes que expressavam apoio a Bolsonaro. Apesar de estar de m\u00e1scara, pessoas ao seu lado dispensavam o equipamento de prote\u00e7\u00e3o contra o coronav\u00edrus.\u00a0<br><\/p>\n\n\n\n<p>Partidos de oposi\u00e7\u00e3o e movimentos sociais organizam para este s\u00e1bado (29)\u00a0<a href=\"https:\/\/www.brasil247.com\/brasil\/29m-ja-sao-186-atos-contra-bolsonaro-confirmados-e-movimentos-indicam-medidas-de-precaucao-veja\">atos por todo o pa\u00eds pedindo a sa\u00edda de Bolsonaro do poder<\/a>. Para estas manifesta\u00e7\u00f5es, no entanto, destacam-se os pedidos para que os participantes mantenham distanciamento e\u00a0<a href=\"https:\/\/www.brasil247.com\/brasil\/29m-ja-sao-186-atos-contra-bolsonaro-confirmados-e-movimentos-indicam-medidas-de-precaucao-veja\">adotem todas as medidas de seguran\u00e7a contra a Covid-19<\/a>.<br><\/p>\n\n\n\n<figure class=\"wp-block-embed-twitter wp-block-embed is-type-rich is-provider-twitter\"><div class=\"wp-block-embed__wrapper\">\n<blockquote class=\"twitter-tweet\" data-width=\"550\" data-dnt=\"true\"><p lang=\"pt\" dir=\"ltr\">Tem gente de todo canto, de Norte a Sul, para manifestar apoio ao presidente. E o estado de Rond\u00f4nia se faz representado com a presen\u00e7a de pecuaristas e produtores. <br><br>\u00c9 o Agro e o Povo pela Democracia! <a href=\"https:\/\/t.co\/PkvUVFkaFo\">pic.twitter.com\/PkvUVFkaFo<\/a><\/p>&mdash; MARCOS ROG\u00c9RIO (@MarcosRogerio) <a href=\"https:\/\/twitter.com\/MarcosRogerio\/status\/1393589287514525702?ref_src=twsrc%5Etfw\">May 15, 2021<\/a><\/blockquote><script async src=\"https:\/\/platform.twitter.com\/widgets.js\" charset=\"utf-8\"><\/script>\n<\/div><\/figure>\n\n\n\n<p>Diversos internautas reagiram ap\u00f3s o firme posicionamento da jornalista diante do senador.&nbsp;<\/p>\n\n\n\n<figure class=\"wp-block-embed-twitter wp-block-embed is-type-rich is-provider-twitter\"><div class=\"wp-block-embed__wrapper\">\nhttps:\/\/twitter.com\/LuisDesaillys\/status\/1398345650182492163?s=20\n<\/div><\/figure>\n","protected":false},"excerpt":{"rendered":"<p>247 &#8211;&nbsp;A jornalista Natuza Nery se tornou um dos temas mais comentados no Twitter do Brasil na tarde desta sexta-feira (28) ap\u00f3s enquadrar o senador Marcos Rog\u00e9rio (DEM-RO) durante o programa Est\u00fadio I, da GloboNews.<\/p>\n","protected":false},"author":1,"featured_media":0,"comment_status":"closed","ping_status":"open","sticky":false,"template":"","format":"standard","meta":{"_exactmetrics_skip_tracking":false,"_exactmetrics_sitenote_active":false,"_exactmetrics_sitenote_note":"","_exactmetrics_sitenote_category":0,"jetpack_post_was_ever_published":false,"_jetpack_newsletter_access":"","_jetpack_dont_email_post_to_subs":false,"_jetpack_newsletter_tier_id":0,"_jetpack_memberships_contains_paywalled_content":false,"_jetpack_memberships_contains_paid_content":false,"footnotes":"","jetpack_publicize_message":"","jetpack_publicize_feature_enabled":true,"jetpack_social_post_already_shared":true,"jetpack_social_options":{"image_generator_settings":{"template":"highway","enabled":false},"version":2}},"categories":[1],"tags":[529,552],"class_list":["post-32067","post","type-post","status-publish","format-standard","hentry","category-notas","tag-marcos-rogerio","tag-pandemia-natuza-nery"],"jetpack_publicize_connections":[],"jetpack_sharing_enabled":true,"jetpack_featured_media_url":"","jetpack_shortlink":"https:\/\/wp.me\/p7wKYW-8ld","jetpack-related-posts":[],"_links":{"self":[{"href":"http:\/\/blogdalucianaoliveira.com.br\/blog\/wp-json\/wp\/v2\/posts\/32067","targetHints":{"allow":["GET"]}}],"collection":[{"href":"http:\/\/blogdalucianaoliveira.com.br\/blog\/wp-json\/wp\/v2\/posts"}],"about":[{"href":"http:\/\/blogdalucianaoliveira.com.br\/blog\/wp-json\/wp\/v2\/types\/post"}],"author":[{"embeddable":true,"href":"http:\/\/blogdalucianaoliveira.com.br\/blog\/wp-json\/wp\/v2\/users\/1"}],"replies":[{"embeddable":true,"href":"http:\/\/blogdalucianaoliveira.com.br\/blog\/wp-json\/wp\/v2\/comments?post=32067"}],"version-history":[{"count":1,"href":"http:\/\/blogdalucianaoliveira.com.br\/blog\/wp-json\/wp\/v2\/posts\/32067\/revisions"}],"predecessor-version":[{"id":32069,"href":"http:\/\/blogdalucianaoliveira.com.br\/blog\/wp-json\/wp\/v2\/posts\/32067\/revisions\/32069"}],"wp:attachment":[{"href":"http:\/\/blogdalucianaoliveira.com.br\/blog\/wp-json\/wp\/v2\/media?parent=32067"}],"wp:term":[{"taxonomy":"category","embeddable":true,"href":"http:\/\/blogdalucianaoliveira.com.br\/blog\/wp-json\/wp\/v2\/categories?post=32067"},{"taxonomy":"post_tag","embeddable":true,"href":"http:\/\/blogdalucianaoliveira.com.br\/blog\/wp-json\/wp\/v2\/tags?post=32067"}],"curies":[{"name":"wp","href":"https:\/\/api.w.org\/{rel}","templated":true}]}}