{"id":32070,"date":"2021-05-28T18:22:01","date_gmt":"2021-05-28T22:22:01","guid":{"rendered":"http:\/\/blogdalucianaoliveira.com.br\/blog\/?p=32070"},"modified":"2021-05-28T18:22:05","modified_gmt":"2021-05-28T22:22:05","slug":"coronavac-reduz-mortalidade-por-covid-19-em-97-no-uruguai-dizem-dados-preliminares","status":"publish","type":"post","link":"http:\/\/blogdalucianaoliveira.com.br\/blog\/2021\/05\/28\/coronavac-reduz-mortalidade-por-covid-19-em-97-no-uruguai-dizem-dados-preliminares\/","title":{"rendered":"Coronavac reduz mortalidade por Covid-19 em 97% no Uruguai, dizem dados preliminares"},"content":{"rendered":"\n<figure class=\"wp-block-image size-large\"><img data-recalc-dims=\"1\" loading=\"lazy\" decoding=\"async\" width=\"600\" height=\"445\" data-attachment-id=\"32071\" data-permalink=\"http:\/\/blogdalucianaoliveira.com.br\/blog\/2021\/05\/28\/coronavac-reduz-mortalidade-por-covid-19-em-97-no-uruguai-dizem-dados-preliminares\/f1b47139-f81a-48d6-ba00-c5aee8f0fcf1\/\" data-orig-file=\"https:\/\/i0.wp.com\/blogdalucianaoliveira.com.br\/blog\/wp-content\/uploads\/2021\/05\/F1B47139-F81A-48D6-BA00-C5AEE8F0FCF1.jpeg?fit=643%2C477\" data-orig-size=\"643,477\" data-comments-opened=\"0\" data-image-meta=\"{&quot;aperture&quot;:&quot;0&quot;,&quot;credit&quot;:&quot;&quot;,&quot;camera&quot;:&quot;&quot;,&quot;caption&quot;:&quot;&quot;,&quot;created_timestamp&quot;:&quot;0&quot;,&quot;copyright&quot;:&quot;&quot;,&quot;focal_length&quot;:&quot;0&quot;,&quot;iso&quot;:&quot;0&quot;,&quot;shutter_speed&quot;:&quot;0&quot;,&quot;title&quot;:&quot;&quot;,&quot;orientation&quot;:&quot;0&quot;}\" data-image-title=\"F1B47139-F81A-48D6-BA00-C5AEE8F0FCF1\" data-image-description=\"\" data-image-caption=\"\" data-medium-file=\"https:\/\/i0.wp.com\/blogdalucianaoliveira.com.br\/blog\/wp-content\/uploads\/2021\/05\/F1B47139-F81A-48D6-BA00-C5AEE8F0FCF1.jpeg?fit=300%2C223\" data-large-file=\"https:\/\/i0.wp.com\/blogdalucianaoliveira.com.br\/blog\/wp-content\/uploads\/2021\/05\/F1B47139-F81A-48D6-BA00-C5AEE8F0FCF1.jpeg?fit=600%2C445\" src=\"https:\/\/i0.wp.com\/blogdalucianaoliveira.com.br\/blog\/wp-content\/uploads\/2021\/05\/F1B47139-F81A-48D6-BA00-C5AEE8F0FCF1.jpeg?resize=600%2C445\" alt=\"\" class=\"wp-image-32071\" srcset=\"https:\/\/i0.wp.com\/blogdalucianaoliveira.com.br\/blog\/wp-content\/uploads\/2021\/05\/F1B47139-F81A-48D6-BA00-C5AEE8F0FCF1.jpeg?w=643 643w, https:\/\/i0.wp.com\/blogdalucianaoliveira.com.br\/blog\/wp-content\/uploads\/2021\/05\/F1B47139-F81A-48D6-BA00-C5AEE8F0FCF1.jpeg?resize=300%2C223 300w, https:\/\/i0.wp.com\/blogdalucianaoliveira.com.br\/blog\/wp-content\/uploads\/2021\/05\/F1B47139-F81A-48D6-BA00-C5AEE8F0FCF1.jpeg?resize=404%2C300 404w\" sizes=\"auto, (max-width: 600px) 100vw, 600px\" \/><\/figure>\n\n\n\n<p>Pa\u00eds aplicou vacina da Pfizer em grupos priorit\u00e1rios e Coronavac no restante da popula\u00e7\u00e3o.<\/p>\n\n\n\n<!--more-->\n\n\n\n<p><strong>MONTEVID\u00c9U | AFP<\/strong><\/p>\n\n\n\n<p><a href=\"https:\/\/www1.folha.uol.com.br\/equilibrioesaude\/2021\/05\/coronavac-e-eficaz-contra-variantes-do-coronavirus-diz-estudo-chines.shtml\">A vacina Coronavac<\/a>&nbsp;foi capaz de reduzir em 97% a mortalidade por Covid-19, segundo os resultados preliminares de um estudo realizado na popula\u00e7\u00e3o uruguaia.<\/p>\n\n\n\n<p>J\u00e1 a vacina da farmac\u00eautica americana Pfizer reduziu a mortalidade em 80%. As porcentagens, por\u00e9m, n\u00e3o s\u00e3o exatamente compar\u00e1veis, j\u00e1 que no Uruguai o imunizante da Pfizer est\u00e1 reservado para os maiores de 70 anos, profissionais da sa\u00fade e pessoas com comorbidades \u2014ou seja, pessoas com maior chance de contrair o v\u00edrus e adoecer.<\/p>\n\n\n\n<p>O estudo do governo uruguaio mostra, por outro lado, uma maior efic\u00e1cia da vacina americana para impedir os cont\u00e1gios e as hospitaliza\u00e7\u00f5es.<\/p>\n\n\n\n<p>O relat\u00f3rio indica que, do n\u00famero total de 712.716 pessoas totalmente imunizadas com Coronavac em 25 de maio, 5.360 tiveram resultado positivo para o coronav\u00edrus. Dessas pessoas, 19 precisaram de interna\u00e7\u00e3o em UTI e 6 faleceram.<\/p>\n\n\n\n<p>Da mesma forma, do total de pessoas imunizadas com a vacina da Pfizer na mesma data (149.329), 691 foram infectadas com o coronav\u00edrus, apenas 1 necessitou de hospitaliza\u00e7\u00e3o no CTI e 8 morreram. O relat\u00f3rio esclarece que, nesse caso, todos tinham mais de 80 anos.<\/p>\n\n\n\n<p>Em percentuais, a redu\u00e7\u00e3o de casos com a Coronavac \u00e9 de 57% e, com a Pfizer, de 75%.<\/p>\n\n\n\n<p>O relat\u00f3rio tamb\u00e9m observou uma efic\u00e1cia de 95% para a Coronacac e de 99% para a Pfizer em reduzir hospitaliza\u00e7\u00f5es em UTIs.<\/p>\n\n\n\n<p>O estudo esclarece que os n\u00fameros s\u00e3o preliminares e &#8220;devem ser interpretados com cautela, pois n\u00e3o levam em considera\u00e7\u00e3o a idade das pessoas, suas comorbidades e grupos de alta exposi\u00e7\u00e3o&#8221;, como os funcion\u00e1rios da sa\u00fade. Esses ajustes estat\u00edsticos ser\u00e3o comunicados em relat\u00f3rios futuros.<\/p>\n\n\n\n<p><a href=\"https:\/\/www1.folha.uol.com.br\/mundo\/2020\/10\/a-pandemia-e-os-argumentos-para-o-sucesso-do-uruguai.shtml\">Exemplo de gest\u00e3o no in\u00edcio da pandemia<\/a>, o Uruguai, de 3,5 milh\u00f5es de habitantes e que nunca recorreu ao confinamento e mant\u00e9m grande parte de suas atividades abertas,&nbsp;<a href=\"https:\/\/www1.folha.uol.com.br\/mundo\/2021\/04\/uruguai-tem-maior-taxa-de-contagios-de-covid-19-diarios-do-mundo.shtml\">vive o pior momento da crise sanit\u00e1ria<\/a>.<\/p>\n\n\n\n<p>O governo do presidente Luis Lacalle Pou aposta todas as fichas na vacina\u00e7\u00e3o, que vem progredindo intensamente desde o seu in\u00edcio, em 1\u00ba de mar\u00e7o. Atualmente, 47% da popula\u00e7\u00e3o j\u00e1 recebeu a primeira dose da vacina e 28%, a segunda.<\/p>\n\n\n\n<p><\/p>\n","protected":false},"excerpt":{"rendered":"<p>Pa\u00eds aplicou vacina da Pfizer em grupos priorit\u00e1rios e Coronavac no restante da popula\u00e7\u00e3o.<\/p>\n","protected":false},"author":1,"featured_media":0,"comment_status":"closed","ping_status":"open","sticky":false,"template":"","format":"standard","meta":{"_exactmetrics_skip_tracking":false,"_exactmetrics_sitenote_active":false,"_exactmetrics_sitenote_note":"","_exactmetrics_sitenote_category":0,"jetpack_post_was_ever_published":false,"_jetpack_newsletter_access":"","_jetpack_dont_email_post_to_subs":false,"_jetpack_newsletter_tier_id":0,"_jetpack_memberships_contains_paywalled_content":false,"_jetpack_memberships_contains_paid_content":false,"footnotes":"","jetpack_publicize_message":"","jetpack_publicize_feature_enabled":true,"jetpack_social_post_already_shared":true,"jetpack_social_options":{"image_generator_settings":{"template":"highway","enabled":false},"version":2}},"categories":[1],"tags":[],"class_list":["post-32070","post","type-post","status-publish","format-standard","hentry","category-notas"],"jetpack_publicize_connections":[],"jetpack_sharing_enabled":true,"jetpack_featured_media_url":"","jetpack_shortlink":"https:\/\/wp.me\/p7wKYW-8lg","jetpack-related-posts":[],"_links":{"self":[{"href":"http:\/\/blogdalucianaoliveira.com.br\/blog\/wp-json\/wp\/v2\/posts\/32070","targetHints":{"allow":["GET"]}}],"collection":[{"href":"http:\/\/blogdalucianaoliveira.com.br\/blog\/wp-json\/wp\/v2\/posts"}],"about":[{"href":"http:\/\/blogdalucianaoliveira.com.br\/blog\/wp-json\/wp\/v2\/types\/post"}],"author":[{"embeddable":true,"href":"http:\/\/blogdalucianaoliveira.com.br\/blog\/wp-json\/wp\/v2\/users\/1"}],"replies":[{"embeddable":true,"href":"http:\/\/blogdalucianaoliveira.com.br\/blog\/wp-json\/wp\/v2\/comments?post=32070"}],"version-history":[{"count":1,"href":"http:\/\/blogdalucianaoliveira.com.br\/blog\/wp-json\/wp\/v2\/posts\/32070\/revisions"}],"predecessor-version":[{"id":32072,"href":"http:\/\/blogdalucianaoliveira.com.br\/blog\/wp-json\/wp\/v2\/posts\/32070\/revisions\/32072"}],"wp:attachment":[{"href":"http:\/\/blogdalucianaoliveira.com.br\/blog\/wp-json\/wp\/v2\/media?parent=32070"}],"wp:term":[{"taxonomy":"category","embeddable":true,"href":"http:\/\/blogdalucianaoliveira.com.br\/blog\/wp-json\/wp\/v2\/categories?post=32070"},{"taxonomy":"post_tag","embeddable":true,"href":"http:\/\/blogdalucianaoliveira.com.br\/blog\/wp-json\/wp\/v2\/tags?post=32070"}],"curies":[{"name":"wp","href":"https:\/\/api.w.org\/{rel}","templated":true}]}}