{"id":32073,"date":"2021-05-28T18:36:53","date_gmt":"2021-05-28T22:36:53","guid":{"rendered":"http:\/\/blogdalucianaoliveira.com.br\/blog\/?p=32073"},"modified":"2021-05-28T18:36:56","modified_gmt":"2021-05-28T22:36:56","slug":"entenda-como-governo-passa-boiada-de-leis-que-desmontam-rede-de-protecao-ambiental","status":"publish","type":"post","link":"http:\/\/blogdalucianaoliveira.com.br\/blog\/2021\/05\/28\/entenda-como-governo-passa-boiada-de-leis-que-desmontam-rede-de-protecao-ambiental\/","title":{"rendered":"Entenda como governo &#8220;passa boiada&#8221; de leis que desmontam rede de prote\u00e7\u00e3o ambiental"},"content":{"rendered":"\n<figure class=\"wp-block-image size-large\"><img data-recalc-dims=\"1\" loading=\"lazy\" decoding=\"async\" width=\"512\" height=\"349\" data-attachment-id=\"32074\" data-permalink=\"http:\/\/blogdalucianaoliveira.com.br\/blog\/2021\/05\/28\/entenda-como-governo-passa-boiada-de-leis-que-desmontam-rede-de-protecao-ambiental\/brazil-environment-fire\/\" data-orig-file=\"https:\/\/i0.wp.com\/blogdalucianaoliveira.com.br\/blog\/wp-content\/uploads\/2021\/05\/F1E625D9-3F80-4485-B5D9-8CE52A3DC976.jpeg?fit=512%2C349\" data-orig-size=\"512,349\" data-comments-opened=\"0\" data-image-meta=\"{&quot;aperture&quot;:&quot;0&quot;,&quot;credit&quot;:&quot;AFP&quot;,&quot;camera&quot;:&quot;&quot;,&quot;caption&quot;:&quot;Idelia Lima Lisboa, wife of a farmer who set fire to rainforest around his property looks on as the fire approaches their house in an area of Amazon rainforest, south of Novo Progresso in Para state, Brazil, on August 15, 2020. (Photo by CARL DE SOUZA \\\/ AFP)&quot;,&quot;created_timestamp&quot;:&quot;1597516825&quot;,&quot;copyright&quot;:&quot;AFP or licensors&quot;,&quot;focal_length&quot;:&quot;0&quot;,&quot;iso&quot;:&quot;0&quot;,&quot;shutter_speed&quot;:&quot;0&quot;,&quot;title&quot;:&quot;BRAZIL-ENVIRONMENT-FIRE&quot;,&quot;orientation&quot;:&quot;0&quot;}\" data-image-title=\"BRAZIL-ENVIRONMENT-FIRE\" data-image-description=\"\" data-image-caption=\"&lt;p&gt;Idelia Lima Lisboa, wife of a farmer who set fire to rainforest around his property looks on as the fire approaches their house in an area of Amazon rainforest, south of Novo Progresso in Para state, Brazil, on August 15, 2020. (Photo by CARL DE SOUZA \/ AFP)&lt;\/p&gt;\n\" data-medium-file=\"https:\/\/i0.wp.com\/blogdalucianaoliveira.com.br\/blog\/wp-content\/uploads\/2021\/05\/F1E625D9-3F80-4485-B5D9-8CE52A3DC976.jpeg?fit=300%2C204\" data-large-file=\"https:\/\/i0.wp.com\/blogdalucianaoliveira.com.br\/blog\/wp-content\/uploads\/2021\/05\/F1E625D9-3F80-4485-B5D9-8CE52A3DC976.jpeg?fit=512%2C349\" src=\"https:\/\/i0.wp.com\/blogdalucianaoliveira.com.br\/blog\/wp-content\/uploads\/2021\/05\/F1E625D9-3F80-4485-B5D9-8CE52A3DC976.jpeg?resize=512%2C349\" alt=\"\" class=\"wp-image-32074\" srcset=\"https:\/\/i0.wp.com\/blogdalucianaoliveira.com.br\/blog\/wp-content\/uploads\/2021\/05\/F1E625D9-3F80-4485-B5D9-8CE52A3DC976.jpeg?w=512 512w, https:\/\/i0.wp.com\/blogdalucianaoliveira.com.br\/blog\/wp-content\/uploads\/2021\/05\/F1E625D9-3F80-4485-B5D9-8CE52A3DC976.jpeg?resize=300%2C204 300w, https:\/\/i0.wp.com\/blogdalucianaoliveira.com.br\/blog\/wp-content\/uploads\/2021\/05\/F1E625D9-3F80-4485-B5D9-8CE52A3DC976.jpeg?resize=440%2C300 440w\" sizes=\"auto, (max-width: 512px) 100vw, 512px\" \/><\/figure>\n\n\n\n<h4 class=\"wp-block-heading\">Coletivo alerta para a aprova\u00e7\u00e3o na C\u00e2mara e Senado de normas extremamente danosas \u00e0 defesa do meio ambiente&nbsp;<\/h4>\n\n\n\n<!--more-->\n\n\n\n<p>Brasil de Fato | S\u00e3o Paulo (SP)\u00a0<\/p>\n\n\n\n<p>Durante reuni\u00e3o ministerial realizada em 22 de abril de 2020, o ministro do Meio Ambiente, Ricardo Salles, disse que o governo deveria aproveitar que as aten\u00e7\u00f5es da m\u00eddia estavam voltadas para a pandemia de coronav\u00edrus&nbsp;<a href=\"https:\/\/www.brasildefato.com.br\/2020\/12\/28\/2020-que-ano-foi-esse-o-meio-ambiente-entre-o-fogo-e-a-boiada\" target=\"_blank\" rel=\"noreferrer noopener\">para mudar regras ligadas \u00e0 prote\u00e7\u00e3o ambiental e \u00e0 \u00e1rea de agricultura e evitar questionamentos na Justi\u00e7a<\/a>.<\/p>\n\n\n\n<p>\u201cPrecisa ter um esfor\u00e7o nosso aqui enquanto estamos neste momento de tranquilidade no aspecto de cobertura de imprensa,&nbsp;<a href=\"https:\/\/www.brasildefato.com.br\/2020\/12\/18\/desmatamento-explica-o-novembro-mais-quente-desde-a-decada-de-1980\" target=\"_blank\" rel=\"noreferrer noopener\">porque s\u00f3 fala de covid e ir passando a boiada e mudando todo o regramento e simplificando normas<\/a>. Agora \u00e9 hora de unir esfor\u00e7os para dar de baciada a simplifica\u00e7\u00e3o, \u00e9 de regulat\u00f3rio que n\u00f3s precisamos, em todos os aspectos\u201d, disse Salles na \u00e9poca.<\/p>\n\n\n\n<p><a rel=\"noreferrer noopener\" href=\"https:\/\/www.brasildefato.com.br\/2020\/06\/09\/o-que-passou-na-boiada-de-ricardo-salles-durante-a-pandemia\" target=\"_blank\">\u00c9\u00a0isso o que est\u00e1 sendo feito no pa\u00eds<\/a>, tendo em vista como o governo de Jair Bolsonaro (sem partido) est\u00e1 lidando com as quest\u00f5es ambientais dentro do Congresso Nacional. De acordo com documento preparado por coletivo de assessores, dirigentes e senadores da bancada do PT no Senado, Greenpeace, Movimento dos Trabalhadores Rurais Sem Terra (MST) e Terra de Direitos, \u201co desmonte ambiental promovido e liderado pelo governo Bolsonaro encontra no Congresso Nacional espa\u00e7o perfeito para avan\u00e7ar na desregulamenta\u00e7\u00e3o e fragiliza\u00e7\u00e3o da legisla\u00e7\u00e3o ambiental\u201d.<\/p>\n\n\n\n<p>Licenciamento ambiental<\/p>\n\n\n\n<p>Segundo o coletivo, existem quatro principais amea\u00e7as correndo na C\u00e2mara dos Deputados e no Senado Federal. A primeira delas \u00e9 o Licenciamento Ambiental (PL 3729\/2004 &#8211; aprovado na C\u00e2mara, em aprecia\u00e7\u00e3o no Senado).<\/p>\n\n\n\n<p>O licenciamento ambiental \u00e9 o principal instrumento de controle pr\u00e9vio de polui\u00e7\u00e3o e degrada\u00e7\u00e3o ambiental decorrentes de atividades humanas.&nbsp;Existe um consenso entre ambientalistas e ruralistas sobre a necessidade de uma lei espec\u00edfica para esse tema e tamb\u00e9m de processos simplificados de licenciamento para projetos de baixo impacto e risco.&nbsp;<\/p>\n\n\n\n<p>Por\u00e9m, os \u00faltimos textos que foram apresentados descaracterizam o licenciamento ambiental e o tornam&nbsp;exce\u00e7\u00e3o, n\u00e3o regra. A vers\u00e3o foi votada no plen\u00e1rio e apresentada pelo relator Neri Geller (PP-MT), apresentando&nbsp;como justificativa &#8220;destravar a economia&#8221;.<\/p>\n\n\n\n<p>No entanto, de acordo com o coletivo, ela \u00e9 falaciosa, j\u00e1 que apenas 1% das obras est\u00e1&nbsp;parada&nbsp;por quest\u00f5es ambientais, segundo o Tribunal de Contas da Uni\u00e3o (TCU). Alguns problemas do texto aprovado&nbsp;s\u00e3o: a dispensa de licenciamento para agricultura, pecu\u00e1ria e silvicultura; a abertura para que sejam estabelecidas regras de licenciamento menos r\u00edgidas; as restri\u00e7\u00f5es \u00e0s condicionantes ambientais; as amea\u00e7as \u00e0s Unidades de Conserva\u00e7\u00e3o e \u00e0s&nbsp;terras ind\u00edgenas e quilombolas; e a n\u00e3o preocupa\u00e7\u00e3o com quest\u00f5es ligadas \u00e0s mudan\u00e7as clim\u00e1ticas.<\/p>\n\n\n\n<p>Grilagem de terras e territ\u00f3rios ind\u00edgenas<\/p>\n\n\n\n<p>A segunda grande amea\u00e7a \u00e9 a Grilagem de Terras (PL 2633\/2020 &#8211; C\u00e2mara dos Deputados e PL510\/2021 &#8211; Senado Federal). Para quem n\u00e3o sabe, a grilagem \u00e9 toda a\u00e7\u00e3o que visa a posse e ou propriedade da terra de forma ilegal, por exemplo, desmatando floresta p\u00fablica para ocupa\u00e7\u00e3o com uso agropecu\u00e1rio.<\/p>\n\n\n\n<p>De acordo com o coletivo, os projetos t\u00eam problemas. O que tramita na C\u00e2mara, por exemplo, busca legitimar \u00e1reas de grilagem ampliando o tamanho de \u00e1reas pass\u00edveis de regulariza\u00e7\u00e3o sem nenhuma argumenta\u00e7\u00e3o t\u00e9cnica. J\u00e1 o projeto que tramita no Senado&nbsp;n\u00e3o s\u00f3 amplia o tamanho das \u00e1reas pass\u00edveis de regulariza\u00e7\u00e3o como pretende alterar mais uma vez a data limite para que invas\u00f5es de terras p\u00fablicas sejam legalizadas.<\/p>\n\n\n\n<p>Outra amea\u00e7a est\u00e1 relacionada \u00e0 explora\u00e7\u00e3o e demarca\u00e7\u00e3o de Terras Ind\u00edgenas (PL 191\/2020 e PL 490\/2007 &#8211; C\u00e2mara dos Deputados).<\/p>\n\n\n\n<p>O PL 191\/2020&nbsp;\u00e9 a principal proposta para a explora\u00e7\u00e3o de atividades econ\u00f4micas dentro de Terras Ind\u00edgenas. Foi proposto pelo Poder Executivo no in\u00edcio de 2020. Ele pretende alterar dois artigos da Constitui\u00e7\u00e3o Federal, de forma a estabelecer condi\u00e7\u00f5es para a realiza\u00e7\u00e3o da minera\u00e7\u00e3o industrial e da gera\u00e7\u00e3o hidrel\u00e9trica dentro de \u00e1reas protegidas.<\/p>\n\n\n\n<p>Ele tamb\u00e9m abre a possibilidade da explora\u00e7\u00e3o de petr\u00f3leo e g\u00e1s, do garimpo e do plantio de transg\u00eanicos nos locais. Se aprovado, o projeto, que transforma em regra o que a Constitui\u00e7\u00e3o de 1988 pensou como exce\u00e7\u00e3o, levar\u00e1 ao aumento do desmatamento, das invas\u00f5es de terras ind\u00edgenas e da viol\u00eancia contra esses povos.&nbsp;<\/p>\n\n\n\n<figure class=\"wp-block-image\"><img data-recalc-dims=\"1\" decoding=\"async\" src=\"https:\/\/i0.wp.com\/images02.brasildefato.com.br\/c6c2a434b347ba6b19bbe544d8ac24b6.jpeg?w=600&#038;ssl=1\" alt=\"\"\/><\/figure>\n\n\n\n<p><br>Jair Bolsonaro sem m\u00e1scara em meio aos ind\u00edgenas na \u201cinaugura\u00e7\u00e3o\u201d de&nbsp;ponte em Roraima: ele quer liberar o garimpo em territ\u00f3rios protegidos&nbsp;\/ Marcos Corr\u00eaa\/PR<\/p>\n\n\n\n<p>J\u00e1 o PL 490\/2007, se aprovado, ir\u00e1 inviabilizar demarca\u00e7\u00f5es de terras ind\u00edgenas, amea\u00e7ar os territ\u00f3rios homologados e destituir direitos constitucionais, erigidos \u00e0 cl\u00e1usula p\u00e9trea na Constitui\u00e7\u00e3o da Rep\u00fablica Federativa do Brasil (CRFB), configurando-se como uma das mais graves amea\u00e7as aos povos ind\u00edgenas do Brasil na atualidade.<\/p>\n\n\n\n<p>Por fim, o coletivo fala sobre a amea\u00e7a dos Agrot\u00f3xicos (PL 6299\/2002 &#8211; Aprovado no Senado Federal, tramita na C\u00e2mara dos Deputados).<\/p>\n\n\n\n<p>O PL tamb\u00e9m ficou conhecido como \u201cPacote do Veneno\u201d e tem maior possibilidade de avan\u00e7ar. O texto prev\u00ea altera\u00e7\u00f5es radicais e potencialmente danosas ao meio ambiente e \u00e0 sa\u00fade dos trabalhadores e trabalhadoras e da popula\u00e7\u00e3o em geral.<\/p>\n\n\n\n<p>Edi\u00e7\u00e3o: Vin\u00edcius Segalla<\/p>\n","protected":false},"excerpt":{"rendered":"<p>Coletivo alerta para a aprova\u00e7\u00e3o na C\u00e2mara e Senado de normas extremamente danosas \u00e0 defesa do meio ambiente&nbsp;<\/p>\n","protected":false},"author":1,"featured_media":0,"comment_status":"closed","ping_status":"open","sticky":false,"template":"","format":"standard","meta":{"_exactmetrics_skip_tracking":false,"_exactmetrics_sitenote_active":false,"_exactmetrics_sitenote_note":"","_exactmetrics_sitenote_category":0,"jetpack_post_was_ever_published":false,"_jetpack_newsletter_access":"","_jetpack_dont_email_post_to_subs":false,"_jetpack_newsletter_tier_id":0,"_jetpack_memberships_contains_paywalled_content":false,"_jetpack_memberships_contains_paid_content":false,"footnotes":"","jetpack_publicize_message":"","jetpack_publicize_feature_enabled":true,"jetpack_social_post_already_shared":true,"jetpack_social_options":{"image_generator_settings":{"template":"highway","enabled":false},"version":2}},"categories":[1],"tags":[],"class_list":["post-32073","post","type-post","status-publish","format-standard","hentry","category-notas"],"jetpack_publicize_connections":[],"jetpack_sharing_enabled":true,"jetpack_featured_media_url":"","jetpack_shortlink":"https:\/\/wp.me\/p7wKYW-8lj","jetpack-related-posts":[],"_links":{"self":[{"href":"http:\/\/blogdalucianaoliveira.com.br\/blog\/wp-json\/wp\/v2\/posts\/32073","targetHints":{"allow":["GET"]}}],"collection":[{"href":"http:\/\/blogdalucianaoliveira.com.br\/blog\/wp-json\/wp\/v2\/posts"}],"about":[{"href":"http:\/\/blogdalucianaoliveira.com.br\/blog\/wp-json\/wp\/v2\/types\/post"}],"author":[{"embeddable":true,"href":"http:\/\/blogdalucianaoliveira.com.br\/blog\/wp-json\/wp\/v2\/users\/1"}],"replies":[{"embeddable":true,"href":"http:\/\/blogdalucianaoliveira.com.br\/blog\/wp-json\/wp\/v2\/comments?post=32073"}],"version-history":[{"count":1,"href":"http:\/\/blogdalucianaoliveira.com.br\/blog\/wp-json\/wp\/v2\/posts\/32073\/revisions"}],"predecessor-version":[{"id":32075,"href":"http:\/\/blogdalucianaoliveira.com.br\/blog\/wp-json\/wp\/v2\/posts\/32073\/revisions\/32075"}],"wp:attachment":[{"href":"http:\/\/blogdalucianaoliveira.com.br\/blog\/wp-json\/wp\/v2\/media?parent=32073"}],"wp:term":[{"taxonomy":"category","embeddable":true,"href":"http:\/\/blogdalucianaoliveira.com.br\/blog\/wp-json\/wp\/v2\/categories?post=32073"},{"taxonomy":"post_tag","embeddable":true,"href":"http:\/\/blogdalucianaoliveira.com.br\/blog\/wp-json\/wp\/v2\/tags?post=32073"}],"curies":[{"name":"wp","href":"https:\/\/api.w.org\/{rel}","templated":true}]}}