{"id":32085,"date":"2021-05-30T10:10:11","date_gmt":"2021-05-30T14:10:11","guid":{"rendered":"http:\/\/blogdalucianaoliveira.com.br\/blog\/?p=32085"},"modified":"2021-05-30T10:10:17","modified_gmt":"2021-05-30T14:10:17","slug":"atos-pelo-fora-bolsonaro-chegaram-a-mais-de-200-cidades-e-14-paises","status":"publish","type":"post","link":"http:\/\/blogdalucianaoliveira.com.br\/blog\/2021\/05\/30\/atos-pelo-fora-bolsonaro-chegaram-a-mais-de-200-cidades-e-14-paises\/","title":{"rendered":"Atos pelo &#8220;Fora Bolsonaro&#8221; chegaram a mais de 200 cidades e 14 pa\u00edses"},"content":{"rendered":"\n<figure class=\"wp-block-image size-large\"><img data-recalc-dims=\"1\" loading=\"lazy\" decoding=\"async\" width=\"600\" height=\"385\" data-attachment-id=\"32086\" data-permalink=\"http:\/\/blogdalucianaoliveira.com.br\/blog\/2021\/05\/30\/atos-pelo-fora-bolsonaro-chegaram-a-mais-de-200-cidades-e-14-paises\/a5031475-41ef-4e7f-b446-6123ab3e5822\/\" data-orig-file=\"https:\/\/i0.wp.com\/blogdalucianaoliveira.com.br\/blog\/wp-content\/uploads\/2021\/05\/A5031475-41EF-4E7F-B446-6123AB3E5822.jpeg?fit=800%2C513\" data-orig-size=\"800,513\" data-comments-opened=\"0\" data-image-meta=\"{&quot;aperture&quot;:&quot;0&quot;,&quot;credit&quot;:&quot;&quot;,&quot;camera&quot;:&quot;&quot;,&quot;caption&quot;:&quot;&quot;,&quot;created_timestamp&quot;:&quot;1622326357&quot;,&quot;copyright&quot;:&quot;&quot;,&quot;focal_length&quot;:&quot;0&quot;,&quot;iso&quot;:&quot;0&quot;,&quot;shutter_speed&quot;:&quot;0&quot;,&quot;title&quot;:&quot;&quot;,&quot;orientation&quot;:&quot;1&quot;}\" data-image-title=\"A5031475-41EF-4E7F-B446-6123AB3E5822\" data-image-description=\"\" data-image-caption=\"\" data-medium-file=\"https:\/\/i0.wp.com\/blogdalucianaoliveira.com.br\/blog\/wp-content\/uploads\/2021\/05\/A5031475-41EF-4E7F-B446-6123AB3E5822.jpeg?fit=300%2C192\" data-large-file=\"https:\/\/i0.wp.com\/blogdalucianaoliveira.com.br\/blog\/wp-content\/uploads\/2021\/05\/A5031475-41EF-4E7F-B446-6123AB3E5822.jpeg?fit=600%2C385\" src=\"https:\/\/i0.wp.com\/blogdalucianaoliveira.com.br\/blog\/wp-content\/uploads\/2021\/05\/A5031475-41EF-4E7F-B446-6123AB3E5822.jpeg?resize=600%2C385\" alt=\"\" class=\"wp-image-32086\" srcset=\"https:\/\/i0.wp.com\/blogdalucianaoliveira.com.br\/blog\/wp-content\/uploads\/2021\/05\/A5031475-41EF-4E7F-B446-6123AB3E5822.jpeg?w=800 800w, https:\/\/i0.wp.com\/blogdalucianaoliveira.com.br\/blog\/wp-content\/uploads\/2021\/05\/A5031475-41EF-4E7F-B446-6123AB3E5822.jpeg?resize=300%2C192 300w, https:\/\/i0.wp.com\/blogdalucianaoliveira.com.br\/blog\/wp-content\/uploads\/2021\/05\/A5031475-41EF-4E7F-B446-6123AB3E5822.jpeg?resize=768%2C492 768w, https:\/\/i0.wp.com\/blogdalucianaoliveira.com.br\/blog\/wp-content\/uploads\/2021\/05\/A5031475-41EF-4E7F-B446-6123AB3E5822.jpeg?resize=468%2C300 468w\" sizes=\"auto, (max-width: 600px) 100vw, 600px\" \/><\/figure>\n\n\n\n<h4 class=\"wp-block-heading\">Centenas de milhares foram \u00e1s ruas, de m\u00e1scaras, no maior protesto contra o governo durante a pandemia<\/h4>\n\n\n\n<!--more-->\n\n\n\n<p>Reda\u00e7\u00e3o\u00a0<a rel=\"noreferrer noopener\" target=\"_blank\" href=\"https:\/\/www.redebrasilatual.com.br\/politica\/2021\/05\/29m-fora-bolsonaro-brasil\/\">Rede Brasil Atual*<\/a><\/p>\n\n\n\n<p>As manifesta\u00e7\u00f5es do #29M pelo \u201cFora Bolsonaro\u201d foram gigantescas nas principais cidades do Brasil. \u201cO presidente genocida tamb\u00e9m n\u00e3o acelera a vacina\u00e7\u00e3o porque ele tem medo disso aqui\u201d, disse a atriz Maria Bopp, a Blogueirinha do Fim do Mundo, diante da imagem da Paulista tomada por mais de 80 mil pessoas no ato desse s\u00e1bado (28), que pedia pelo fora Bolsonaro. \u201cSe hoje foi assim, imagina com todo mundo vacinado.\u201d<\/p>\n\n\n\n<p>Neste s\u00e1bado (29) ocorreram manifesta\u00e7\u00f5es pelo impeachment do presidente Jair Bolsonaro em 213 cidade brasileiras dos 26 estados e do Distrito Federal, e 14 no mundo. Balan\u00e7o divulgado no final do dia pelos organizadores estimou em 420 mil o n\u00famero de pessoas que protestaram contra o descaso que j\u00e1 matou 461mil pessoas, contra a falta de vacinas para combater a covid-19, a fome, o desemprego, os ataques aos ind\u00edgenas, aos negros, ao meio ambiente.<\/p>\n\n\n\n<p>\u201cSe o povo vai \u00e0s ruas protestar em plena pandemia, \u00e9 porque o governo e mais perigoso que o pr\u00f3prio v\u00edrus\u201d, explicavam cartazes empunhados nos quatro cantos do Brasil. Quem n\u00e3o pode estar nas ruas, diante do receio da ser contagiado pelo coronav\u00edrus que assola as pessoas h\u00e1 mais de um ano, inundou as redes sociais da insatisfa\u00e7\u00e3o com o governo omisso de Bolsonaro. A&nbsp;<em>#29MForaBolsonaro<\/em>&nbsp;contou com 202 mil participa\u00e7\u00f5es apenas no Twitter, 1.828.048 postagens e 841 mil retu\u00edtes. No fim da tarde e no come\u00e7o da noite, panela\u00e7os foram ouvidos em diversas cidades pa\u00eds afora.<\/p>\n\n\n\n<p>O&nbsp;<a href=\"https:\/\/twitter.com\/Pedro_Barciela\/status\/1398753202867159050\" rel=\"noreferrer noopener\" target=\"_blank\">analista de dados Pedro Barciela<\/a>&nbsp;aponta que a repercuss\u00e3o foi plural e obteve alto engajamento. \u201cEssa diversidade presente hoje no campo antibolsonarista \u00e9 o que permite que cada vez mais ele sensibilize outros usu\u00e1rios, converse com outros atores e interfira no debate p\u00fablico. A ideia aqui n\u00e3o \u00e9 \u2018furar a bolha\u2019, mas sim dialogar com o maior n\u00famero de bolhas poss\u00edvel\u201d, tuitou.<\/p>\n\n\n\n<p>Mobiliza\u00e7\u00e3o unificada<\/p>\n\n\n\n<p>A mobiliza\u00e7\u00e3o do #29M contou com a participa\u00e7\u00e3o de partidos de esquerda, sindicatos, entidades estudantis, quilombolas, ind\u00edgenas,&nbsp;movimentos de trabalhadores do campo e entidades de torcidas. A avalia\u00e7\u00e3o \u00e9 de que foi a maior mobiliza\u00e7\u00e3o nacional unificada desde 2017, durante os atos contra o ex-presidente Michel Temer.&nbsp;<br><br>\u201cOs atos foram exitosos, do ponto de vista da mobiliza\u00e7\u00e3o. \u00c9 claro que tem muito mais gente em torno da reivindica\u00e7\u00e3o da vacina, do aux\u00edlio emergencial de R$600,00. Hoje foi apenas uma amostra do que a sociedade vem reivindicando. Foi um esquenta depois de muito tempo longe das ruas, respeitando as medidas sanit\u00e1rias, um marco do ponto de vista da mobiliza\u00e7\u00e3o no Brasil\u201d, analisou Rud Rafael, da Frente Povo sem Medo e da Coordena\u00e7\u00e3o Nacional do MTST.<br><br>Em Bras\u00edlia (DF), mais de 2 mil manifestantes seguiram em passeata pela Esplanada dos Minist\u00e9rios ainda pela manh\u00e3.&nbsp; Em Belo Horizonte (MG), 18 mil pessoas participaram da mobiliza\u00e7\u00e3o. Em S\u00e3o Paulo (SP), o ato se concentrou na Avenida Paulista, no turno da tarde, e reuniu entre 80 e 100 mil pessoas, de acordo com os c\u00e1lculos feitos pela organiza\u00e7\u00e3o do ato.<br><br>No Rio de Janeiro (RJ), o ato se concentrou na Avenida Presidente Vargas e reuniu uma multid\u00e3o. Houve distribui\u00e7\u00e3o de 2 mil m\u00e1scaras e \u00e1lcool. Em diversos momentos, as lideran\u00e7as relembravam a import\u00e2ncia do distanciamento social.<br><br>\u201cFoi um ato muito importante em defesa da vida de todos e todas brasileiras. Cada um com seu cartaz, feito em casa, protestando por vacina no bra\u00e7o, comida no prato, aux\u00edlio emergencial de 600 reais e fora genocida\u201d, explicou L\u00edgia Giovanella, uma das manifestantes cariocas.<br><br>No Sul do pa\u00eds, em Porto Alegre (RS), os atos se concentraram na parte da tarde e reuniram mais de 30 mil pessoas na capital ga\u00facha. Em Curitiba (PR), os manifestantes se concentraram na pra\u00e7a Santos Andrade e seguiram pelas ruas centrais da cidade. Ao todo, mais cinco mil pessoas participaram da mobiliza\u00e7\u00e3o.<br><br>No Cear\u00e1, houve mobiliza\u00e7\u00e3o em Fortaleza e tamb\u00e9m no interior, na cidade de Juazeiro do Norte. Na capital, os manifestantes se organizaram no per\u00edodo da tarde, na pra\u00e7a da Gentil\u00e2ndia e seguiram at\u00e9 a pra\u00e7a da Igreja de Nossa Senhora de F\u00e1tima. Eles distribu\u00edram kits de preven\u00e7\u00e3o ao coronav\u00edrus, com m\u00e1scaras PFF2 e \u00e1lcool. Em Juazeiro do Norte, o ato foi pela manh\u00e3 e foi dispersado poucas horas ap\u00f3s o in\u00edcio por uma a\u00e7\u00e3o da Guarda Municipal e do Pol\u00edcia Militar do Cear\u00e1.<br><br>\u201cEstamos aqui, com todos os cuidados, porque tem gente demais morrendo, gente demais nos hospitais, tem gente demais passando fome por causa desse desgoverno e n\u00f3s estamos aqui porque \u00e9 muito importante mostrar nossa indigna\u00e7\u00e3o\u201d, disse a professora Magali Almeida, de Fortaleza.<br><br>Em Porto Velho (RO), uma carreata cortou a cidade entre a Zona Sul e Zona Norte. J\u00e1 em Bel\u00e9m, no Par\u00e1 , cerca de 3 mil pessoas ocuparam as ruas da cidade. A concentra\u00e7\u00e3o foi na pra\u00e7a da Rep\u00fablica e depois o ato seguiu at\u00e9 o Largo de S\u00e3o Br\u00e1s.&nbsp;<\/p>\n\n\n\n<p>Fechou com chave de ouro<\/p>\n\n\n\n<p>O ato em S\u00e3o Paulo foi o maior do pa\u00eds, com mais de 80 mil pessoas nas ruas. Da concentra\u00e7\u00e3o em frente ao Museu de Arte de S\u00e3o Paulo (Masp), por volta das 16h, os manifestantes marcharam pela Rua da Consola\u00e7\u00e3o e seguiram sentido \u00e0 Pra\u00e7a Roosevelt, \u00e0s 18h. Gritos, cartazes, bandeiras, adesivos pediam o impeachment de Jair Bolsonaro, a compra de mais vacinas e a amplia\u00e7\u00e3o do aux\u00edlio emergencial. Capitais como Bras\u00edlia, Rio de Janeiro, Porto Alegre, Curitiba e Belo Horizonte tamb\u00e9m acabaram se surpreendendo com manifesta\u00e7\u00f5es pr\u00f3ximas de superar 10 mil participantes.<\/p>\n\n\n\n<figure class=\"wp-block-image\"><img data-recalc-dims=\"1\" decoding=\"async\" src=\"https:\/\/i0.wp.com\/images03.brasildefato.com.br\/9978ee335dcfe4ab470d2a71cf6504e8.jpeg?w=600&#038;ssl=1\" alt=\"\"\/><\/figure>\n\n\n\n<p><br>A maior manifesta\u00e7\u00e3o contra Bolsonaro desde o in\u00edcio da pandemia ocupou v\u00e1rios quarteir\u00f5es da avenida Paulista \/ M\u00eddia Ninja<\/p>\n\n\n\n<p>Antes do ato, o v\u00e3o-livre do Masp estava fechado pela Pol\u00edcia Militar de S\u00e3o Paulo, mas foi aberto pelos manifestantes, ap\u00f3s uma forte chuva cair na Avenida Paulista. Totalmente pac\u00edfico, o protesto foi acompanhado pela Pol\u00edcia Militar e pela Guarda Civil Metropolitana (GCM).<\/p>\n\n\n\n<p>A manifesta\u00e7\u00e3o foi organizada pela Frente Povo Sem Medo e a Frente Brasil Popular, em conjunto das organiza\u00e7\u00f5es estudantis, centrais sindicais e outros coletivos independentes. Ao longo do ato, representantes de partidos e movimentos sociais \u2013 como a presidenta do PT, Gleisi Hoffmann, o l\u00edder do Movimento dos Trabalhadores Sem-Terra (MTST), Guilherme Boulos \u2013 discursaram contra o governo Bolsonaro.<\/p>\n\n\n\n<p>\u201cChegou a hora de dar um basta e tirarmos o Bolsonaro do governo. N\u00e3o vamos mais esperar at\u00e9 2022, enquanto o nosso povo morre. Chegou a hora de semear um projeto de esperan\u00e7a e hoje \u00e9 s\u00f3 o come\u00e7o. Viemos \u00e0s ruas com responsabilidade e sem medo de lutar\u201d,&nbsp;<a href=\"https:\/\/www.redebrasilatual.com.br\/politica\/2021\/05\/nao-vamos-esperar-2022-boulos-paulista\/\" rel=\"noreferrer noopener\" target=\"_blank\">afirmou Boulos<\/a>.<\/p>\n\n\n\n<p>Responsabilidade<\/p>\n\n\n\n<p>Diferente das manifesta\u00e7\u00f5es pr\u00f3-Bolsonaro, em que o uso de m\u00e1scara n\u00e3o \u00e9 respeitado, nos atos do&nbsp;<em>#29MForaBolsonaro<\/em>, Brasil afora, elas estavam em todos os rostos. Em algumas cidades, como em S\u00e3o Paulo, a UNE e o MTST organizaram tendas de&nbsp;<a href=\"https:\/\/www.redebrasilatual.com.br\/politica\/2021\/05\/29m-sao-paulo-paulista-manifestantes\/\" rel=\"noreferrer noopener\" target=\"_blank\">distribui\u00e7\u00e3o de m\u00e1scaras<\/a>&nbsp;PFF2, \u00e1lcool em gel. Tamb\u00e9m ofereciam instru\u00e7\u00f5es para evitar contamina\u00e7\u00f5es no protesto. Os organizadores instru\u00edam as pessoas a trocar m\u00e1scaras de pano por modelos mais seguros, como a PFF2.<\/p>\n\n\n\n<p>\u201cNo Brasil que tem um presidente que nega a vacina, e \u00e9 um genocida, o povo tem de ir \u00e0s ruas, porque ficar em casa tamb\u00e9m est\u00e1 matando\u201d, disse a militante e defensora de direitos humanos Preta Ferreira, ao&nbsp;<em>M\u00eddia Ninja<\/em>.<\/p>\n\n\n\n<p><em>*Com a reda\u00e7\u00e3o de Brasil de Fato<\/em><\/p>\n","protected":false},"excerpt":{"rendered":"<p>Centenas de milhares foram \u00e1s ruas, de m\u00e1scaras, no maior protesto contra o governo durante a pandemia<\/p>\n","protected":false},"author":1,"featured_media":0,"comment_status":"closed","ping_status":"open","sticky":false,"template":"","format":"standard","meta":{"_exactmetrics_skip_tracking":false,"_exactmetrics_sitenote_active":false,"_exactmetrics_sitenote_note":"","_exactmetrics_sitenote_category":0,"jetpack_post_was_ever_published":false,"_jetpack_newsletter_access":"","_jetpack_dont_email_post_to_subs":false,"_jetpack_newsletter_tier_id":0,"_jetpack_memberships_contains_paywalled_content":false,"_jetpack_memberships_contains_paid_content":false,"footnotes":"","jetpack_publicize_message":"","jetpack_publicize_feature_enabled":true,"jetpack_social_post_already_shared":true,"jetpack_social_options":{"image_generator_settings":{"template":"highway","enabled":false},"version":2}},"categories":[1],"tags":[],"class_list":["post-32085","post","type-post","status-publish","format-standard","hentry","category-notas"],"jetpack_publicize_connections":[],"jetpack_sharing_enabled":true,"jetpack_featured_media_url":"","jetpack_shortlink":"https:\/\/wp.me\/p7wKYW-8lv","jetpack-related-posts":[],"_links":{"self":[{"href":"http:\/\/blogdalucianaoliveira.com.br\/blog\/wp-json\/wp\/v2\/posts\/32085","targetHints":{"allow":["GET"]}}],"collection":[{"href":"http:\/\/blogdalucianaoliveira.com.br\/blog\/wp-json\/wp\/v2\/posts"}],"about":[{"href":"http:\/\/blogdalucianaoliveira.com.br\/blog\/wp-json\/wp\/v2\/types\/post"}],"author":[{"embeddable":true,"href":"http:\/\/blogdalucianaoliveira.com.br\/blog\/wp-json\/wp\/v2\/users\/1"}],"replies":[{"embeddable":true,"href":"http:\/\/blogdalucianaoliveira.com.br\/blog\/wp-json\/wp\/v2\/comments?post=32085"}],"version-history":[{"count":1,"href":"http:\/\/blogdalucianaoliveira.com.br\/blog\/wp-json\/wp\/v2\/posts\/32085\/revisions"}],"predecessor-version":[{"id":32087,"href":"http:\/\/blogdalucianaoliveira.com.br\/blog\/wp-json\/wp\/v2\/posts\/32085\/revisions\/32087"}],"wp:attachment":[{"href":"http:\/\/blogdalucianaoliveira.com.br\/blog\/wp-json\/wp\/v2\/media?parent=32085"}],"wp:term":[{"taxonomy":"category","embeddable":true,"href":"http:\/\/blogdalucianaoliveira.com.br\/blog\/wp-json\/wp\/v2\/categories?post=32085"},{"taxonomy":"post_tag","embeddable":true,"href":"http:\/\/blogdalucianaoliveira.com.br\/blog\/wp-json\/wp\/v2\/tags?post=32085"}],"curies":[{"name":"wp","href":"https:\/\/api.w.org\/{rel}","templated":true}]}}