{"id":32091,"date":"2021-05-31T12:27:27","date_gmt":"2021-05-31T16:27:27","guid":{"rendered":"http:\/\/blogdalucianaoliveira.com.br\/blog\/?p=32091"},"modified":"2021-05-31T12:28:53","modified_gmt":"2021-05-31T16:28:53","slug":"ro-em-plena-pandemia-deputados-aprovam-criacao-de-mais-de-60-cargos","status":"publish","type":"post","link":"http:\/\/blogdalucianaoliveira.com.br\/blog\/2021\/05\/31\/ro-em-plena-pandemia-deputados-aprovam-criacao-de-mais-de-60-cargos\/","title":{"rendered":"RO: Em plena pandemia deputados aprovam cria\u00e7\u00e3o de mais de 60 cargos"},"content":{"rendered":"\n<figure class=\"wp-block-image size-large\"><img data-recalc-dims=\"1\" loading=\"lazy\" decoding=\"async\" width=\"600\" height=\"335\" data-attachment-id=\"32095\" data-permalink=\"http:\/\/blogdalucianaoliveira.com.br\/blog\/2021\/05\/31\/ro-em-plena-pandemia-deputados-aprovam-criacao-de-mais-de-60-cargos\/camba\/\" data-orig-file=\"https:\/\/i0.wp.com\/blogdalucianaoliveira.com.br\/blog\/wp-content\/uploads\/2021\/05\/camba.jpg?fit=800%2C446\" data-orig-size=\"800,446\" data-comments-opened=\"0\" data-image-meta=\"{&quot;aperture&quot;:&quot;0&quot;,&quot;credit&quot;:&quot;&quot;,&quot;camera&quot;:&quot;&quot;,&quot;caption&quot;:&quot;&quot;,&quot;created_timestamp&quot;:&quot;0&quot;,&quot;copyright&quot;:&quot;&quot;,&quot;focal_length&quot;:&quot;0&quot;,&quot;iso&quot;:&quot;0&quot;,&quot;shutter_speed&quot;:&quot;0&quot;,&quot;title&quot;:&quot;&quot;,&quot;orientation&quot;:&quot;0&quot;}\" data-image-title=\"camba\" data-image-description=\"\" data-image-caption=\"\" data-medium-file=\"https:\/\/i0.wp.com\/blogdalucianaoliveira.com.br\/blog\/wp-content\/uploads\/2021\/05\/camba.jpg?fit=300%2C167\" data-large-file=\"https:\/\/i0.wp.com\/blogdalucianaoliveira.com.br\/blog\/wp-content\/uploads\/2021\/05\/camba.jpg?fit=600%2C335\" src=\"https:\/\/i0.wp.com\/blogdalucianaoliveira.com.br\/blog\/wp-content\/uploads\/2021\/05\/camba.jpg?resize=600%2C335&#038;ssl=1\" alt=\"\" class=\"wp-image-32095\" srcset=\"https:\/\/i0.wp.com\/blogdalucianaoliveira.com.br\/blog\/wp-content\/uploads\/2021\/05\/camba.jpg?w=800 800w, https:\/\/i0.wp.com\/blogdalucianaoliveira.com.br\/blog\/wp-content\/uploads\/2021\/05\/camba.jpg?resize=300%2C167 300w, https:\/\/i0.wp.com\/blogdalucianaoliveira.com.br\/blog\/wp-content\/uploads\/2021\/05\/camba.jpg?resize=768%2C428 768w, https:\/\/i0.wp.com\/blogdalucianaoliveira.com.br\/blog\/wp-content\/uploads\/2021\/05\/camba.jpg?resize=538%2C300 538w\" sizes=\"auto, (max-width: 600px) 100vw, 600px\" \/><\/figure>\n\n\n\n<p><\/p>\n\n\n\n<p>Est\u00e1 na justificativa do PL\n103 que se trata de \u201cuma modesta reforma administrativa\u201d na Assembleia\nLegislativa de Rond\u00f4nia.<\/p>\n\n\n\n<p>Aprovado no \u00faltimo dia 25, o projeto altera a estrutura organizacional da Casa de Leis e aumenta as despesas com pessoal com a cria\u00e7\u00e3o de mais de sessenta cargos . <\/p>\n\n\n\n<!--more-->\n\n\n\n<figure class=\"wp-block-image size-large\"><img data-recalc-dims=\"1\" loading=\"lazy\" decoding=\"async\" width=\"471\" height=\"640\" data-attachment-id=\"32094\" data-permalink=\"http:\/\/blogdalucianaoliveira.com.br\/blog\/2021\/05\/31\/ro-em-plena-pandemia-deputados-aprovam-criacao-de-mais-de-60-cargos\/pl1\/\" data-orig-file=\"https:\/\/i0.wp.com\/blogdalucianaoliveira.com.br\/blog\/wp-content\/uploads\/2021\/05\/pl1.jpg?fit=471%2C640\" data-orig-size=\"471,640\" data-comments-opened=\"0\" data-image-meta=\"{&quot;aperture&quot;:&quot;0&quot;,&quot;credit&quot;:&quot;&quot;,&quot;camera&quot;:&quot;&quot;,&quot;caption&quot;:&quot;&quot;,&quot;created_timestamp&quot;:&quot;0&quot;,&quot;copyright&quot;:&quot;&quot;,&quot;focal_length&quot;:&quot;0&quot;,&quot;iso&quot;:&quot;0&quot;,&quot;shutter_speed&quot;:&quot;0&quot;,&quot;title&quot;:&quot;&quot;,&quot;orientation&quot;:&quot;0&quot;}\" data-image-title=\"pl1\" data-image-description=\"\" data-image-caption=\"\" data-medium-file=\"https:\/\/i0.wp.com\/blogdalucianaoliveira.com.br\/blog\/wp-content\/uploads\/2021\/05\/pl1.jpg?fit=221%2C300\" data-large-file=\"https:\/\/i0.wp.com\/blogdalucianaoliveira.com.br\/blog\/wp-content\/uploads\/2021\/05\/pl1.jpg?fit=471%2C640\" src=\"https:\/\/i0.wp.com\/blogdalucianaoliveira.com.br\/blog\/wp-content\/uploads\/2021\/05\/pl1.jpg?resize=471%2C640&#038;ssl=1\" alt=\"\" class=\"wp-image-32094\" srcset=\"https:\/\/i0.wp.com\/blogdalucianaoliveira.com.br\/blog\/wp-content\/uploads\/2021\/05\/pl1.jpg?w=471 471w, https:\/\/i0.wp.com\/blogdalucianaoliveira.com.br\/blog\/wp-content\/uploads\/2021\/05\/pl1.jpg?resize=221%2C300 221w\" sizes=\"auto, (max-width: 471px) 100vw, 471px\" \/><\/figure>\n\n\n\n<p>De iniciativa da Mesa Diretora,\nos deputados encontraram uma \u2018brecha\u2019 para driblar o \u2018Regime Fiscal\nExtraordin\u00e1rio\u2019 imposto com Emenda Constitucional 106 e Lei Complementar 173\n2020 e Decreto Legislativo 6 2020, que em raz\u00e3o da pandemia veda, entre outras\ncoisas que impliquem aumento de despesas, a cria\u00e7\u00e3o de cargos at\u00e9 dezembro de\n2021. <\/p>\n\n\n\n<p>Eles fizeram um interpreta\u00e7\u00e3o da veda\u00e7\u00e3o de cria\u00e7\u00e3o da despesa por <em>g\u00eanero<\/em> e <em>esp\u00e9cie<\/em> e alegaram que se trata de reposi\u00e7\u00e3o de cargos\u00a0 em comiss\u00e3o de chefia, dire\u00e7\u00e3o e assessoramento por vac\u00e2ncia de cargos efetivos ou vital\u00edcios. <\/p>\n\n\n\n<figure class=\"wp-block-image size-large\"><img data-recalc-dims=\"1\" loading=\"lazy\" decoding=\"async\" width=\"437\" height=\"640\" data-attachment-id=\"32092\" data-permalink=\"http:\/\/blogdalucianaoliveira.com.br\/blog\/2021\/05\/31\/ro-em-plena-pandemia-deputados-aprovam-criacao-de-mais-de-60-cargos\/pl2\/\" data-orig-file=\"https:\/\/i0.wp.com\/blogdalucianaoliveira.com.br\/blog\/wp-content\/uploads\/2021\/05\/pl2.jpg?fit=437%2C640\" data-orig-size=\"437,640\" data-comments-opened=\"0\" data-image-meta=\"{&quot;aperture&quot;:&quot;0&quot;,&quot;credit&quot;:&quot;&quot;,&quot;camera&quot;:&quot;&quot;,&quot;caption&quot;:&quot;&quot;,&quot;created_timestamp&quot;:&quot;0&quot;,&quot;copyright&quot;:&quot;&quot;,&quot;focal_length&quot;:&quot;0&quot;,&quot;iso&quot;:&quot;0&quot;,&quot;shutter_speed&quot;:&quot;0&quot;,&quot;title&quot;:&quot;&quot;,&quot;orientation&quot;:&quot;0&quot;}\" data-image-title=\"pl2\" data-image-description=\"\" data-image-caption=\"\" data-medium-file=\"https:\/\/i0.wp.com\/blogdalucianaoliveira.com.br\/blog\/wp-content\/uploads\/2021\/05\/pl2.jpg?fit=205%2C300\" data-large-file=\"https:\/\/i0.wp.com\/blogdalucianaoliveira.com.br\/blog\/wp-content\/uploads\/2021\/05\/pl2.jpg?fit=437%2C640\" src=\"https:\/\/i0.wp.com\/blogdalucianaoliveira.com.br\/blog\/wp-content\/uploads\/2021\/05\/pl2.jpg?resize=437%2C640&#038;ssl=1\" alt=\"\" class=\"wp-image-32092\" srcset=\"https:\/\/i0.wp.com\/blogdalucianaoliveira.com.br\/blog\/wp-content\/uploads\/2021\/05\/pl2.jpg?w=437 437w, https:\/\/i0.wp.com\/blogdalucianaoliveira.com.br\/blog\/wp-content\/uploads\/2021\/05\/pl2.jpg?resize=205%2C300 205w\" sizes=\"auto, (max-width: 437px) 100vw, 437px\" \/><figcaption><br><\/figcaption><\/figure>\n\n\n\n<p>Leia aqui o PL: <\/p>\n\n\n\n<p><a href=\"https:\/\/cdn.fbsbx.com\/v\/t59.2708-21\/193977622_483785806161374_4139846253779023230_n.pdf\/plc_103-21.pdf?_nc_cat=102&amp;ccb=1-3&amp;_nc_sid=0cab14&amp;_nc_ohc=HPavqYbsH2oAX99ykcN&amp;_nc_ht=cdn.fbsbx.com&amp;oh=fdead5c14d621a7ac6fc2641033cea38&amp;oe=60B649C9&amp;dl=1\">https:\/\/cdn.fbsbx.com\/v\/t59.2708-21\/193977622_483785806161374_4139846253779023230_n.pdf\/plc_103-21.pdf?_nc_cat=102&amp;ccb=1-3&amp;_nc_sid=0cab14&amp;_nc_ohc=HPavqYbsH2oAX99ykcN&amp;_nc_ht=cdn.fbsbx.com&amp;oh=fdead5c14d621a7ac6fc2641033cea38&amp;oe=60B649C9&amp;dl=1<\/a><\/p>\n\n\n\n<p>O projeto aprovado \u00e0 unanimidade depende da san\u00e7\u00e3o do governador bolsonarista Marcos Rocha que deve aos deputados a aprova\u00e7\u00e3o recente do PL 80, na contram\u00e3o de parecer da Procuradoria Geral do Estado, que praticamente extinguiu a Resex Jaci-Paran\u00e1 e reduziu gravemente o Parque Estadual de Guajar\u00e1-Mirim. <\/p>\n\n\n\n<figure class=\"wp-block-image size-large\"><img data-recalc-dims=\"1\" loading=\"lazy\" decoding=\"async\" width=\"600\" height=\"884\" data-attachment-id=\"32096\" data-permalink=\"http:\/\/blogdalucianaoliveira.com.br\/blog\/2021\/05\/31\/ro-em-plena-pandemia-deputados-aprovam-criacao-de-mais-de-60-cargos\/uc\/\" data-orig-file=\"https:\/\/i0.wp.com\/blogdalucianaoliveira.com.br\/blog\/wp-content\/uploads\/2021\/05\/uc.jpg?fit=695%2C1024\" data-orig-size=\"695,1024\" data-comments-opened=\"0\" data-image-meta=\"{&quot;aperture&quot;:&quot;0&quot;,&quot;credit&quot;:&quot;&quot;,&quot;camera&quot;:&quot;&quot;,&quot;caption&quot;:&quot;&quot;,&quot;created_timestamp&quot;:&quot;0&quot;,&quot;copyright&quot;:&quot;&quot;,&quot;focal_length&quot;:&quot;0&quot;,&quot;iso&quot;:&quot;0&quot;,&quot;shutter_speed&quot;:&quot;0&quot;,&quot;title&quot;:&quot;&quot;,&quot;orientation&quot;:&quot;0&quot;}\" data-image-title=\"uc\" data-image-description=\"\" data-image-caption=\"\" data-medium-file=\"https:\/\/i0.wp.com\/blogdalucianaoliveira.com.br\/blog\/wp-content\/uploads\/2021\/05\/uc.jpg?fit=204%2C300\" data-large-file=\"https:\/\/i0.wp.com\/blogdalucianaoliveira.com.br\/blog\/wp-content\/uploads\/2021\/05\/uc.jpg?fit=600%2C884\" src=\"https:\/\/i0.wp.com\/blogdalucianaoliveira.com.br\/blog\/wp-content\/uploads\/2021\/05\/uc.jpg?resize=600%2C884&#038;ssl=1\" alt=\"\" class=\"wp-image-32096\" srcset=\"https:\/\/i0.wp.com\/blogdalucianaoliveira.com.br\/blog\/wp-content\/uploads\/2021\/05\/uc.jpg?w=695 695w, https:\/\/i0.wp.com\/blogdalucianaoliveira.com.br\/blog\/wp-content\/uploads\/2021\/05\/uc.jpg?resize=204%2C300 204w\" sizes=\"auto, (max-width: 600px) 100vw, 600px\" \/><\/figure>\n\n\n\n<p>Leia mais aqui: <a href=\"https:\/\/blogdalucianaoliveira.com.br\/blog\/2021\/05\/20\/pge-opina-por-veto-do-governador-a-projeto-que-para-ambientalistas-legaliza-a-grilagem\/\">https:\/\/blogdalucianaoliveira.com.br\/blog\/2021\/05\/20\/pge-opina-por-veto-do-governador-a-projeto-que-para-ambientalistas-legaliza-a-grilagem\/<\/a><\/p>\n\n\n\n<p>Toda pauta de iniciativa do governo e de interesse do agroneg\u00f3cio em detrimento de popula\u00e7\u00f5es origin\u00e1rias e do meio ambiente vem andando a passos largos na Assembleia Legislativa.<\/p>\n\n\n\n<p>O PL 85 que atualiza o Zoneamento Socioecon\u00f4mico-Ecol\u00f3gico do Estado de Rond\u00f4nia &#8211; ZSEE, j\u00e1 est\u00e1 na Comiss\u00e3o de Meio Ambiente para aprecia\u00e7\u00e3o e parecer.<\/p>\n\n\n\n<p>Para um fiscal do meio ambiente que pediu para n\u00e3o ser identificado, &#8220;a san\u00e7\u00e3o a esse aumento de cargos ser\u00e1  um pr\u00eamio aos deputados que apoiam maci\u00e7amente as mat\u00e9rias do executivo que geram desordem ambiental, econ\u00f4mica e clim\u00e1tica. Esses deputados e esse governo, ao contr\u00e1rio do que dizem, atuam contra o progresso sustent\u00e1vel de Rond\u00f4nia&#8221;.  <\/p>\n","protected":false},"excerpt":{"rendered":"<p>Est\u00e1 na justificativa do PL 103 que se trata de \u201cuma modesta reforma administrativa\u201d na Assembleia Legislativa de Rond\u00f4nia. Aprovado no \u00faltimo dia 25, o projeto altera a estrutura organizacional da Casa de Leis e aumenta as despesas com pessoal com a cria\u00e7\u00e3o de mais de sessenta cargos .<\/p>\n","protected":false},"author":1,"featured_media":0,"comment_status":"closed","ping_status":"open","sticky":false,"template":"","format":"standard","meta":{"_exactmetrics_skip_tracking":false,"_exactmetrics_sitenote_active":false,"_exactmetrics_sitenote_note":"","_exactmetrics_sitenote_category":0,"jetpack_post_was_ever_published":false,"_jetpack_newsletter_access":"","_jetpack_dont_email_post_to_subs":false,"_jetpack_newsletter_tier_id":0,"_jetpack_memberships_contains_paywalled_content":false,"_jetpack_memberships_contains_paid_content":false,"footnotes":"","jetpack_publicize_message":"","jetpack_publicize_feature_enabled":true,"jetpack_social_post_already_shared":true,"jetpack_social_options":{"image_generator_settings":{"template":"highway","enabled":false},"version":2}},"categories":[1],"tags":[251,555,556,366,498],"class_list":["post-32091","post","type-post","status-publish","format-standard","hentry","category-notas","tag-agronegocio","tag-assembleia-legislativa-de-rondonia","tag-aumento-de-cargos","tag-pandemia","tag-unidades-de-conservacao"],"jetpack_publicize_connections":[],"jetpack_sharing_enabled":true,"jetpack_featured_media_url":"","jetpack_shortlink":"https:\/\/wp.me\/p7wKYW-8lB","jetpack-related-posts":[],"_links":{"self":[{"href":"http:\/\/blogdalucianaoliveira.com.br\/blog\/wp-json\/wp\/v2\/posts\/32091","targetHints":{"allow":["GET"]}}],"collection":[{"href":"http:\/\/blogdalucianaoliveira.com.br\/blog\/wp-json\/wp\/v2\/posts"}],"about":[{"href":"http:\/\/blogdalucianaoliveira.com.br\/blog\/wp-json\/wp\/v2\/types\/post"}],"author":[{"embeddable":true,"href":"http:\/\/blogdalucianaoliveira.com.br\/blog\/wp-json\/wp\/v2\/users\/1"}],"replies":[{"embeddable":true,"href":"http:\/\/blogdalucianaoliveira.com.br\/blog\/wp-json\/wp\/v2\/comments?post=32091"}],"version-history":[{"count":3,"href":"http:\/\/blogdalucianaoliveira.com.br\/blog\/wp-json\/wp\/v2\/posts\/32091\/revisions"}],"predecessor-version":[{"id":32098,"href":"http:\/\/blogdalucianaoliveira.com.br\/blog\/wp-json\/wp\/v2\/posts\/32091\/revisions\/32098"}],"wp:attachment":[{"href":"http:\/\/blogdalucianaoliveira.com.br\/blog\/wp-json\/wp\/v2\/media?parent=32091"}],"wp:term":[{"taxonomy":"category","embeddable":true,"href":"http:\/\/blogdalucianaoliveira.com.br\/blog\/wp-json\/wp\/v2\/categories?post=32091"},{"taxonomy":"post_tag","embeddable":true,"href":"http:\/\/blogdalucianaoliveira.com.br\/blog\/wp-json\/wp\/v2\/tags?post=32091"}],"curies":[{"name":"wp","href":"https:\/\/api.w.org\/{rel}","templated":true}]}}