{"id":32099,"date":"2021-05-31T19:56:42","date_gmt":"2021-05-31T23:56:42","guid":{"rendered":"http:\/\/blogdalucianaoliveira.com.br\/blog\/?p=32099"},"modified":"2021-05-31T19:56:46","modified_gmt":"2021-05-31T23:56:46","slug":"inesc-ricardo-salles-editou-mais-de-300-atos-que-poem-meio-ambiente-em-risco","status":"publish","type":"post","link":"http:\/\/blogdalucianaoliveira.com.br\/blog\/2021\/05\/31\/inesc-ricardo-salles-editou-mais-de-300-atos-que-poem-meio-ambiente-em-risco\/","title":{"rendered":"Inesc: Ricardo Salles editou mais de 300 atos que p\u00f5em meio ambiente em risco"},"content":{"rendered":"\n<figure class=\"wp-block-image size-large\"><img data-recalc-dims=\"1\" loading=\"lazy\" decoding=\"async\" width=\"600\" height=\"380\" data-attachment-id=\"32100\" data-permalink=\"http:\/\/blogdalucianaoliveira.com.br\/blog\/2021\/05\/31\/inesc-ricardo-salles-editou-mais-de-300-atos-que-poem-meio-ambiente-em-risco\/40946ae7-6fe6-4d19-a34b-b018ecc30d5a\/\" data-orig-file=\"https:\/\/i0.wp.com\/blogdalucianaoliveira.com.br\/blog\/wp-content\/uploads\/2021\/05\/40946AE7-6FE6-4D19-A34B-B018ECC30D5A.jpeg?fit=800%2C507\" data-orig-size=\"800,507\" data-comments-opened=\"0\" data-image-meta=\"{&quot;aperture&quot;:&quot;4&quot;,&quot;credit&quot;:&quot;&quot;,&quot;camera&quot;:&quot;Canon EOS-1D X Mark II&quot;,&quot;caption&quot;:&quot;Bras\\u00edlia- DF. 06-11-2019- Ministro do Meio Ambiente, Senhor Ricardo Salles, durante esclarecimentos das causas e provid\\u00eancias do governo, para conter o vazamento de petr\\u00f3leo nas praias do nordeste brasileiro.  Foto Lula Marques&quot;,&quot;created_timestamp&quot;:&quot;1573044292&quot;,&quot;copyright&quot;:&quot;&quot;,&quot;focal_length&quot;:&quot;200&quot;,&quot;iso&quot;:&quot;2500&quot;,&quot;shutter_speed&quot;:&quot;0.004&quot;,&quot;title&quot;:&quot;&quot;,&quot;orientation&quot;:&quot;1&quot;}\" data-image-title=\"40946AE7-6FE6-4D19-A34B-B018ECC30D5A\" data-image-description=\"\" data-image-caption=\"&lt;p&gt;Bras\u00edlia- DF. 06-11-2019- Ministro do Meio Ambiente, Senhor Ricardo Salles, durante esclarecimentos das causas e provid\u00eancias do governo, para conter o vazamento de petr\u00f3leo nas praias do nordeste brasileiro.  Foto Lula Marques&lt;\/p&gt;\n\" data-medium-file=\"https:\/\/i0.wp.com\/blogdalucianaoliveira.com.br\/blog\/wp-content\/uploads\/2021\/05\/40946AE7-6FE6-4D19-A34B-B018ECC30D5A.jpeg?fit=300%2C190\" data-large-file=\"https:\/\/i0.wp.com\/blogdalucianaoliveira.com.br\/blog\/wp-content\/uploads\/2021\/05\/40946AE7-6FE6-4D19-A34B-B018ECC30D5A.jpeg?fit=600%2C380\" src=\"https:\/\/i0.wp.com\/blogdalucianaoliveira.com.br\/blog\/wp-content\/uploads\/2021\/05\/40946AE7-6FE6-4D19-A34B-B018ECC30D5A.jpeg?resize=600%2C380\" alt=\"\" class=\"wp-image-32100\" srcset=\"https:\/\/i0.wp.com\/blogdalucianaoliveira.com.br\/blog\/wp-content\/uploads\/2021\/05\/40946AE7-6FE6-4D19-A34B-B018ECC30D5A.jpeg?w=800 800w, https:\/\/i0.wp.com\/blogdalucianaoliveira.com.br\/blog\/wp-content\/uploads\/2021\/05\/40946AE7-6FE6-4D19-A34B-B018ECC30D5A.jpeg?resize=300%2C190 300w, https:\/\/i0.wp.com\/blogdalucianaoliveira.com.br\/blog\/wp-content\/uploads\/2021\/05\/40946AE7-6FE6-4D19-A34B-B018ECC30D5A.jpeg?resize=768%2C487 768w, https:\/\/i0.wp.com\/blogdalucianaoliveira.com.br\/blog\/wp-content\/uploads\/2021\/05\/40946AE7-6FE6-4D19-A34B-B018ECC30D5A.jpeg?resize=473%2C300 473w\" sizes=\"auto, (max-width: 600px) 100vw, 600px\" \/><\/figure>\n\n\n\n<h4 class=\"wp-block-heading\">Levantamento feito por especialistas do instituto traz raio-x dos dois anos de gest\u00e3o e aponta normas de \u201calto risco&#8221;&nbsp;<\/h4>\n\n\n\n<!--more-->\n\n\n\n<p>Cristiane Sampaio &#8211; Brasil de Fato | Bras\u00edlia (DF)\u00a0<\/p>\n\n\n\n<p>Ao longo da gest\u00e3o&nbsp;<a href=\"https:\/\/www.brasildefato.com.br\/2021\/04\/21\/ricardo-salles-13-fatos-que-fazem-do-ministro-ameaca-ao-meio-ambiente-do-planeta\" target=\"_blank\" rel=\"noreferrer noopener\">de Ricardo Salles<\/a>, o Minist\u00e9rio do Meio Ambiente (MMA) editou pelo menos 317 atos oficiais que colocam a pol\u00edtica ambiental brasileira em risco. O dado resulta de um levantamento feito pelo Instituto de Estudos Socioecon\u00f4micos (Inesc), que localizou e avaliou medidas adotadas pela pasta desde quando o mandat\u00e1rio assumiu o cargo, em janeiro de 2019, data em que Salles foi empossado pelo presidente Jair Bolsonaro (sem partido).&nbsp;<\/p>\n\n\n\n<p>O registro feito pelos pesquisadores sistematiza portarias, instru\u00e7\u00f5es normativas, resolu\u00e7\u00f5es, delibera\u00e7\u00f5es e despachos publicados&nbsp;<a href=\"https:\/\/www.brasildefato.com.br\/2020\/12\/28\/2020-que-ano-foi-esse-o-meio-ambiente-entre-o-fogo-e-a-boiada\" target=\"_blank\" rel=\"noreferrer noopener\">at\u00e9 dezembro de 2020<\/a>, quando o ministro completou dois anos de gest\u00e3o.<\/p>\n\n\n\n<p>Todos esses dispositivos s\u00e3o considerados atos normativos infralegais e foram categorizados conforme uma escala de cinco graus de risco, variando entre \u201cmuito baixo\u201d, \u201cbaixo\u201d, \u201cm\u00e9dio\u201d, \u201calto\u201d e \u201cmuito alto\u201d. Os pesquisadores tamb\u00e9m consideraram a categoria \u201cn\u00e3o se aplica\u201d, usada para medidas que n\u00e3o imp\u00f5em danos ao meio ambiente. Ao todo, 207 ficaram neste \u00faltimo grupo, enquanto as que trazem riscos somam 317.<\/p>\n\n\n\n<p>\u201c<a href=\"https:\/\/www.brasildefato.com.br\/2021\/05\/19\/ricardo-salles-e-presidente-do-ibama-sao-alvos-de-operacao-da-pf\" target=\"_blank\" rel=\"noreferrer noopener\">\u00c9 um processo de desmonte muito grave<\/a>, e isso consolida a vis\u00e3o de que o Salles est\u00e1 l\u00e1 para isso. O MMA, do ponto de vista do or\u00e7amento, nunca foi muito relevante, mas ele passa a ter um papel muito relevante neste governo, que \u00e9 justamente o de desmontar o que existia de pol\u00edtica ambiental\u201d, analisa a assessora pol\u00edtica do Inesc Alessandra Cardoso, coordenadora do estudo.<\/p>\n\n\n\n<p>O levantamento analisou as 524 medidas normativas publicadas pelo minist\u00e9rio e alguns de seus bra\u00e7os. Foram 118 atos do pr\u00f3prio MMA, 282 do Instituto Chico Mendes de Conserva\u00e7\u00e3o da Biodiversidade (ICMBio), 113 do Instituto Brasileiro do Meio Ambiente dos Recursos Naturais (Ibama) e uma do Instituto de Pesquisas Jardim Bot\u00e2nico do Rio de Janeiro (JBRJ).<\/p>\n\n\n\n<p>A pesquisa identificou que 10 medidas t\u00eam risco \u201cmuito alto\u201d enquanto 38 t\u00eam \u201calto\u201d potencial negativo. Questionada sobre os crit\u00e9rios para se enquadrar determinados atos de acordo com esse grau, a coordenadora explica que tais categorias abrigam a\u00e7\u00f5es que promovem uma maior fragiliza\u00e7\u00e3o do controle ambiental. &nbsp;<\/p>\n\n\n\n<figure class=\"wp-block-image\"><img data-recalc-dims=\"1\" decoding=\"async\" src=\"https:\/\/i0.wp.com\/images01.brasildefato.com.br\/963259422526bc49f1c730f0909663fe.jpeg?w=600&#038;ssl=1\" alt=\"\"\/><\/figure>\n\n\n\n<p><br>Desidrata\u00e7\u00e3o de poder fiscalizador de \u00f3rg\u00e3os como Ibama est\u00e1 entre destaques da agenda de Salles \/ Ibama\/divulga\u00e7\u00e3o<\/p>\n\n\n\n<p>\u201cA gente classificou assim aquelas que t\u00eam elementos que configuram o enfraquecimento do \u00f3rg\u00e3o, seja do ponto de vista de pessoal, seja do ponto de vista da normativa. No Ibama, por exemplo, tem algumas instru\u00e7\u00f5es que mudam o processo de julgamento de multas, o rito do processo de infra\u00e7\u00e3o e monitoramento, e isso est\u00e1 muito evidente\u201d, explica.<\/p>\n\n\n\n<p>\u00c9 o caso da Instru\u00e7\u00e3o Normativa Conjunta Ibama\/ICMBio\/MMA N\u00ba 1, de de 2020, publicada ainda no primeiro m\u00eas da gest\u00e3o Salles. O dispositivo normatizou procedimentos para a convers\u00e3o direta de multas ambientais em servi\u00e7os de preserva\u00e7\u00e3o da qualidade do meio ambiente e permite que, a partir disso,&nbsp;<a href=\"https:\/\/www.bbc.com\/portuguese\/brasil-56831720\" target=\"_blank\" rel=\"noreferrer noopener\">o autuado implemente projetos<\/a>&nbsp;por conta pr\u00f3pria.<\/p>\n\n\n\n<p>Os especialistas apontam que a norma \u00e9 de alto risco porque dispensa decis\u00f5es t\u00e9cnicas na aprova\u00e7\u00e3o desses projetos, que ficam restritos ao julgamento de ocupantes de cargos pol\u00edticos. Por conta disso, o Inesc entende que a instru\u00e7\u00e3o compromete os mais de 130 mil processos de infra\u00e7\u00e3o ambiental pelos quais respondem os \u00f3rg\u00e3os que editaram essa orienta\u00e7\u00e3o.<\/p>\n\n\n\n<p>&nbsp;\u201cQuando se coloca, por exemplo, mais poder pra um gestor que \u00e9 indicado politicamente para dar sequ\u00eancia ou n\u00e3o a um processo de condu\u00e7\u00e3o da fiscaliza\u00e7\u00e3o, a gente considera isso uma medida de alt\u00edssimo risco, porque voc\u00ea sabe que isso vem junto com outros sinais e movimentos que mostram que essa medida existe pra desmontar a pol\u00edtica de fiscaliza\u00e7\u00e3o\u201d, aponta Alessandra Cardoso.<\/p>\n\n\n\n<p>A Instru\u00e7\u00e3o Normativa N\u00ba 1 est\u00e1 tamb\u00e9m entre as 12 medidas que foram consideradas pelos pesquisadores como \u201cas mais danosas\u201d das 524 catalogadas. O rol inclui ainda regras que&nbsp;<a href=\"https:\/\/www.brasildefato.com.br\/2021\/02\/03\/fusao-entre-ibama-e-icmbio-ira-paralisar-politicas-ambientais-alerta-servidor\" target=\"_blank\" rel=\"noreferrer noopener\">fragilizam a estrutura do ICMBio<\/a>&nbsp;e o seu papel de gest\u00e3o das unidades de conserva\u00e7\u00e3o.<\/p>\n\n\n\n<p>Tamb\u00e9m est\u00e3o na lista orienta\u00e7\u00f5es que debilitam a atua\u00e7\u00e3o do MMA e reorientam a participa\u00e7\u00e3o da pasta na agenda ambiental. \u00c9 o caso do que o estudo classifica como \u201cgest\u00e3o pouco transparente e tendenciosa\u201d das verbas do Fundo Nacional sobre Mudan\u00e7a do Clima (FNMC), observada por meio da ata da 28\u00aa reuni\u00e3o do MMA.<\/p>\n\n\n\n<p>O desmonte do Conselho Nacional do Meio Ambiente (Conama), promovido pelo Decreto 9.806\/2019 e normatizado pela Portaria MMA n\u00ba 630\/2019, \u00e9 outro exemplo resgatado pelos pesquisadores.&nbsp;<a href=\"http:\/\/file\/\/\/C:\/Users\/Cristiane%20Sampaio\/Downloads\/Estudo_%20Dando%20nome%20aos%20bois%20(2).pdf\" target=\"_blank\" rel=\"noreferrer noopener\">O estudo completo est\u00e1 dispon\u00edvel para visualiza\u00e7\u00e3o no link.<\/a><\/p>\n\n\n\n<p>O&nbsp;<strong>Brasil de Fato<\/strong>&nbsp;procurou o Minist\u00e9rio do Meio Ambiente (MMA) e n\u00e3o obteve respostas at\u00e9 o fechamento desta mat\u00e9ria.<\/p>\n\n\n\n<p>Edi\u00e7\u00e3o: Vivian Virissimo<\/p>\n","protected":false},"excerpt":{"rendered":"<p>Levantamento feito por especialistas do instituto traz raio-x dos dois anos de gest\u00e3o e aponta normas de \u201calto risco&#8221;&nbsp;<\/p>\n","protected":false},"author":1,"featured_media":0,"comment_status":"closed","ping_status":"open","sticky":false,"template":"","format":"standard","meta":{"_exactmetrics_skip_tracking":false,"_exactmetrics_sitenote_active":false,"_exactmetrics_sitenote_note":"","_exactmetrics_sitenote_category":0,"jetpack_post_was_ever_published":false,"_jetpack_newsletter_access":"","_jetpack_dont_email_post_to_subs":false,"_jetpack_newsletter_tier_id":0,"_jetpack_memberships_contains_paywalled_content":false,"_jetpack_memberships_contains_paid_content":false,"footnotes":"","jetpack_publicize_message":"","jetpack_publicize_feature_enabled":true,"jetpack_social_post_already_shared":true,"jetpack_social_options":{"image_generator_settings":{"template":"highway","enabled":false},"version":2}},"categories":[1],"tags":[],"class_list":["post-32099","post","type-post","status-publish","format-standard","hentry","category-notas"],"jetpack_publicize_connections":[],"jetpack_sharing_enabled":true,"jetpack_featured_media_url":"","jetpack_shortlink":"https:\/\/wp.me\/p7wKYW-8lJ","jetpack-related-posts":[],"_links":{"self":[{"href":"http:\/\/blogdalucianaoliveira.com.br\/blog\/wp-json\/wp\/v2\/posts\/32099","targetHints":{"allow":["GET"]}}],"collection":[{"href":"http:\/\/blogdalucianaoliveira.com.br\/blog\/wp-json\/wp\/v2\/posts"}],"about":[{"href":"http:\/\/blogdalucianaoliveira.com.br\/blog\/wp-json\/wp\/v2\/types\/post"}],"author":[{"embeddable":true,"href":"http:\/\/blogdalucianaoliveira.com.br\/blog\/wp-json\/wp\/v2\/users\/1"}],"replies":[{"embeddable":true,"href":"http:\/\/blogdalucianaoliveira.com.br\/blog\/wp-json\/wp\/v2\/comments?post=32099"}],"version-history":[{"count":1,"href":"http:\/\/blogdalucianaoliveira.com.br\/blog\/wp-json\/wp\/v2\/posts\/32099\/revisions"}],"predecessor-version":[{"id":32101,"href":"http:\/\/blogdalucianaoliveira.com.br\/blog\/wp-json\/wp\/v2\/posts\/32099\/revisions\/32101"}],"wp:attachment":[{"href":"http:\/\/blogdalucianaoliveira.com.br\/blog\/wp-json\/wp\/v2\/media?parent=32099"}],"wp:term":[{"taxonomy":"category","embeddable":true,"href":"http:\/\/blogdalucianaoliveira.com.br\/blog\/wp-json\/wp\/v2\/categories?post=32099"},{"taxonomy":"post_tag","embeddable":true,"href":"http:\/\/blogdalucianaoliveira.com.br\/blog\/wp-json\/wp\/v2\/tags?post=32099"}],"curies":[{"name":"wp","href":"https:\/\/api.w.org\/{rel}","templated":true}]}}