{"id":32102,"date":"2021-06-01T07:37:04","date_gmt":"2021-06-01T11:37:04","guid":{"rendered":"http:\/\/blogdalucianaoliveira.com.br\/blog\/?p=32102"},"modified":"2021-06-01T07:37:07","modified_gmt":"2021-06-01T11:37:07","slug":"brasil-nao-tem-clima-nem-preparo-para-realizar-copa-america-dizem-infectologistas","status":"publish","type":"post","link":"http:\/\/blogdalucianaoliveira.com.br\/blog\/2021\/06\/01\/brasil-nao-tem-clima-nem-preparo-para-realizar-copa-america-dizem-infectologistas\/","title":{"rendered":"Brasil n\u00e3o tem clima nem preparo para realizar Copa Am\u00e9rica, dizem infectologistas"},"content":{"rendered":"\n<figure class=\"wp-block-image size-large\"><img data-recalc-dims=\"1\" loading=\"lazy\" decoding=\"async\" width=\"600\" height=\"400\" data-attachment-id=\"32103\" data-permalink=\"http:\/\/blogdalucianaoliveira.com.br\/blog\/2021\/06\/01\/brasil-nao-tem-clima-nem-preparo-para-realizar-copa-america-dizem-infectologistas\/4fca3d14-5d85-4a29-a134-06e3b09e4b5b\/\" data-orig-file=\"https:\/\/i0.wp.com\/blogdalucianaoliveira.com.br\/blog\/wp-content\/uploads\/2021\/06\/4FCA3D14-5D85-4A29-A134-06E3B09E4B5B.jpeg?fit=768%2C512\" data-orig-size=\"768,512\" data-comments-opened=\"0\" data-image-meta=\"{&quot;aperture&quot;:&quot;0&quot;,&quot;credit&quot;:&quot;&quot;,&quot;camera&quot;:&quot;&quot;,&quot;caption&quot;:&quot;&quot;,&quot;created_timestamp&quot;:&quot;0&quot;,&quot;copyright&quot;:&quot;&quot;,&quot;focal_length&quot;:&quot;0&quot;,&quot;iso&quot;:&quot;0&quot;,&quot;shutter_speed&quot;:&quot;0&quot;,&quot;title&quot;:&quot;&quot;,&quot;orientation&quot;:&quot;0&quot;}\" data-image-title=\"4FCA3D14-5D85-4A29-A134-06E3B09E4B5B\" data-image-description=\"\" data-image-caption=\"\" data-medium-file=\"https:\/\/i0.wp.com\/blogdalucianaoliveira.com.br\/blog\/wp-content\/uploads\/2021\/06\/4FCA3D14-5D85-4A29-A134-06E3B09E4B5B.jpeg?fit=300%2C200\" data-large-file=\"https:\/\/i0.wp.com\/blogdalucianaoliveira.com.br\/blog\/wp-content\/uploads\/2021\/06\/4FCA3D14-5D85-4A29-A134-06E3B09E4B5B.jpeg?fit=600%2C400\" src=\"https:\/\/i0.wp.com\/blogdalucianaoliveira.com.br\/blog\/wp-content\/uploads\/2021\/06\/4FCA3D14-5D85-4A29-A134-06E3B09E4B5B.jpeg?resize=600%2C400\" alt=\"\" class=\"wp-image-32103\" srcset=\"https:\/\/i0.wp.com\/blogdalucianaoliveira.com.br\/blog\/wp-content\/uploads\/2021\/06\/4FCA3D14-5D85-4A29-A134-06E3B09E4B5B.jpeg?w=768 768w, https:\/\/i0.wp.com\/blogdalucianaoliveira.com.br\/blog\/wp-content\/uploads\/2021\/06\/4FCA3D14-5D85-4A29-A134-06E3B09E4B5B.jpeg?resize=300%2C200 300w, https:\/\/i0.wp.com\/blogdalucianaoliveira.com.br\/blog\/wp-content\/uploads\/2021\/06\/4FCA3D14-5D85-4A29-A134-06E3B09E4B5B.jpeg?resize=450%2C300 450w\" sizes=\"auto, (max-width: 600px) 100vw, 600px\" \/><\/figure>\n\n\n\n<p>Na FSP &#8211; Os altos n\u00fameros de casos da Covid-19, que indicam circula\u00e7\u00e3o intensa do\u00a0<a href=\"https:\/\/www1.folha.uol.com.br\/equilibrioesaude\/2021\/05\/anticorpos-neutralizantes-podem-indicar-imunidade-apos-vacina-anti-covid-mas-nao-provam-eficacia.shtml\">coronav\u00edrus Sars-CoV-2<\/a>\u00a0no pa\u00eds, e a vacina\u00e7\u00e3o ainda lenta contra a doen\u00e7a sinalizam que \u00e9 inadequada a realiza\u00e7\u00e3o de uma competi\u00e7\u00e3o como a<a href=\"https:\/\/www1.folha.uol.com.br\/esporte\/2021\/05\/governo-bolsonaro-nao-confirma-copa-america-e-estabelece-condicoes-incluindo-atletas-vacinados.shtml\">\u00a0Copa Am\u00e9rica no Brasil\u00a0<\/a>no atual momento, segundo m\u00e9dicos infectologistas.<\/p>\n\n\n\n<!--more-->\n\n\n\n<p>&#8220;Trata-se de uma situa\u00e7\u00e3o absurda e irrespons\u00e1vel. O campeonato est\u00e1 programado para ocorrer quando o pa\u00eds estiver atingindo a faixa das 500 mil vidas perdidas pela Covid-19, um total desrespeito&#8221;, afirma Leonardo Weissmann, infectologista do Instituto Em\u00edlio Ribas e consultor da Sociedade Brasileira de Infectologia (SBI).<\/p>\n\n\n\n<p>A m\u00e9dia de novos casos de Covid-19 ficou em cerca de 56 mil por dia na \u00faltima semana. Desde o in\u00edcio de maio, o n\u00famero teve um crescimento que j\u00e1 est\u00e1 refletido na\u00a0<a href=\"https:\/\/www1.folha.uol.com.br\/equilibrioesaude\/2021\/05\/com-alta-de-covid-hospitais-privados-de-sp-lotam-e-se-adaptam-para-acomodar-outras-doencas.shtml\">alta ocupa\u00e7\u00e3o dos hospitais<\/a>\u00a0em diversas partes do pa\u00eds. A m\u00e9dia di\u00e1ria de mortes causadas pela doen\u00e7a est\u00e1 acima de 1.000 h\u00e1 quase 130 dias. At\u00e9 o domingo (30), o pa\u00eds registrava mais de 462 mil \u00f3bitos.<\/p>\n\n\n\n<p>Os n\u00fameros indicam que a situa\u00e7\u00e3o da pandemia est\u00e1 longe do controle \u2014e os dados ainda n\u00e3o contam a hist\u00f3ria toda, uma vez que o Brasil faz muito poucos testes de Covid na popula\u00e7\u00e3o em compara\u00e7\u00e3o com pa\u00edses como Estados Unidos e Alemanha, e&nbsp;<a href=\"https:\/\/www1.folha.uol.com.br\/equilibrioesaude\/2021\/05\/subnotificacao-dos-casos-de-covid-esconde-ate-30-das-mortes-mostra-estudo.shtml\">muitos casos da doen\u00e7a nem entram na conta<\/a>.<\/p>\n\n\n\n<p>\u201cQuanto maior a dissemina\u00e7\u00e3o do v\u00edrus, maiores as chances de termos muta\u00e7\u00f5es que o ajudam a ser mais transmiss\u00edvel e at\u00e9 capaz de gerar doen\u00e7a mais grave&#8221;, diz o infectologista e pediatra Marcelo Otsuka, coordenador do Comit\u00ea de Infectologia Pedi\u00e1trica da Sociedade Brasileira de Infectologia (SBI).<\/p>\n\n\n\n<p>&#8220;Por mais que esteja previsto um isolamento dos times, sabemos que eles ainda entram em contato com muitas pessoas; nos aeroportos, com pessoas que prestam servi\u00e7os de alimenta\u00e7\u00e3o e limpeza dos quartos, e com os jogadores de outros pa\u00edses&#8221;, afirma o m\u00e9dico.<\/p>\n\n\n\n<p>Essa intera\u00e7\u00e3o inevit\u00e1vel em diversos momentos colabora para que seja grande o risco de uma variante estrangeira ser introduzida no Brasil, ou uma variante em circula\u00e7\u00e3o no pa\u00eds escapar para o exterior.<\/p>\n\n\n\n<p>&#8220;O Brasil concentra, atualmente, quase metade dos \u00f3bitos de Covid-19 da Am\u00e9rica Latina, que recentemente ultrapassou a marca de um milh\u00e3o. A variante P.1 do v\u00edrus, que \u00e9 extremamente contagiosa, est\u00e1 espalhada por todo o pa\u00eds. N\u00e3o \u00e9 momento para um evento desse porte no Brasil&#8221;, diz Weissmann.<\/p>\n\n\n\n<p>A chegada de uma variante mais transmiss\u00edvel faz com que a doen\u00e7a rapidamente se alastre, como aconteceu em Manaus no&nbsp;<a href=\"https:\/\/www1.folha.uol.com.br\/equilibrioesaude\/2021\/04\/variante-p1-identificada-primeiro-em-manaus-ja-responde-por-90-das-amostras-no-estado-de-sp.shtml\">in\u00edcio de 2021 com a P.1<\/a>, e mais recentemente na \u00cdndia, com a&nbsp;<a href=\"https:\/\/www1.folha.uol.com.br\/equilibrioesaude\/2021\/05\/oms-classifica-variante-encontrada-na-india-como-preocupante.shtml\">variante B.1.617<\/a>.<\/p>\n\n\n\n<p>Assim, uma competi\u00e7\u00e3o internacional traz maior risco do que torneios locais, como o Campeonato Brasileiro ou os campeonatos estaduais, realizados regularmente no pa\u00eds sem a presen\u00e7a de p\u00fablico. Muitos dos jogadores das sele\u00e7\u00f5es que competem na Copa Am\u00e9rica jogam por times europeus ou asi\u00e1ticos.<\/p>\n\n\n\n<p>Al\u00e9m das delega\u00e7\u00f5es oficiais, n\u00e3o h\u00e1 hoje como evitar que os torcedores de pa\u00edses vizinhos venham para o Brasil (mesmo que n\u00e3o haja p\u00fablico nos est\u00e1dios), aumentando ainda mais a circula\u00e7\u00e3o de estrangeiros no pa\u00eds.<\/p>\n\n\n\n<p>Segundo os infectologistas, \u00e9 poss\u00edvel conduzir um torneio em meio \u00e0 pandemia sem maiores riscos, mas o Brasil n\u00e3o tem demonstrado capacidade para seguir os protocolos com o rigor necess\u00e1rio.<\/p>\n\n\n\n<p>O principal exemplo de um torneio realizado na pandemia com seguran\u00e7a \u00e9 a&nbsp;<a href=\"https:\/\/www1.folha.uol.com.br\/esporte\/2021\/05\/nba-inicia-playoffs-e-ensaia-volta-ao-normal-com-publico-de-ate-15-mil-pessoas.shtml\">temporada de 2019-2020 da NBA<\/a>, principal liga de basquete dos Estados Unidos. Ali, um isolamento r\u00edgido foi seguido por jogadores e equipes envolvidas na competi\u00e7\u00e3o, com testagem constante de todos. O campeonato acabou servindo como laborat\u00f3rio para que cientistas entendessem melhor como o v\u00edrus \u00e9 transmitido e quais protocolos podem afast\u00e1-lo.<\/p>\n\n\n\n<p>&#8220;Mas \u00e9 poss\u00edvel organizar um protocolo para um evento dessa magnitude, em um formato de bolha, num per\u00edodo de apenas duas semanas? A conta seria paga pela Conmebol [Confedera\u00e7\u00e3o Sul-Americana de Futebol] ou pelos contribuintes brasileiros, em s\u00e9rias dificuldades pela pandemia?&#8221;, questiona Weissmann.<\/p>\n\n\n\n<p>&#8220;Ter\u00edamos de fazer tudo que o pa\u00eds n\u00e3o tem feito at\u00e9 o momento: testar todos, com ou sem sintomas, pois quase metade dos contaminados n\u00e3o apresentam sintomas e podem transmitir o v\u00edrus mesmo assim. Devemos ainda ir atr\u00e1s de todos os contatos do infectado para test\u00e1-los e fazer o isolamento. M\u00e1scara e distanciamento ajudam, mas precisamos de medidas mais rigorosas para evitar a dissemina\u00e7\u00e3o do v\u00edrus&#8221;, diz Otsuka.<\/p>\n\n\n\n<p>&#8220;Gostamos de futebol e queremos acompanhar nosso time. Mas realizar o torneio agora, e da forma como est\u00e1 prevista, pode trazer preju\u00edzos para os atletas, para a imagem do futebol brasileiro e para a popula\u00e7\u00e3o&#8221;, conclui o infectologista.<\/p>\n","protected":false},"excerpt":{"rendered":"<p>Na FSP &#8211; Os altos n\u00fameros de casos da Covid-19, que indicam circula\u00e7\u00e3o intensa do\u00a0coronav\u00edrus Sars-CoV-2\u00a0no pa\u00eds, e a vacina\u00e7\u00e3o ainda lenta contra a doen\u00e7a sinalizam que \u00e9 inadequada a realiza\u00e7\u00e3o de uma competi\u00e7\u00e3o como a\u00a0Copa Am\u00e9rica no Brasil\u00a0no atual momento, segundo m\u00e9dicos infectologistas.<\/p>\n","protected":false},"author":1,"featured_media":0,"comment_status":"closed","ping_status":"open","sticky":false,"template":"","format":"standard","meta":{"_exactmetrics_skip_tracking":false,"_exactmetrics_sitenote_active":false,"_exactmetrics_sitenote_note":"","_exactmetrics_sitenote_category":0,"jetpack_post_was_ever_published":false,"_jetpack_newsletter_access":"","_jetpack_dont_email_post_to_subs":false,"_jetpack_newsletter_tier_id":0,"_jetpack_memberships_contains_paywalled_content":false,"_jetpack_memberships_contains_paid_content":false,"footnotes":"","jetpack_publicize_message":"","jetpack_publicize_feature_enabled":true,"jetpack_social_post_already_shared":true,"jetpack_social_options":{"image_generator_settings":{"template":"highway","enabled":false},"version":2}},"categories":[1],"tags":[],"class_list":["post-32102","post","type-post","status-publish","format-standard","hentry","category-notas"],"jetpack_publicize_connections":[],"jetpack_sharing_enabled":true,"jetpack_featured_media_url":"","jetpack_shortlink":"https:\/\/wp.me\/p7wKYW-8lM","jetpack-related-posts":[],"_links":{"self":[{"href":"http:\/\/blogdalucianaoliveira.com.br\/blog\/wp-json\/wp\/v2\/posts\/32102","targetHints":{"allow":["GET"]}}],"collection":[{"href":"http:\/\/blogdalucianaoliveira.com.br\/blog\/wp-json\/wp\/v2\/posts"}],"about":[{"href":"http:\/\/blogdalucianaoliveira.com.br\/blog\/wp-json\/wp\/v2\/types\/post"}],"author":[{"embeddable":true,"href":"http:\/\/blogdalucianaoliveira.com.br\/blog\/wp-json\/wp\/v2\/users\/1"}],"replies":[{"embeddable":true,"href":"http:\/\/blogdalucianaoliveira.com.br\/blog\/wp-json\/wp\/v2\/comments?post=32102"}],"version-history":[{"count":1,"href":"http:\/\/blogdalucianaoliveira.com.br\/blog\/wp-json\/wp\/v2\/posts\/32102\/revisions"}],"predecessor-version":[{"id":32104,"href":"http:\/\/blogdalucianaoliveira.com.br\/blog\/wp-json\/wp\/v2\/posts\/32102\/revisions\/32104"}],"wp:attachment":[{"href":"http:\/\/blogdalucianaoliveira.com.br\/blog\/wp-json\/wp\/v2\/media?parent=32102"}],"wp:term":[{"taxonomy":"category","embeddable":true,"href":"http:\/\/blogdalucianaoliveira.com.br\/blog\/wp-json\/wp\/v2\/categories?post=32102"},{"taxonomy":"post_tag","embeddable":true,"href":"http:\/\/blogdalucianaoliveira.com.br\/blog\/wp-json\/wp\/v2\/tags?post=32102"}],"curies":[{"name":"wp","href":"https:\/\/api.w.org\/{rel}","templated":true}]}}