{"id":32105,"date":"2021-06-01T07:43:46","date_gmt":"2021-06-01T11:43:46","guid":{"rendered":"http:\/\/blogdalucianaoliveira.com.br\/blog\/?p=32105"},"modified":"2021-06-01T08:00:56","modified_gmt":"2021-06-01T12:00:56","slug":"eleicoes-no-peru-um-sopro-de-esperanca-popular-no-coracao-dos-andes","status":"publish","type":"post","link":"http:\/\/blogdalucianaoliveira.com.br\/blog\/2021\/06\/01\/eleicoes-no-peru-um-sopro-de-esperanca-popular-no-coracao-dos-andes\/","title":{"rendered":"Elei\u00e7\u00f5es no Peru: um sopro de esperan\u00e7a popular no cora\u00e7\u00e3o dos Andes"},"content":{"rendered":"\n<figure class=\"wp-block-image size-large\"><img data-recalc-dims=\"1\" loading=\"lazy\" decoding=\"async\" width=\"600\" height=\"397\" data-attachment-id=\"32108\" data-permalink=\"http:\/\/blogdalucianaoliveira.com.br\/blog\/2021\/06\/01\/eleicoes-no-peru-um-sopro-de-esperanca-popular-no-coracao-dos-andes\/peru-health-virus-andes\/\" data-orig-file=\"https:\/\/i0.wp.com\/blogdalucianaoliveira.com.br\/blog\/wp-content\/uploads\/2021\/06\/2F9D64BC-F1CB-47C2-BF92-ED64146F5748.jpeg?fit=800%2C529\" data-orig-size=\"800,529\" data-comments-opened=\"0\" data-image-meta=\"{&quot;aperture&quot;:&quot;0&quot;,&quot;credit&quot;:&quot;AFP&quot;,&quot;camera&quot;:&quot;&quot;,&quot;caption&quot;:&quot;Residents from surrounding communities head to the weekly food market in Coata, 40 km of Puno and close to the border with Bolivia on July 8, 2020. - The municipality of Coata has imposed mandatory disinfection and screening to all who visit the weekly fair, to avoid the the novel coronavirus from infecting the community as this remote district has not reported any COVID-19 cases. Peru ranks second in Latin America after Brazil with 312,911 cases, registering so far more than 11,000 deaths. (Photo by Carlos MAMANI \\\/ AFP)&quot;,&quot;created_timestamp&quot;:&quot;1594255095&quot;,&quot;copyright&quot;:&quot;AFP or licensors&quot;,&quot;focal_length&quot;:&quot;0&quot;,&quot;iso&quot;:&quot;0&quot;,&quot;shutter_speed&quot;:&quot;0&quot;,&quot;title&quot;:&quot;PERU-HEALTH-VIRUS-ANDES&quot;,&quot;orientation&quot;:&quot;0&quot;}\" data-image-title=\"PERU-HEALTH-VIRUS-ANDES\" data-image-description=\"\" data-image-caption=\"&lt;p&gt;Residents from surrounding communities head to the weekly food market in Coata, 40 km of Puno and close to the border with Bolivia on July 8, 2020. &amp;#8211; The municipality of Coata has imposed mandatory disinfection and screening to all who visit the weekly fair, to avoid the the novel coronavirus from infecting the community as this remote district has not reported any COVID-19 cases. Peru ranks second in Latin America after Brazil with 312,911 cases, registering so far more than 11,000 deaths. (Photo by Carlos MAMANI \/ AFP)&lt;\/p&gt;\n\" data-medium-file=\"https:\/\/i0.wp.com\/blogdalucianaoliveira.com.br\/blog\/wp-content\/uploads\/2021\/06\/2F9D64BC-F1CB-47C2-BF92-ED64146F5748.jpeg?fit=300%2C198\" data-large-file=\"https:\/\/i0.wp.com\/blogdalucianaoliveira.com.br\/blog\/wp-content\/uploads\/2021\/06\/2F9D64BC-F1CB-47C2-BF92-ED64146F5748.jpeg?fit=600%2C397\" src=\"https:\/\/i0.wp.com\/blogdalucianaoliveira.com.br\/blog\/wp-content\/uploads\/2021\/06\/2F9D64BC-F1CB-47C2-BF92-ED64146F5748.jpeg?resize=600%2C397\" alt=\"\" class=\"wp-image-32108\" srcset=\"https:\/\/i0.wp.com\/blogdalucianaoliveira.com.br\/blog\/wp-content\/uploads\/2021\/06\/2F9D64BC-F1CB-47C2-BF92-ED64146F5748.jpeg?w=800 800w, https:\/\/i0.wp.com\/blogdalucianaoliveira.com.br\/blog\/wp-content\/uploads\/2021\/06\/2F9D64BC-F1CB-47C2-BF92-ED64146F5748.jpeg?resize=300%2C198 300w, https:\/\/i0.wp.com\/blogdalucianaoliveira.com.br\/blog\/wp-content\/uploads\/2021\/06\/2F9D64BC-F1CB-47C2-BF92-ED64146F5748.jpeg?resize=768%2C508 768w, https:\/\/i0.wp.com\/blogdalucianaoliveira.com.br\/blog\/wp-content\/uploads\/2021\/06\/2F9D64BC-F1CB-47C2-BF92-ED64146F5748.jpeg?resize=454%2C300 454w\" sizes=\"auto, (max-width: 600px) 100vw, 600px\" \/><figcaption>Residents from surrounding communities head to the weekly food market in Coata, 40 km of Puno and close to the border with Bolivia on July 8, 2020. &#8211; The municipality of Coata has imposed mandatory disinfection and screening to all who visit the weekly fair, to avoid the the novel coronavirus from infecting the community as this remote district has not reported any COVID-19 cases. Peru ranks second in Latin America after Brazil with 312,911 cases, registering so far more than 11,000 deaths. (Photo by Carlos MAMANI \/ AFP)<\/figcaption><\/figure>\n\n\n\n<h4 class=\"wp-block-heading\">Esquerda aposta em Pedro Castillo, do partido Peru Libre, cuja base social s\u00e3o as chamadas Rondas Camponesas<\/h4>\n\n\n\n<!--more-->\n\n\n\n<p>Soniamara Maranho e Pedro CarranoBrasil de Fato | Curitiba (PR) |<\/p>\n\n\n\n<p>Dia 6 de junho de 2021,&nbsp;<a rel=\"noreferrer noopener\" href=\"https:\/\/www.brasildefato.com.br\/2021\/05\/30\/eleicoes-no-peru-empate-tecnico-e-campanha-acirrada-nas-redes-sociais\" target=\"_blank\">o povo peruano vai \u00e0s urnas, no segundo turno de uma elei\u00e7\u00e3o polarizada entre a esquerda<\/a>, representada pelo professor, sindicalista e filho das greves de 2017 do magist\u00e9rio, Pedro Castillo, \u00e0 frente nas pesquisas, com um programa democr\u00e1tico, nacional e popular, contra a candidatura de extrema-direita em uma de suas variantes na hist\u00f3ria da Am\u00e9rica Latina: Keyko Fujimori \u00e9 filha de Alberto Fujimori, preso neste momento por crimes contra a humanidade.<\/p>\n\n\n\n<p>A filha reivindica o legado pol\u00edtico do pai. Eleito nos anos 90 contra o escritor neoliberal Mario Vargas Llosa, o governo de Fujimori foi marcado por persegui\u00e7\u00e3o contra a esquerda e movimentos populares, autoritarismo, buscou implantar uma ditadura, ao lado da aplica\u00e7\u00e3o do neoliberalismo.<\/p>\n\n\n\n<figure class=\"wp-block-image\"><img data-recalc-dims=\"1\" decoding=\"async\" src=\"https:\/\/i0.wp.com\/images02.brasildefato.com.br\/50de53b3ffaffe9c2a33c0257749de60.jpeg?w=600&#038;ssl=1\" alt=\"\"\/><\/figure>\n\n\n\n<p><br>Pedro Castillo, do Peru Livre, e Keiko Fujimori, do For\u00e7a Popular, aparecem empatados tecnicamente \/ AFP<\/p>\n\n\n\n<p>O Peru \u00e9 um pa\u00eds no cora\u00e7\u00e3o dos Andes, que herda a marca da luta anticolonial e da resist\u00eancia dos povos origin\u00e1rios. Nos anos 90 e 2000, n\u00e3o tendo tido a refer\u00eancia de um governo progressista, o povo peruano amargou apenas o programa neoliberal, marcado pela explora\u00e7\u00e3o das corpora\u00e7\u00f5es transnacionais, com destaque para o ramo da minera\u00e7\u00e3o, extraindo os recursos naturais e obtendo taxas de lucro de at\u00e9 80% &#8211; desafio semelhante ao que a Bol\u00edvia vivia antes da chegada do MAS ao governo (2006).<\/p>\n\n\n\n<p>A aplica\u00e7\u00e3o do programa neoliberal, do Tratado de Livre Com\u00e9rcio com os EUA e mais 20 diferentes acordos com outros pa\u00edses, cobra o seu pre\u00e7o: hoje, no Peru, 21,8% das crian\u00e7as e adolescentes s\u00e3o obrigados a trabalhar. N\u00e3o h\u00e1, al\u00e9m disso, no pa\u00eds um patamar de leis trabalhistas consistente. O n\u00famero de analfabetos \u00e9 de 2,7 milh\u00f5es, em uma popula\u00e7\u00e3o de 32,5 milh\u00f5es de pessoas, sendo que 84% entre as v\u00edtimas de analfabetismo s\u00e3o mulheres.<\/p>\n\n\n\n<p>\u00c9 tamb\u00e9m um pa\u00eds marcado pela corrup\u00e7\u00e3o que faz seu povo soprar a esperan\u00e7a para uma alternativa estruturante ao projeto capitalista que, em ess\u00eancia, \u00e9 corrupto, quando explora e rouba o fruto do trabalho da classe trabalhadora. Situa\u00e7\u00e3o estrutural que o programa do Peru Libre quer combater. N\u00e3o \u00e0 toa, uma das palavras de ordem da campanha \u00e9 \u201cn\u00e3o mais pobres em um pa\u00eds rico\u201d.<\/p>\n\n\n\n<p>Intensa disputa<\/p>\n\n\n\n<p>Neste momento, a esquerda peruana se aglutina em torno da chance de vit\u00f3ria de Castillo, do partido Peru Libre, um partido que reivindica Marx, Lenin e tamb\u00e9m o legado do marxista peruano Jos\u00e9 Carlos Mari\u00e1tegui.<\/p>\n\n\n\n<p>O Peru Libre tem como uma das bases sociais as organiza\u00e7\u00e3o das chamadas Rondas Camponesas, que s\u00e3o comunidades camponesas, organizadas com jurisdi\u00e7\u00e3o pr\u00f3pria, cr\u00edticas ao limite e car\u00e1ter de classe do Estado, por\u00e9m conscientes do papel que Castillo pode cumprir ao chegar ao governo \u2013 ainda que tenha pela frente o mesmo desafio dos governos bolivarianos na Venezuela, Equador e Bol\u00edvia: avan\u00e7ar na dire\u00e7\u00e3o do poder e combater um Estado com pesada heran\u00e7a colonial.<\/p>\n\n\n\n<figure class=\"wp-block-image\"><img data-recalc-dims=\"1\" decoding=\"async\" src=\"https:\/\/i0.wp.com\/images03.brasildefato.com.br\/63c498a75a69c622c5eca6df6a794c7f.jpeg?w=600&#038;ssl=1\" alt=\"\"\/><\/figure>\n\n\n\n<p><br>Na cidade de Coata, no Peru, autoridades fazem controle de temperatura para rastrear casos de infectados por coronav\u00edrus \/ Carlos MAMANI \/ AFP<\/p>\n\n\n\n<p>E, sem d\u00favida, acumular for\u00e7a popular elevando o n\u00edvel de organiza\u00e7\u00e3o e consci\u00eancia pol\u00edtica para se manter no poder frente aos bloqueios e ataques que certamente vir\u00e3o do imperialismo.<\/p>\n\n\n\n<p>Ao final do primeiro turno, Castillo surpreendeu pelo resultado, vindo gra\u00e7as a uma organiza\u00e7\u00e3o subterr\u00e2nea, via, que o levou a 20 pontos \u00e0 frente de Fujimori, mesmo sem aparecer nos meios de comunica\u00e7\u00e3o e sem for\u00e7a nas redes sociais, em um pa\u00eds no qual 60% do povo n\u00e3o tem acesso \u00e0 internet. Com isso, a campanha se construiu com lastro em atividades nos rinc\u00f5es peruanos ou, como dizem, no Peru profundo. De povoado em povoado.<\/p>\n\n\n\n<p>As \u00e1reas mais pobres do pa\u00eds rendem o principal apoio a Castillo, ao passo que a capital Lima \u00e9 um dos centros da atual disputa. Recentemente, Fujimori tirou a diferen\u00e7a que separava as duas campanhas, a partir de forte cerco da m\u00eddia empresarial, que promove campanha declarada contra o professor e sindicalista, reavivando o discurso do medo do \u201cterrorismo e do comunismo\u201d. As pesquisas variam e alguns ve\u00edculos da m\u00eddia empresarial chegam a divulgar empate t\u00e9cnico entre as duas candidaturas.<\/p>\n\n\n\n<p>Import\u00e2ncia continental<\/p>\n\n\n\n<p>Uma vit\u00f3ria da esquerda no Peru contribuiria muito no cen\u00e1rio continental. Pa\u00eds estrat\u00e9gico, det\u00e9m o segundo potencial h\u00eddrico da Am\u00e9rica Latina, vizinho do Brasil, que possui o primeiro potencial. Se a energia \u00e9 compreendida como um recurso estrat\u00e9gico para o Capital e como uma mercadoria, sendo assim o Peru acaba sendo um dos focos da disputa na geopol\u00edtica mundial, fonte de alta lucratividade para capital especulativo internacional.<\/p>\n\n\n\n<p>Depois de uma onda de golpes e retomada de governos de direita, desde 2015, a atual crise\u2006 \u2006 econ\u00f4mica, pol\u00edtica e sanit\u00e1ria que se agrava na Am\u00e9rica Latina tem movido as pe\u00e7as do xadrez e produzido revoltas e movimentos de massa, caso da Guatemala, Haiti, Col\u00f4mbia, Equador, Chile e Paraguai. Ao lado da retomada do governo na Bol\u00edvia, da conquista da Constituinte chilena, uma vit\u00f3ria de Castillo significaria mais uma situa\u00e7\u00e3o na qual a forte luta de massas conflui para a chegada da esquerda ao governo. Contribui tamb\u00e9m para um cen\u00e1rio necess\u00e1rio de isolamento do governo neofascista de Bolsonaro no Brasil.<\/p>\n\n\n\n<p>As consequ\u00eancias de uma condu\u00e7\u00e3o negligente diante da crise os peruanos tamb\u00e9m conhecem bem: o pa\u00eds reviu seus \u00edndices no dia 29 de maio, alcan\u00e7ando a maior taxa de mortalidade do mundo, com com 5.484 mortes por milh\u00e3o de habitantes e um total de 180.764 mortes.<\/p>\n\n\n\n<p>O programa do Peru Libre, de Pedro Castillo, identifica os principais problemas da realidade peruana, prop\u00f5e uma sociedade de mercado, por\u00e9m sob controle de um Estado investidor e controlador das principais empresas p\u00fablicas. No rol de difama\u00e7\u00f5es contra sua candidatura, acusada de \u201ct\u00e3o conservadora quanto a de Fujimori\u201d, vale explicar aqui que o programa de Castillo identifica as principais formas de desigualdade da realidade peruana e prop\u00f5e medidas concretas para combat\u00ea-las. Muitas vezes, peri\u00f3dicos como El Pa\u00eds, que costuma equiparar esquerda e direita, quer um discurso progressista, mas n\u00e3o parece querer as medidas que efetivamente socializem a renda, distribuam poder ao povo, rompam as amarras de nossos povos na Am\u00e9rica Latina. Retomem nossa soberania.<\/p>\n\n\n\n<p>\u00c9 tarefa da esquerda e dos setores democr\u00e1ticos brasileiros e latino-americanos at\u00e9 o 6 de junho acompanhar a intensa disputa eleitoral no Peru, divulgar e compartilhar materiais de apoio a Castillo, fortalecer a importante articula\u00e7\u00e3o da Alternativa Bolivariana para as Am\u00e9ricas (Alba Movimentos, que envolve movimentos populares de todo o continente), estar vigilante sobre as tentativas de golpe \u2013 durante e ap\u00f3s a vit\u00f3ria popular.<\/p>\n\n\n\n<p>Afinal: \u201cNo l\u00e1pis est\u00e1 a esperan\u00e7a!\u201d<\/p>\n\n\n\n<p><em>* Soniamara Maranho \u00e9&nbsp;integrante da coordena\u00e7\u00e3o nacional do Movimento dos Atingidos por Barragens (MAB).<\/em><\/p>\n\n\n\n<p><em>** Pedro Carrano, integrante da dire\u00e7\u00e3o nacional da Consulta Popular.<\/em><\/p>\n\n\n\n<p><em>*** Este \u00e9 um artigo de opini\u00e3o. A vis\u00e3o do autor n\u00e3o necessariamente expressa a linha editorial do jornal&nbsp;<strong>Brasil de Fato<\/strong>.<\/em><\/p>\n\n\n\n<p>Edi\u00e7\u00e3o: Vivian Virissimo<\/p>\n","protected":false},"excerpt":{"rendered":"<p>Esquerda aposta em Pedro Castillo, do partido Peru Libre, cuja base social s\u00e3o as chamadas Rondas Camponesas<\/p>\n","protected":false},"author":1,"featured_media":32110,"comment_status":"closed","ping_status":"open","sticky":false,"template":"","format":"standard","meta":{"_exactmetrics_skip_tracking":false,"_exactmetrics_sitenote_active":false,"_exactmetrics_sitenote_note":"","_exactmetrics_sitenote_category":0,"jetpack_post_was_ever_published":false,"_jetpack_newsletter_access":"","_jetpack_dont_email_post_to_subs":false,"_jetpack_newsletter_tier_id":0,"_jetpack_memberships_contains_paywalled_content":false,"_jetpack_memberships_contains_paid_content":false,"footnotes":"","jetpack_publicize_message":"","jetpack_publicize_feature_enabled":true,"jetpack_social_post_already_shared":true,"jetpack_social_options":{"image_generator_settings":{"template":"highway","enabled":false},"version":2}},"categories":[1],"tags":[558,557],"class_list":["post-32105","post","type-post","status-publish","format-standard","has-post-thumbnail","hentry","category-notas","tag-eleicies","tag-peru"],"jetpack_publicize_connections":[],"jetpack_sharing_enabled":true,"jetpack_featured_media_url":"https:\/\/i0.wp.com\/blogdalucianaoliveira.com.br\/blog\/wp-content\/uploads\/2021\/06\/FC8FD45C-6B2F-4915-9E1C-FAEA2453C7A5.jpeg?fit=800%2C529","jetpack_shortlink":"https:\/\/wp.me\/p7wKYW-8lP","jetpack-related-posts":[],"_links":{"self":[{"href":"http:\/\/blogdalucianaoliveira.com.br\/blog\/wp-json\/wp\/v2\/posts\/32105","targetHints":{"allow":["GET"]}}],"collection":[{"href":"http:\/\/blogdalucianaoliveira.com.br\/blog\/wp-json\/wp\/v2\/posts"}],"about":[{"href":"http:\/\/blogdalucianaoliveira.com.br\/blog\/wp-json\/wp\/v2\/types\/post"}],"author":[{"embeddable":true,"href":"http:\/\/blogdalucianaoliveira.com.br\/blog\/wp-json\/wp\/v2\/users\/1"}],"replies":[{"embeddable":true,"href":"http:\/\/blogdalucianaoliveira.com.br\/blog\/wp-json\/wp\/v2\/comments?post=32105"}],"version-history":[{"count":2,"href":"http:\/\/blogdalucianaoliveira.com.br\/blog\/wp-json\/wp\/v2\/posts\/32105\/revisions"}],"predecessor-version":[{"id":32109,"href":"http:\/\/blogdalucianaoliveira.com.br\/blog\/wp-json\/wp\/v2\/posts\/32105\/revisions\/32109"}],"wp:featuredmedia":[{"embeddable":true,"href":"http:\/\/blogdalucianaoliveira.com.br\/blog\/wp-json\/wp\/v2\/media\/32110"}],"wp:attachment":[{"href":"http:\/\/blogdalucianaoliveira.com.br\/blog\/wp-json\/wp\/v2\/media?parent=32105"}],"wp:term":[{"taxonomy":"category","embeddable":true,"href":"http:\/\/blogdalucianaoliveira.com.br\/blog\/wp-json\/wp\/v2\/categories?post=32105"},{"taxonomy":"post_tag","embeddable":true,"href":"http:\/\/blogdalucianaoliveira.com.br\/blog\/wp-json\/wp\/v2\/tags?post=32105"}],"curies":[{"name":"wp","href":"https:\/\/api.w.org\/{rel}","templated":true}]}}