{"id":32113,"date":"2021-06-02T13:52:35","date_gmt":"2021-06-02T17:52:35","guid":{"rendered":"http:\/\/blogdalucianaoliveira.com.br\/blog\/?p=32113"},"modified":"2021-06-02T13:52:40","modified_gmt":"2021-06-02T17:52:40","slug":"frei-sergio-negou-a-vacina-agora-nega-comida","status":"publish","type":"post","link":"http:\/\/blogdalucianaoliveira.com.br\/blog\/2021\/06\/02\/frei-sergio-negou-a-vacina-agora-nega-comida\/","title":{"rendered":"Frei S\u00e9rgio: Negou a vacina, agora nega comida"},"content":{"rendered":"\n<figure class=\"wp-block-image size-large\"><img data-recalc-dims=\"1\" loading=\"lazy\" decoding=\"async\" width=\"600\" height=\"424\" data-attachment-id=\"32114\" data-permalink=\"http:\/\/blogdalucianaoliveira.com.br\/blog\/2021\/06\/02\/frei-sergio-negou-a-vacina-agora-nega-comida\/8ec953d9-70dd-4e99-8038-4fd0d82cd913\/\" data-orig-file=\"https:\/\/i0.wp.com\/blogdalucianaoliveira.com.br\/blog\/wp-content\/uploads\/2021\/06\/8EC953D9-70DD-4E99-8038-4FD0D82CD913.jpeg?fit=800%2C565\" data-orig-size=\"800,565\" data-comments-opened=\"0\" data-image-meta=\"{&quot;aperture&quot;:&quot;0&quot;,&quot;credit&quot;:&quot;Marcos A Corbari&quot;,&quot;camera&quot;:&quot;&quot;,&quot;caption&quot;:&quot;&quot;,&quot;created_timestamp&quot;:&quot;1622626318&quot;,&quot;copyright&quot;:&quot;&quot;,&quot;focal_length&quot;:&quot;0&quot;,&quot;iso&quot;:&quot;0&quot;,&quot;shutter_speed&quot;:&quot;0&quot;,&quot;title&quot;:&quot;&quot;,&quot;orientation&quot;:&quot;0&quot;}\" data-image-title=\"8EC953D9-70DD-4E99-8038-4FD0D82CD913\" data-image-description=\"\" data-image-caption=\"\" data-medium-file=\"https:\/\/i0.wp.com\/blogdalucianaoliveira.com.br\/blog\/wp-content\/uploads\/2021\/06\/8EC953D9-70DD-4E99-8038-4FD0D82CD913.jpeg?fit=300%2C212\" data-large-file=\"https:\/\/i0.wp.com\/blogdalucianaoliveira.com.br\/blog\/wp-content\/uploads\/2021\/06\/8EC953D9-70DD-4E99-8038-4FD0D82CD913.jpeg?fit=600%2C424\" src=\"https:\/\/i0.wp.com\/blogdalucianaoliveira.com.br\/blog\/wp-content\/uploads\/2021\/06\/8EC953D9-70DD-4E99-8038-4FD0D82CD913.jpeg?resize=600%2C424\" alt=\"\" class=\"wp-image-32114\" srcset=\"https:\/\/i0.wp.com\/blogdalucianaoliveira.com.br\/blog\/wp-content\/uploads\/2021\/06\/8EC953D9-70DD-4E99-8038-4FD0D82CD913.jpeg?w=800 800w, https:\/\/i0.wp.com\/blogdalucianaoliveira.com.br\/blog\/wp-content\/uploads\/2021\/06\/8EC953D9-70DD-4E99-8038-4FD0D82CD913.jpeg?resize=300%2C212 300w, https:\/\/i0.wp.com\/blogdalucianaoliveira.com.br\/blog\/wp-content\/uploads\/2021\/06\/8EC953D9-70DD-4E99-8038-4FD0D82CD913.jpeg?resize=768%2C542 768w, https:\/\/i0.wp.com\/blogdalucianaoliveira.com.br\/blog\/wp-content\/uploads\/2021\/06\/8EC953D9-70DD-4E99-8038-4FD0D82CD913.jpeg?resize=425%2C300 425w\" sizes=\"auto, (max-width: 600px) 100vw, 600px\" \/><\/figure>\n\n\n\n<h4 class=\"wp-block-heading\">A causa real da fome \u00e9 o total desprezo de Bolsonaro pelos que produzem alimentos para o mercado interno<\/h4>\n\n\n\n<!--more-->\n\n\n\n<p>Frei S\u00e9rgio Ant\u00f4nio G\u00f6rgen &#8211; Brasil de Fato | Porto Alegre (RS)\u00a0<\/p>\n\n\n\n<p>O aumento da fome e a infla\u00e7\u00e3o dos alimentos no Brasil s\u00e3o consequ\u00eancias de uma mesma causa: a baixa oferta de alimentos no mercado interno nacional.<\/p>\n\n\n\n<p>\u00c9 o que os especialistas da economia agr\u00edcola convencional chamam de \u201cchoque de oferta\u201d, quer dizer, pouco alimento \u00e0 disposi\u00e7\u00e3o dos consumidores. Pela lei de mercado, quando tem baixa oferta e alta procura, os pre\u00e7os sobem. Quando os pre\u00e7os sobem, compra quem tem dinheiro e os mais pobres passam fome.<\/p>\n\n\n\n<p>Claro que o desemprego e a falta de renda para grandes maiorias t\u00eam grande impacto tamb\u00e9m. Mas se tivesse maior poder de compra com baixa oferta, a infla\u00e7\u00e3o da comida seria ainda maior.<\/p>\n\n\n\n<p>O problema de fundo \u00e9 outro. Porque tem baixa oferta de produtos de consumo popular?<\/p>\n\n\n\n<p><strong><a href=\"https:\/\/www.brasildefato.com.br\/2021\/06\/02\/exclusao-digital-prejudicou-acesso-de-mais-pobres-ao-auxilio-emergencial\" target=\"_blank\" rel=\"noreferrer noopener\">:: Exclus\u00e3o digital prejudicou acesso de mais pobres ao aux\u00edlio emergencial ::<\/a><\/strong><\/p>\n\n\n\n<p>Os economistas do \u201cchoque de oferta\u201d, liberais conservadores alinhados ao agroneg\u00f3cio, j\u00e1 est\u00e3o come\u00e7ando a esbo\u00e7ar explica\u00e7\u00f5es para as causas desta baixa oferta: pandemia, estiagens e d\u00f3lar alto.<\/p>\n\n\n\n<p>Ora, a explica\u00e7\u00e3o da estiagem e da pandemia n\u00e3o se sustenta quando alardeiam a maior safra de soja da hist\u00f3ria do pa\u00eds. Ent\u00e3o a pandemia e a estiagem impediram a produ\u00e7\u00e3o de feij\u00e3o, arroz, mandioca, batata, leite, hortigranjeiros, frutas e n\u00e3o na produ\u00e7\u00e3o de soja?<\/p>\n\n\n\n<p>Estiagem teve impacto, sim. Mas em parte. C\u00e2mbio (d\u00f3lar) alto \u00e9 uma consequ\u00eancia a mais da desastrada pol\u00edtica econ\u00f4mica do Guedes.<\/p>\n\n\n\n<p>Ent\u00e3o, a causa real \u00e9 a pol\u00edtica do governo Bolsonaro de total desprezo pelos que produzem alimentos para o mercado interno: os camponeses, agricultores familiares, pequenos produtores, pouco importa a denomina\u00e7\u00e3o. Foram abandonados pelo Estado brasileiro, que destruiu as pol\u00edticas de apoio a este enorme grupo social e ao seu denodado trabalho de produzir o que enche de fartura as mesas do provo.<\/p>\n\n\n\n<p><strong><a href=\"https:\/\/www.brasildefato.com.br\/2021\/06\/02\/vacina-so-13-da-populacao-com-comorbidades-recebeu-a-primeira-dose\" target=\"_blank\" rel=\"noreferrer noopener\">:: Vacina: s\u00f3 13% da popula\u00e7\u00e3o com comorbidades recebeu a primeira dose ::<\/a><\/strong><\/p>\n\n\n\n<p>Jogados \u00e0 l\u00f3gica da concorr\u00eancia desleal de mercado \u2013 Bolsonaro, Guedes e Tereza Cristina \u2013 fizeram com que suas terras e seus esfor\u00e7os fossem tragados pelo cultivo da soja com altos ganhos no mercado internacional e d\u00f3lar alto. S\u00f3 a\u00e7\u00e3o decisiva do Estado evitaria este desequil\u00edbrio. Fez o contr\u00e1rio: expandiu da soja.<\/p>\n\n\n\n<p>Os Movimentos Sociais do Campo e da Cidade \u2013 percebendo os efeitos e as consequ\u00eancias desta pol\u00edtica desastrosa \u2013 propuseram uma proposta modesta para amenizar os efeitos desta pol\u00edtica de desgra\u00e7a, uma lei para estimular a produ\u00e7\u00e3o de alimentos com fomento, cr\u00e9dito de emerg\u00eancia, aquisi\u00e7\u00e3o de alimentos para doa\u00e7\u00e3o, equa\u00e7\u00e3o do endividamento e assist\u00eancia t\u00e9cnica. Foi batizada de lei Assis Carvalho e aprovada com ampla maioria na C\u00e2mara e no Senado.<\/p>\n\n\n\n<p>Bolsonaro vetou.<\/p>\n\n\n\n<p>Novo Projeto de Lei, com conte\u00fado semelhante, foi apresentado este ano e est\u00e1 com prioridade de vota\u00e7\u00e3o na C\u00e2mara. Governo Bolsonaro vai votar contra e se for aprovado, veta de novo.<\/p>\n\n\n\n<p>Ent\u00e3o est\u00e1 claro: Bolsonaro quer a fome e a careza dos alimentos.<\/p>\n\n\n\n<p>Fome e corros\u00e3o do poder de compra do sal\u00e1rio para milh\u00f5es de fam\u00edlias.<\/p>\n\n\n\n<p>Negou vacina, agora nega comida.<\/p>\n\n\n\n<p>Genoc\u00eddio duplo. Nega\u00e7\u00e3o da vacina tira a vida de idosos. Fome mata crian\u00e7as.<\/p>\n\n\n\n<p><em>*Frei Franciscano, militante do MPA e autor de \u201cAgricultura Camponesa Familiar: Indispens\u00e1vel Para Reconstruir o Brasil\u201d<\/em><\/p>\n\n\n\n<p><em>** Este \u00e9 um artigo de opini\u00e3o. A vis\u00e3o do autor n\u00e3o necessariamente expressa a linha editorial do jornal Brasil de Fato.<\/em><\/p>\n\n\n\n<p><strong>Fonte:&nbsp;<\/strong><a target=\"_blank\" href=\"https:\/\/www.brasildefators.com.br\/2021\/06\/02\/artigo-negou-a-vacina-nega-comida\" rel=\"noreferrer noopener\">BdF Rio Grande do Sul<\/a><\/p>\n\n\n\n<p>Edi\u00e7\u00e3o: Marcos Corbari<\/p>\n","protected":false},"excerpt":{"rendered":"<p>A causa real da fome \u00e9 o total desprezo de Bolsonaro pelos que produzem alimentos para o mercado interno<\/p>\n","protected":false},"author":1,"featured_media":0,"comment_status":"closed","ping_status":"open","sticky":false,"template":"","format":"standard","meta":{"_exactmetrics_skip_tracking":false,"_exactmetrics_sitenote_active":false,"_exactmetrics_sitenote_note":"","_exactmetrics_sitenote_category":0,"jetpack_post_was_ever_published":false,"_jetpack_newsletter_access":"","_jetpack_dont_email_post_to_subs":false,"_jetpack_newsletter_tier_id":0,"_jetpack_memberships_contains_paywalled_content":false,"_jetpack_memberships_contains_paid_content":false,"footnotes":"","jetpack_publicize_message":"","jetpack_publicize_feature_enabled":true,"jetpack_social_post_already_shared":true,"jetpack_social_options":{"image_generator_settings":{"template":"highway","enabled":false},"version":2}},"categories":[1],"tags":[],"class_list":["post-32113","post","type-post","status-publish","format-standard","hentry","category-notas"],"jetpack_publicize_connections":[],"jetpack_sharing_enabled":true,"jetpack_featured_media_url":"","jetpack_shortlink":"https:\/\/wp.me\/p7wKYW-8lX","jetpack-related-posts":[],"_links":{"self":[{"href":"http:\/\/blogdalucianaoliveira.com.br\/blog\/wp-json\/wp\/v2\/posts\/32113","targetHints":{"allow":["GET"]}}],"collection":[{"href":"http:\/\/blogdalucianaoliveira.com.br\/blog\/wp-json\/wp\/v2\/posts"}],"about":[{"href":"http:\/\/blogdalucianaoliveira.com.br\/blog\/wp-json\/wp\/v2\/types\/post"}],"author":[{"embeddable":true,"href":"http:\/\/blogdalucianaoliveira.com.br\/blog\/wp-json\/wp\/v2\/users\/1"}],"replies":[{"embeddable":true,"href":"http:\/\/blogdalucianaoliveira.com.br\/blog\/wp-json\/wp\/v2\/comments?post=32113"}],"version-history":[{"count":1,"href":"http:\/\/blogdalucianaoliveira.com.br\/blog\/wp-json\/wp\/v2\/posts\/32113\/revisions"}],"predecessor-version":[{"id":32115,"href":"http:\/\/blogdalucianaoliveira.com.br\/blog\/wp-json\/wp\/v2\/posts\/32113\/revisions\/32115"}],"wp:attachment":[{"href":"http:\/\/blogdalucianaoliveira.com.br\/blog\/wp-json\/wp\/v2\/media?parent=32113"}],"wp:term":[{"taxonomy":"category","embeddable":true,"href":"http:\/\/blogdalucianaoliveira.com.br\/blog\/wp-json\/wp\/v2\/categories?post=32113"},{"taxonomy":"post_tag","embeddable":true,"href":"http:\/\/blogdalucianaoliveira.com.br\/blog\/wp-json\/wp\/v2\/tags?post=32113"}],"curies":[{"name":"wp","href":"https:\/\/api.w.org\/{rel}","templated":true}]}}