{"id":32116,"date":"2021-06-02T13:55:56","date_gmt":"2021-06-02T17:55:56","guid":{"rendered":"http:\/\/blogdalucianaoliveira.com.br\/blog\/?p=32116"},"modified":"2021-06-02T13:56:02","modified_gmt":"2021-06-02T17:56:02","slug":"esquerda-convoca-novos-atos-por-fora-bolsonaro-para-19-de-junho","status":"publish","type":"post","link":"http:\/\/blogdalucianaoliveira.com.br\/blog\/2021\/06\/02\/esquerda-convoca-novos-atos-por-fora-bolsonaro-para-19-de-junho\/","title":{"rendered":"Esquerda convoca novos atos por &#8220;Fora Bolsonaro&#8221; para 19 de junho"},"content":{"rendered":"\n<figure class=\"wp-block-image size-large\"><img loading=\"lazy\" decoding=\"async\" width=\"1250\" height=\"600\" data-attachment-id=\"32117\" data-permalink=\"http:\/\/blogdalucianaoliveira.com.br\/blog\/2021\/06\/02\/esquerda-convoca-novos-atos-por-fora-bolsonaro-para-19-de-junho\/0b5105e3-2461-4cb3-a549-3e97bc197207\/\" data-orig-file=\"https:\/\/i0.wp.com\/blogdalucianaoliveira.com.br\/blog\/wp-content\/uploads\/2021\/06\/0B5105E3-2461-4CB3-A549-3E97BC197207.png?fit=1250%2C600\" data-orig-size=\"1250,600\" data-comments-opened=\"0\" data-image-meta=\"{&quot;aperture&quot;:&quot;0&quot;,&quot;credit&quot;:&quot;&quot;,&quot;camera&quot;:&quot;&quot;,&quot;caption&quot;:&quot;&quot;,&quot;created_timestamp&quot;:&quot;0&quot;,&quot;copyright&quot;:&quot;&quot;,&quot;focal_length&quot;:&quot;0&quot;,&quot;iso&quot;:&quot;0&quot;,&quot;shutter_speed&quot;:&quot;0&quot;,&quot;title&quot;:&quot;&quot;,&quot;orientation&quot;:&quot;0&quot;}\" data-image-title=\"0B5105E3-2461-4CB3-A549-3E97BC197207\" data-image-description=\"\" data-image-caption=\"\" data-medium-file=\"https:\/\/i0.wp.com\/blogdalucianaoliveira.com.br\/blog\/wp-content\/uploads\/2021\/06\/0B5105E3-2461-4CB3-A549-3E97BC197207.png?fit=300%2C144\" data-large-file=\"https:\/\/i0.wp.com\/blogdalucianaoliveira.com.br\/blog\/wp-content\/uploads\/2021\/06\/0B5105E3-2461-4CB3-A549-3E97BC197207.png?fit=600%2C288\" src=\"https:\/\/i2.wp.com\/blogdalucianaoliveira.com.br\/blog\/wp-content\/uploads\/2021\/06\/0B5105E3-2461-4CB3-A549-3E97BC197207.png?fit=600%2C288\" alt=\"\" class=\"wp-image-32117\" srcset=\"https:\/\/i0.wp.com\/blogdalucianaoliveira.com.br\/blog\/wp-content\/uploads\/2021\/06\/0B5105E3-2461-4CB3-A549-3E97BC197207.png?w=1250 1250w, https:\/\/i0.wp.com\/blogdalucianaoliveira.com.br\/blog\/wp-content\/uploads\/2021\/06\/0B5105E3-2461-4CB3-A549-3E97BC197207.png?resize=300%2C144 300w, https:\/\/i0.wp.com\/blogdalucianaoliveira.com.br\/blog\/wp-content\/uploads\/2021\/06\/0B5105E3-2461-4CB3-A549-3E97BC197207.png?resize=1024%2C492 1024w, https:\/\/i0.wp.com\/blogdalucianaoliveira.com.br\/blog\/wp-content\/uploads\/2021\/06\/0B5105E3-2461-4CB3-A549-3E97BC197207.png?resize=768%2C369 768w, https:\/\/i0.wp.com\/blogdalucianaoliveira.com.br\/blog\/wp-content\/uploads\/2021\/06\/0B5105E3-2461-4CB3-A549-3E97BC197207.png?resize=625%2C300 625w, https:\/\/i0.wp.com\/blogdalucianaoliveira.com.br\/blog\/wp-content\/uploads\/2021\/06\/0B5105E3-2461-4CB3-A549-3E97BC197207.png?w=1200 1200w\" sizes=\"auto, (max-width: 600px) 100vw, 600px\" \/><\/figure>\n\n\n\n<p><strong>247 &#8211;&nbsp;<\/strong>Diante do sucesso das&nbsp;<a href=\"https:\/\/www.brasil247.com\/midia\/midia-internacional-ve-bolsonaro-enfraquecido-e-isolado-em-manifestacoes-de-29-de-maio\">manifesta\u00e7\u00f5es realizadas no dia 29 de maio<\/a>&nbsp;em todo o Pa\u00eds, a reuni\u00e3o da coordena\u00e7\u00e3o da Frente Fora Bolsonaro, realizada nesta quarta-feira, 2, marcou novos atos por \u201cFora Bolsonaro\u201d, vacina, emprego e aux\u00edlio para o dia 19 de junho.<\/p>\n\n\n\n<!--more-->\n\n\n\n<p>Os atos ser\u00e3o a continua\u00e7\u00e3o da jornada de lutas que acarretaram nas manifesta\u00e7\u00f5es do dia 29. Participam da frente os principais partidos e organiza\u00e7\u00f5es da esquerda, como o PT, a CUT, UNE, movimentos sociais, entre outras entidades.<\/p>\n\n\n\n<figure class=\"wp-block-embed-twitter wp-block-embed is-type-rich is-provider-twitter\"><div class=\"wp-block-embed__wrapper\">\n<blockquote class=\"twitter-tweet\" data-width=\"550\" data-dnt=\"true\"><p lang=\"pt\" dir=\"ltr\">Ato nacional por <a href=\"https:\/\/twitter.com\/hashtag\/ForaBolsonaro?src=hash&amp;ref_src=twsrc%5Etfw\">#ForaBolsonaro<\/a> ser\u00e1 no dia 19 de junho em todo o Brasil. Diante da enorme vit\u00f3ria pol\u00edtica da realiza\u00e7\u00e3o do 29M em todo o pa\u00eds, a Campanha <a href=\"https:\/\/twitter.com\/hashtag\/ForaBolsonaro?src=hash&amp;ref_src=twsrc%5Etfw\">#ForaBolsonaro<\/a>, articula\u00e7\u00e3o que convocou os \u00faltimos atos e que re\u00fane organiza\u00e7\u00f5es nacionais. <br><br>\u203c\ufe0f Sigam <a href=\"https:\/\/twitter.com\/forabolsonarona?ref_src=twsrc%5Etfw\">@forabolsonarona<\/a> <a href=\"https:\/\/t.co\/SqhJSiyno0\">pic.twitter.com\/SqhJSiyno0<\/a><\/p>&mdash; forabolsonaronacional (@forabolsonarona) <a href=\"https:\/\/twitter.com\/forabolsonarona\/status\/1400121591057506310?ref_src=twsrc%5Etfw\">June 2, 2021<\/a><\/blockquote><script async src=\"https:\/\/platform.twitter.com\/widgets.js\" charset=\"utf-8\"><\/script>\n<\/div><\/figure>\n\n\n\n<p>Os atos j\u00e1 foram convocados pela Uni\u00e3o Nacional dos Estudantes (UNE) nas redes sociais. \u201cDia 19 de junho ocuparemos novamente as ruas de todo o Brasil, e dessa vez ser\u00e1 maior! Organize os atos na sua cidade, mobilize assembleias do seu curso e universidades\u201d, escreveu a entidade no Twitter.<\/p>\n\n\n\n<p>A reuni\u00e3o da coordena\u00e7\u00e3o da frente tamb\u00e9m decidiu a convoca\u00e7\u00e3o de uma plen\u00e1ria, ainda sem data informada, com a participa\u00e7\u00e3o de lideran\u00e7as como o ex-presidente Lula (PT), principal nome da esquerda para vencer Jair Bolsonaro nas elei\u00e7\u00f5es de 2022.<\/p>\n\n\n\n<p><\/p>\n","protected":false},"excerpt":{"rendered":"<p>247 &#8211;&nbsp;Diante do sucesso das&nbsp;manifesta\u00e7\u00f5es realizadas no dia 29 de maio&nbsp;em todo o Pa\u00eds, a reuni\u00e3o da coordena\u00e7\u00e3o da Frente Fora Bolsonaro, realizada nesta quarta-feira, 2, marcou novos atos por \u201cFora Bolsonaro\u201d, vacina, emprego e aux\u00edlio para o dia 19 de junho.<\/p>\n","protected":false},"author":1,"featured_media":0,"comment_status":"closed","ping_status":"open","sticky":false,"template":"","format":"standard","meta":{"_exactmetrics_skip_tracking":false,"_exactmetrics_sitenote_active":false,"_exactmetrics_sitenote_note":"","_exactmetrics_sitenote_category":0,"jetpack_post_was_ever_published":false,"_jetpack_newsletter_access":"","_jetpack_dont_email_post_to_subs":false,"_jetpack_newsletter_tier_id":0,"_jetpack_memberships_contains_paywalled_content":false,"_jetpack_memberships_contains_paid_content":false,"footnotes":"","jetpack_publicize_message":"","jetpack_publicize_feature_enabled":true,"jetpack_social_post_already_shared":true,"jetpack_social_options":{"image_generator_settings":{"template":"highway","enabled":false},"version":2}},"categories":[1],"tags":[],"class_list":["post-32116","post","type-post","status-publish","format-standard","hentry","category-notas"],"jetpack_publicize_connections":[],"jetpack_sharing_enabled":true,"jetpack_featured_media_url":"","jetpack_shortlink":"https:\/\/wp.me\/p7wKYW-8m0","jetpack-related-posts":[],"_links":{"self":[{"href":"http:\/\/blogdalucianaoliveira.com.br\/blog\/wp-json\/wp\/v2\/posts\/32116","targetHints":{"allow":["GET"]}}],"collection":[{"href":"http:\/\/blogdalucianaoliveira.com.br\/blog\/wp-json\/wp\/v2\/posts"}],"about":[{"href":"http:\/\/blogdalucianaoliveira.com.br\/blog\/wp-json\/wp\/v2\/types\/post"}],"author":[{"embeddable":true,"href":"http:\/\/blogdalucianaoliveira.com.br\/blog\/wp-json\/wp\/v2\/users\/1"}],"replies":[{"embeddable":true,"href":"http:\/\/blogdalucianaoliveira.com.br\/blog\/wp-json\/wp\/v2\/comments?post=32116"}],"version-history":[{"count":1,"href":"http:\/\/blogdalucianaoliveira.com.br\/blog\/wp-json\/wp\/v2\/posts\/32116\/revisions"}],"predecessor-version":[{"id":32118,"href":"http:\/\/blogdalucianaoliveira.com.br\/blog\/wp-json\/wp\/v2\/posts\/32116\/revisions\/32118"}],"wp:attachment":[{"href":"http:\/\/blogdalucianaoliveira.com.br\/blog\/wp-json\/wp\/v2\/media?parent=32116"}],"wp:term":[{"taxonomy":"category","embeddable":true,"href":"http:\/\/blogdalucianaoliveira.com.br\/blog\/wp-json\/wp\/v2\/categories?post=32116"},{"taxonomy":"post_tag","embeddable":true,"href":"http:\/\/blogdalucianaoliveira.com.br\/blog\/wp-json\/wp\/v2\/tags?post=32116"}],"curies":[{"name":"wp","href":"https:\/\/api.w.org\/{rel}","templated":true}]}}