{"id":32119,"date":"2021-06-02T16:03:39","date_gmt":"2021-06-02T20:03:39","guid":{"rendered":"http:\/\/blogdalucianaoliveira.com.br\/blog\/?p=32119"},"modified":"2021-06-02T16:03:45","modified_gmt":"2021-06-02T20:03:45","slug":"a-cada-dia-que-passa-brasileiros-vao-tomando-maior-consciencia-da-politica-sanitaria-negacionista-adotada-por-bolsonaro","status":"publish","type":"post","link":"http:\/\/blogdalucianaoliveira.com.br\/blog\/2021\/06\/02\/a-cada-dia-que-passa-brasileiros-vao-tomando-maior-consciencia-da-politica-sanitaria-negacionista-adotada-por-bolsonaro\/","title":{"rendered":"A cada dia que passa, brasileiros v\u00e3o tomando maior consci\u00eancia da pol\u00edtica sanit\u00e1ria \u201cnegacionista\u201d adotada por Bolsonaro"},"content":{"rendered":"\n<figure class=\"wp-block-image size-large\"><img data-recalc-dims=\"1\" loading=\"lazy\" decoding=\"async\" width=\"600\" height=\"357\" data-attachment-id=\"32120\" data-permalink=\"http:\/\/blogdalucianaoliveira.com.br\/blog\/2021\/06\/02\/a-cada-dia-que-passa-brasileiros-vao-tomando-maior-consciencia-da-politica-sanitaria-negacionista-adotada-por-bolsonaro\/d98d2778-1156-464c-b630-c5425077e3d7\/\" data-orig-file=\"https:\/\/i0.wp.com\/blogdalucianaoliveira.com.br\/blog\/wp-content\/uploads\/2021\/06\/D98D2778-1156-464C-B630-C5425077E3D7.png?fit=980%2C583\" data-orig-size=\"980,583\" data-comments-opened=\"0\" data-image-meta=\"{&quot;aperture&quot;:&quot;0&quot;,&quot;credit&quot;:&quot;&quot;,&quot;camera&quot;:&quot;&quot;,&quot;caption&quot;:&quot;&quot;,&quot;created_timestamp&quot;:&quot;0&quot;,&quot;copyright&quot;:&quot;&quot;,&quot;focal_length&quot;:&quot;0&quot;,&quot;iso&quot;:&quot;0&quot;,&quot;shutter_speed&quot;:&quot;0&quot;,&quot;title&quot;:&quot;&quot;,&quot;orientation&quot;:&quot;0&quot;}\" data-image-title=\"D98D2778-1156-464C-B630-C5425077E3D7\" data-image-description=\"\" data-image-caption=\"\" data-medium-file=\"https:\/\/i0.wp.com\/blogdalucianaoliveira.com.br\/blog\/wp-content\/uploads\/2021\/06\/D98D2778-1156-464C-B630-C5425077E3D7.png?fit=300%2C178\" data-large-file=\"https:\/\/i0.wp.com\/blogdalucianaoliveira.com.br\/blog\/wp-content\/uploads\/2021\/06\/D98D2778-1156-464C-B630-C5425077E3D7.png?fit=600%2C357\" src=\"https:\/\/i0.wp.com\/blogdalucianaoliveira.com.br\/blog\/wp-content\/uploads\/2021\/06\/D98D2778-1156-464C-B630-C5425077E3D7.png?resize=600%2C357\" alt=\"\" class=\"wp-image-32120\" srcset=\"https:\/\/i0.wp.com\/blogdalucianaoliveira.com.br\/blog\/wp-content\/uploads\/2021\/06\/D98D2778-1156-464C-B630-C5425077E3D7.png?w=980 980w, https:\/\/i0.wp.com\/blogdalucianaoliveira.com.br\/blog\/wp-content\/uploads\/2021\/06\/D98D2778-1156-464C-B630-C5425077E3D7.png?resize=300%2C178 300w, https:\/\/i0.wp.com\/blogdalucianaoliveira.com.br\/blog\/wp-content\/uploads\/2021\/06\/D98D2778-1156-464C-B630-C5425077E3D7.png?resize=768%2C457 768w, https:\/\/i0.wp.com\/blogdalucianaoliveira.com.br\/blog\/wp-content\/uploads\/2021\/06\/D98D2778-1156-464C-B630-C5425077E3D7.png?resize=504%2C300 504w\" sizes=\"auto, (max-width: 600px) 100vw, 600px\" \/><\/figure>\n\n\n\n<p>O povo rompeu com o sil\u00eancio, cansou de sofrer e vai para as ruas e pra\u00e7as, apesar dos riscos sanit\u00e1rios.<\/p>\n\n\n\n<!--more-->\n\n\n\n<p>Cl\u00e1udio Di Mauro, no \u00d3pera Mundi<\/p>\n\n\n\n<p>Os brasileiros entraram em uma nova fase de seus protestos contra o governo central do Brasil. Est\u00e1 ficando a cada dia mais entendida a necessidade de mudar o governo federal.<\/p>\n\n\n\n<p>Bolsonaro, um presidente que foi capit\u00e3o do Ex\u00e9rcito brasileiro se mostrou durante estes dois anos de mandato que n\u00e3o \u00e9 um estadista. N\u00e3o tem os predicados que o tornariam uma lideran\u00e7a capaz de pacificar o Pa\u00eds e se articular em rela\u00e7\u00e3o positivas no \u00e2mbito internacional. Ou seja, n\u00e3o est\u00e1 preparado para as a\u00e7\u00f5es internas ao Pa\u00eds e muito menos para as externas.<\/p>\n\n\n\n<p>Pior do que isso, o governo Bolsonaro n\u00e3o adotou medidas sanit\u00e1rias para um verdadeiro enfrentamento da pandemia. A cada dia se contaminam e morrem milhares de pessoas. Algo inusitado, fora das piores expectativas das pessoas mais pessimistas quanto aos atos de um governo despreparado.<\/p>\n\n\n\n<p>Pior, quanto \u00e0s medidas sanit\u00e1rias \u00e9 certo se concluir que n\u00e3o h\u00e1 um governo despreparado, mas um governo que busca a tal \u201cimuniza\u00e7\u00e3o de manada, de rebanho\u201d.&nbsp;<\/p>\n\n\n\n<p>Ou seja, precisa contaminar cerca de 70% da popula\u00e7\u00e3o para gerar a tal imuniza\u00e7\u00e3o. Contudo, sabe-se que com as medidas sanit\u00e1rias usadas, quantas mais pessoas se contaminam, aumenta em larga escala o n\u00famero de \u00f3bitos.&nbsp;<\/p>\n\n\n\n<p>Por isso o Brasil chegar\u00e1 rapidamente \u00e0s 500 mil mortes de seres humanos (pais, m\u00e3es, filhos, netos, demais parentes e amigos). Um mortic\u00ednio que ultrapassa qualquer n\u00edvel da compreens\u00e3o para pessoas que gozam de consci\u00eancia nos padr\u00f5es da normalidade. Completamente catastr\u00f3ficos estes n\u00fameros quando comparados com outros pa\u00edses onde as medidas sanit\u00e1rias foram e s\u00e3o mais adequadas.<\/p>\n\n\n\n<p>Sabe-se que as medidas do tal \u201ckit preven\u00e7\u00e3o\u201d s\u00e3o ineficazes. N\u00e3o combatem a doen\u00e7a. Sabe-se que a \u00fanica maneira dispon\u00edvel para imuniza\u00e7\u00e3o das pessoas contra o covid19 \u00e9 a vacina\u00e7\u00e3o.&nbsp;<\/p>\n\n\n\n<p>Da\u00ed a necessidade de investir abruptamente na produ\u00e7\u00e3o de vacinas e em sua aplica\u00e7\u00e3o para todas as pessoas que oferecem condi\u00e7\u00f5es para tal ado\u00e7\u00e3o. O Brasil pelo SUS \u00e9 um Pa\u00eds de excel\u00eancia nos processos de vacina\u00e7\u00e3o.<\/p>\n\n\n\n<p>A cada dia que passa, a popula\u00e7\u00e3o brasileira vai tomando maior consci\u00eancia da \u201cnegacionista\u201d pol\u00edtica sanit\u00e1ria adotada pelo governo brasileiro. Suas lideran\u00e7as principais ficam muito complicadas quando respondem \u00e0s perguntas efetuadas pelos Senadores na CPI da Pandemia, do Covid19.<\/p>\n\n\n\n<p>Assim vai se desmontando a farsa do governo Bolsonaro.<\/p>\n\n\n\n<p>A pol\u00edtica macroecon\u00f4mica adotada demonstra o aumenta do n\u00famero de desempregados e de fam\u00edlias que n\u00e3o possuem condi\u00e7\u00f5es para adquirir os m\u00ednimos alimentos de sobreviv\u00eancia. O sal\u00e1rio m\u00ednimo que sempre foi m\u00ednimo tem sido ainda mais rebaixado em sua capacidade de manuten\u00e7\u00e3o das pessoas e seus familiares. Em contra posi\u00e7\u00e3o, os setores financeiros e corporativos continuam se enriquecendo.<\/p>\n\n\n\n<p>Temos nestes momentos um pa\u00eds de muitas pessoas que est\u00e3o em indig\u00eancia, enquanto os setores de bilion\u00e1rios continuam ganhando muito dinheiro.<\/p>\n\n\n\n<p>A educa\u00e7\u00e3o \u00e9 atacada com medidas autorit\u00e1rias e cortes or\u00e7ament\u00e1rios.<\/p>\n\n\n\n<p>Por \u00f3bvio, esse ataque contra a popula\u00e7\u00e3o est\u00e1 se refletindo nas rea\u00e7\u00f5es que come\u00e7am a ganhar corpo. No s\u00e1bado dia 29 de maio centenas de milhares de pessoas sa\u00edram \u00e0s ruas para exigir \u201cvacina no bra\u00e7o, comida na mesa e fora Bolsonaro\u201d.<\/p>\n\n\n\n<p>Pelas manifesta\u00e7\u00f5es de ruas e pra\u00e7as, fica explicito que as ruas t\u00eam o que dizer para Bolsonaro e seu governo: Basta de mortes e mis\u00e9ria!!! \u201cVacinas no bra\u00e7o, Comida no Prato e Fora Bolsonaro\u201d.<\/p>\n\n\n\n<p>Replicando as ruas e pra\u00e7as: \u201cquando as pessoas se manifestam nas ruas significa que o governo \u00e9 composto por pessoas e pr\u00e1ticas mais letais do que o v\u00edrus\u201d.<\/p>\n\n\n\n<p>A falta de cobertura da chamada \u201cgrande m\u00eddia\u201d me lembrou os tempos das lutas democr\u00e1ticas pelas Diretas, J\u00e1. Os canais de televis\u00e3o abertos s\u00f3 passaram a divulgar quando o assunto estava no auge.<\/p>\n\n\n\n<p>Certamente no caso do Fora Bolsonaro, somente a partir de agora, para n\u00e3o se comprometer ainda mais, os Canais de TV Aberta e CNN n\u00e3o ter\u00e3o outra escolha a n\u00e3o ser mostrar a realidade.&nbsp;<\/p>\n\n\n\n<p>O povo, rompeu com o sil\u00eancio, cansou de sofrer e vai para as ruas e pra\u00e7as, apesar dos riscos sanit\u00e1rios. Certamente, mantendo os cuidados de uso das m\u00e1scaras e adotando um distanciamento f\u00edsico poss\u00edvel. Muito diferente do que acontece com as agora diminutas manifesta\u00e7\u00f5es a favor de Bolsonaro.<\/p>\n\n\n\n<p>Como disse o saudoso ge\u00f3grafo Milton Santos, temos uma globaliza\u00e7\u00e3o dos passivos e dos ativos.<\/p>\n\n\n\n<p>Os passivos s\u00e3o aqueles que desejam manter tudo como est\u00e1, piorando a cada dia para os empobrecidos e oprimidos, mas enriquecendo ainda mais os setores bilion\u00e1rios ej\u00e1 enriquecidos.<\/p>\n\n\n\n<p>Mas, o Brasil ativo estava como no dizer de Hegel, silencioso, mas corroendo por dentro a ferida, aparentemente cicatrizada. Agora a ferida estuporou e n\u00e3o haver\u00e1 mais controle para os atuais \u201cdonos do poder\u201d. Ter\u00e3o que reconhecer que os verdadeiros donos do poder s\u00e3o os oprimidos.<\/p>\n\n\n\n<p>E que as for\u00e7as progressistas n\u00e3o venham com acordos por cima, esquecendo-se dos interesses da popula\u00e7\u00e3o sofrida. Essa \u00e9 a parte da sociedade que precisa se tornar protagonista das transforma\u00e7\u00f5es pol\u00edticas, ambientais, econ\u00f4micas.<\/p>\n\n\n\n<p>O Brasil tem que ser efetivamente de seu povo e a ele deve respeito. N\u00e3o apenas governar em seu nome. Mas, o governo tem que ter participa\u00e7\u00e3o ativa da popula\u00e7\u00e3o subalternizada, dos povos escravizados, dos jovens oprimidos, das mulheres discriminadas.<\/p>\n","protected":false},"excerpt":{"rendered":"<p>O povo rompeu com o sil\u00eancio, cansou de sofrer e vai para as ruas e pra\u00e7as, apesar dos riscos sanit\u00e1rios.<\/p>\n","protected":false},"author":1,"featured_media":0,"comment_status":"closed","ping_status":"open","sticky":false,"template":"","format":"standard","meta":{"_exactmetrics_skip_tracking":false,"_exactmetrics_sitenote_active":false,"_exactmetrics_sitenote_note":"","_exactmetrics_sitenote_category":0,"jetpack_post_was_ever_published":false,"_jetpack_newsletter_access":"","_jetpack_dont_email_post_to_subs":false,"_jetpack_newsletter_tier_id":0,"_jetpack_memberships_contains_paywalled_content":false,"_jetpack_memberships_contains_paid_content":false,"footnotes":"","jetpack_publicize_message":"","jetpack_publicize_feature_enabled":true,"jetpack_social_post_already_shared":true,"jetpack_social_options":{"image_generator_settings":{"template":"highway","enabled":false},"version":2}},"categories":[1],"tags":[],"class_list":["post-32119","post","type-post","status-publish","format-standard","hentry","category-notas"],"jetpack_publicize_connections":[],"jetpack_sharing_enabled":true,"jetpack_featured_media_url":"","jetpack_shortlink":"https:\/\/wp.me\/p7wKYW-8m3","jetpack-related-posts":[],"_links":{"self":[{"href":"http:\/\/blogdalucianaoliveira.com.br\/blog\/wp-json\/wp\/v2\/posts\/32119","targetHints":{"allow":["GET"]}}],"collection":[{"href":"http:\/\/blogdalucianaoliveira.com.br\/blog\/wp-json\/wp\/v2\/posts"}],"about":[{"href":"http:\/\/blogdalucianaoliveira.com.br\/blog\/wp-json\/wp\/v2\/types\/post"}],"author":[{"embeddable":true,"href":"http:\/\/blogdalucianaoliveira.com.br\/blog\/wp-json\/wp\/v2\/users\/1"}],"replies":[{"embeddable":true,"href":"http:\/\/blogdalucianaoliveira.com.br\/blog\/wp-json\/wp\/v2\/comments?post=32119"}],"version-history":[{"count":1,"href":"http:\/\/blogdalucianaoliveira.com.br\/blog\/wp-json\/wp\/v2\/posts\/32119\/revisions"}],"predecessor-version":[{"id":32121,"href":"http:\/\/blogdalucianaoliveira.com.br\/blog\/wp-json\/wp\/v2\/posts\/32119\/revisions\/32121"}],"wp:attachment":[{"href":"http:\/\/blogdalucianaoliveira.com.br\/blog\/wp-json\/wp\/v2\/media?parent=32119"}],"wp:term":[{"taxonomy":"category","embeddable":true,"href":"http:\/\/blogdalucianaoliveira.com.br\/blog\/wp-json\/wp\/v2\/categories?post=32119"},{"taxonomy":"post_tag","embeddable":true,"href":"http:\/\/blogdalucianaoliveira.com.br\/blog\/wp-json\/wp\/v2\/tags?post=32119"}],"curies":[{"name":"wp","href":"https:\/\/api.w.org\/{rel}","templated":true}]}}