{"id":32122,"date":"2021-06-02T19:31:42","date_gmt":"2021-06-02T23:31:42","guid":{"rendered":"http:\/\/blogdalucianaoliveira.com.br\/blog\/?p=32122"},"modified":"2021-06-02T19:31:47","modified_gmt":"2021-06-02T23:31:47","slug":"stf-autoriza-abertura-de-inquerito-contra-salles-por-suspeita-de-favorecimento-de-madeireiros-ilegais","status":"publish","type":"post","link":"http:\/\/blogdalucianaoliveira.com.br\/blog\/2021\/06\/02\/stf-autoriza-abertura-de-inquerito-contra-salles-por-suspeita-de-favorecimento-de-madeireiros-ilegais\/","title":{"rendered":"STF autoriza abertura de inqu\u00e9rito contra Salles por suspeita de favorecimento de madeireiros ilegais"},"content":{"rendered":"\n<figure class=\"wp-block-image size-large\"><img loading=\"lazy\" decoding=\"async\" width=\"1250\" height=\"600\" data-attachment-id=\"32123\" data-permalink=\"http:\/\/blogdalucianaoliveira.com.br\/blog\/2021\/06\/02\/stf-autoriza-abertura-de-inquerito-contra-salles-por-suspeita-de-favorecimento-de-madeireiros-ilegais\/f76718bd-c525-4023-9e19-ec1dc2407407\/\" data-orig-file=\"https:\/\/i0.wp.com\/blogdalucianaoliveira.com.br\/blog\/wp-content\/uploads\/2021\/06\/F76718BD-C525-4023-9E19-EC1DC2407407.jpeg?fit=1250%2C600\" data-orig-size=\"1250,600\" data-comments-opened=\"0\" data-image-meta=\"{&quot;aperture&quot;:&quot;0&quot;,&quot;credit&quot;:&quot;&quot;,&quot;camera&quot;:&quot;&quot;,&quot;caption&quot;:&quot;&quot;,&quot;created_timestamp&quot;:&quot;0&quot;,&quot;copyright&quot;:&quot;&quot;,&quot;focal_length&quot;:&quot;0&quot;,&quot;iso&quot;:&quot;0&quot;,&quot;shutter_speed&quot;:&quot;0&quot;,&quot;title&quot;:&quot;&quot;,&quot;orientation&quot;:&quot;0&quot;}\" data-image-title=\"F76718BD-C525-4023-9E19-EC1DC2407407\" data-image-description=\"\" data-image-caption=\"\" data-medium-file=\"https:\/\/i0.wp.com\/blogdalucianaoliveira.com.br\/blog\/wp-content\/uploads\/2021\/06\/F76718BD-C525-4023-9E19-EC1DC2407407.jpeg?fit=300%2C144\" data-large-file=\"https:\/\/i0.wp.com\/blogdalucianaoliveira.com.br\/blog\/wp-content\/uploads\/2021\/06\/F76718BD-C525-4023-9E19-EC1DC2407407.jpeg?fit=600%2C288\" src=\"https:\/\/i0.wp.com\/blogdalucianaoliveira.com.br\/blog\/wp-content\/uploads\/2021\/06\/F76718BD-C525-4023-9E19-EC1DC2407407.jpeg?fit=600%2C288\" alt=\"\" class=\"wp-image-32123\" srcset=\"https:\/\/i0.wp.com\/blogdalucianaoliveira.com.br\/blog\/wp-content\/uploads\/2021\/06\/F76718BD-C525-4023-9E19-EC1DC2407407.jpeg?w=1250 1250w, https:\/\/i0.wp.com\/blogdalucianaoliveira.com.br\/blog\/wp-content\/uploads\/2021\/06\/F76718BD-C525-4023-9E19-EC1DC2407407.jpeg?resize=300%2C144 300w, https:\/\/i0.wp.com\/blogdalucianaoliveira.com.br\/blog\/wp-content\/uploads\/2021\/06\/F76718BD-C525-4023-9E19-EC1DC2407407.jpeg?resize=1024%2C492 1024w, https:\/\/i0.wp.com\/blogdalucianaoliveira.com.br\/blog\/wp-content\/uploads\/2021\/06\/F76718BD-C525-4023-9E19-EC1DC2407407.jpeg?resize=768%2C369 768w, https:\/\/i0.wp.com\/blogdalucianaoliveira.com.br\/blog\/wp-content\/uploads\/2021\/06\/F76718BD-C525-4023-9E19-EC1DC2407407.jpeg?resize=625%2C300 625w, https:\/\/i0.wp.com\/blogdalucianaoliveira.com.br\/blog\/wp-content\/uploads\/2021\/06\/F76718BD-C525-4023-9E19-EC1DC2407407.jpeg?w=1200 1200w\" sizes=\"auto, (max-width: 600px) 100vw, 600px\" \/><\/figure>\n\n\n\n<p><strong>247 &#8211;&nbsp;<\/strong>A ministra do Supremo Tribunal Federal (STF) C\u00e1rmen L\u00facia autorizou nesta quarta-feira (2) a abertura de inqu\u00e9rito contra o ministro do Meio Ambiente, Ricardo Salles, suspeito de favorecer madeireiros que atuam ilegalmente na Amaz\u00f4nia.<\/p>\n\n\n\n<!--more-->\n\n\n\n<p>O pedido partiu da Procuradoria-Geral da Rep\u00fablica (PGR) ap\u00f3s uma not\u00edcia-crime apresentada pelo ex-superintendente da Pol\u00edcia Federal do Amazonas, Alexandre Saraiva.&nbsp;<\/p>\n\n\n\n<p>Saraiva acusa Salles de tentar atrapalhar a Opera\u00e7\u00e3o Handroanthus, que investiga um esquema de desmatamento ilegal na regi\u00e3o.<\/p>\n\n\n\n<p>A ministra tamb\u00e9m determinou que prestem depoimento os propriet\u00e1rios rurais envolvidos nos fatos citados e os agentes de fiscaliza\u00e7\u00e3o do Ibama e da pr\u00f3pria PF.&nbsp;<\/p>\n\n\n\n<p>Ela ainda autorizou a requisi\u00e7\u00e3o de c\u00f3pia dos procedimentos de fiscaliza\u00e7\u00e3o ambiental e a tomada de depoimento de Salles.&nbsp;<\/p>\n\n\n\n<p>As dilig\u00eancias precisam ser cumpridas em at\u00e9 30 dias, segundo decis\u00e3o da magistrada.<\/p>\n\n\n\n<p>Esta \u00e9 a segunda investiga\u00e7\u00e3o contra Salles no STF. A primeira est\u00e1 sob a relatoria do ministro Alexandre de Moraes, que resultou at\u00e9 em opera\u00e7\u00e3o de busca e apreens\u00e3o contra o ministro do Meio Ambiente e foi batizada de Opera\u00e7\u00e3o Akuanduba.<\/p>\n","protected":false},"excerpt":{"rendered":"<p>247 &#8211;&nbsp;A ministra do Supremo Tribunal Federal (STF) C\u00e1rmen L\u00facia autorizou nesta quarta-feira (2) a abertura de inqu\u00e9rito contra o ministro do Meio Ambiente, Ricardo Salles, suspeito de favorecer madeireiros que atuam ilegalmente na Amaz\u00f4nia.<\/p>\n","protected":false},"author":1,"featured_media":0,"comment_status":"closed","ping_status":"open","sticky":false,"template":"","format":"standard","meta":{"_exactmetrics_skip_tracking":false,"_exactmetrics_sitenote_active":false,"_exactmetrics_sitenote_note":"","_exactmetrics_sitenote_category":0,"jetpack_post_was_ever_published":false,"_jetpack_newsletter_access":"","_jetpack_dont_email_post_to_subs":false,"_jetpack_newsletter_tier_id":0,"_jetpack_memberships_contains_paywalled_content":false,"_jetpack_memberships_contains_paid_content":false,"footnotes":"","jetpack_publicize_message":"","jetpack_publicize_feature_enabled":true,"jetpack_social_post_already_shared":true,"jetpack_social_options":{"image_generator_settings":{"template":"highway","enabled":false},"version":2}},"categories":[1],"tags":[],"class_list":["post-32122","post","type-post","status-publish","format-standard","hentry","category-notas"],"jetpack_publicize_connections":[],"jetpack_sharing_enabled":true,"jetpack_featured_media_url":"","jetpack_shortlink":"https:\/\/wp.me\/p7wKYW-8m6","jetpack-related-posts":[],"_links":{"self":[{"href":"http:\/\/blogdalucianaoliveira.com.br\/blog\/wp-json\/wp\/v2\/posts\/32122","targetHints":{"allow":["GET"]}}],"collection":[{"href":"http:\/\/blogdalucianaoliveira.com.br\/blog\/wp-json\/wp\/v2\/posts"}],"about":[{"href":"http:\/\/blogdalucianaoliveira.com.br\/blog\/wp-json\/wp\/v2\/types\/post"}],"author":[{"embeddable":true,"href":"http:\/\/blogdalucianaoliveira.com.br\/blog\/wp-json\/wp\/v2\/users\/1"}],"replies":[{"embeddable":true,"href":"http:\/\/blogdalucianaoliveira.com.br\/blog\/wp-json\/wp\/v2\/comments?post=32122"}],"version-history":[{"count":1,"href":"http:\/\/blogdalucianaoliveira.com.br\/blog\/wp-json\/wp\/v2\/posts\/32122\/revisions"}],"predecessor-version":[{"id":32124,"href":"http:\/\/blogdalucianaoliveira.com.br\/blog\/wp-json\/wp\/v2\/posts\/32122\/revisions\/32124"}],"wp:attachment":[{"href":"http:\/\/blogdalucianaoliveira.com.br\/blog\/wp-json\/wp\/v2\/media?parent=32122"}],"wp:term":[{"taxonomy":"category","embeddable":true,"href":"http:\/\/blogdalucianaoliveira.com.br\/blog\/wp-json\/wp\/v2\/categories?post=32122"},{"taxonomy":"post_tag","embeddable":true,"href":"http:\/\/blogdalucianaoliveira.com.br\/blog\/wp-json\/wp\/v2\/tags?post=32122"}],"curies":[{"name":"wp","href":"https:\/\/api.w.org\/{rel}","templated":true}]}}