{"id":32125,"date":"2021-06-02T19:36:41","date_gmt":"2021-06-02T23:36:41","guid":{"rendered":"http:\/\/blogdalucianaoliveira.com.br\/blog\/?p=32125"},"modified":"2021-06-02T19:36:46","modified_gmt":"2021-06-02T23:36:46","slug":"luana-araujo-saiba-quem-e-a-infectologista-que-depos-na-cpi","status":"publish","type":"post","link":"http:\/\/blogdalucianaoliveira.com.br\/blog\/2021\/06\/02\/luana-araujo-saiba-quem-e-a-infectologista-que-depos-na-cpi\/","title":{"rendered":"Luana Ara\u00fajo: saiba quem \u00e9 a infectologista que dep\u00f4s na CPI"},"content":{"rendered":"\n<figure class=\"wp-block-image size-large\"><img data-recalc-dims=\"1\" loading=\"lazy\" decoding=\"async\" width=\"600\" height=\"431\" data-attachment-id=\"32126\" data-permalink=\"http:\/\/blogdalucianaoliveira.com.br\/blog\/2021\/06\/02\/luana-araujo-saiba-quem-e-a-infectologista-que-depos-na-cpi\/28caf027-ecfc-4a80-a9e8-446b14ad724b\/\" data-orig-file=\"https:\/\/i0.wp.com\/blogdalucianaoliveira.com.br\/blog\/wp-content\/uploads\/2021\/06\/28CAF027-ECFC-4A80-A9E8-446B14AD724B.jpeg?fit=936%2C672\" data-orig-size=\"936,672\" data-comments-opened=\"0\" data-image-meta=\"{&quot;aperture&quot;:&quot;0&quot;,&quot;credit&quot;:&quot;&quot;,&quot;camera&quot;:&quot;&quot;,&quot;caption&quot;:&quot;&quot;,&quot;created_timestamp&quot;:&quot;0&quot;,&quot;copyright&quot;:&quot;&quot;,&quot;focal_length&quot;:&quot;0&quot;,&quot;iso&quot;:&quot;0&quot;,&quot;shutter_speed&quot;:&quot;0&quot;,&quot;title&quot;:&quot;&quot;,&quot;orientation&quot;:&quot;0&quot;}\" data-image-title=\"28CAF027-ECFC-4A80-A9E8-446B14AD724B\" data-image-description=\"\" data-image-caption=\"\" data-medium-file=\"https:\/\/i0.wp.com\/blogdalucianaoliveira.com.br\/blog\/wp-content\/uploads\/2021\/06\/28CAF027-ECFC-4A80-A9E8-446B14AD724B.jpeg?fit=300%2C215\" data-large-file=\"https:\/\/i0.wp.com\/blogdalucianaoliveira.com.br\/blog\/wp-content\/uploads\/2021\/06\/28CAF027-ECFC-4A80-A9E8-446B14AD724B.jpeg?fit=600%2C431\" src=\"https:\/\/i0.wp.com\/blogdalucianaoliveira.com.br\/blog\/wp-content\/uploads\/2021\/06\/28CAF027-ECFC-4A80-A9E8-446B14AD724B.jpeg?resize=600%2C431\" alt=\"\" class=\"wp-image-32126\" srcset=\"https:\/\/i0.wp.com\/blogdalucianaoliveira.com.br\/blog\/wp-content\/uploads\/2021\/06\/28CAF027-ECFC-4A80-A9E8-446B14AD724B.jpeg?w=936 936w, https:\/\/i0.wp.com\/blogdalucianaoliveira.com.br\/blog\/wp-content\/uploads\/2021\/06\/28CAF027-ECFC-4A80-A9E8-446B14AD724B.jpeg?resize=300%2C215 300w, https:\/\/i0.wp.com\/blogdalucianaoliveira.com.br\/blog\/wp-content\/uploads\/2021\/06\/28CAF027-ECFC-4A80-A9E8-446B14AD724B.jpeg?resize=768%2C551 768w, https:\/\/i0.wp.com\/blogdalucianaoliveira.com.br\/blog\/wp-content\/uploads\/2021\/06\/28CAF027-ECFC-4A80-A9E8-446B14AD724B.jpeg?resize=418%2C300 418w\" sizes=\"auto, (max-width: 600px) 100vw, 600px\" \/><\/figure>\n\n\n\n<h4 class=\"wp-block-heading\">A m\u00e9dica se formou na UFRJ, tem um mestrado na universidade Johns Hopkins Bloomberg, nos Estados Unidos, e \u00e9 a primeira brasileira a receber a prestigiosa Bolsa Sommer.&nbsp;<\/h4>\n\n\n\n<!--more-->\n\n\n\n<p>Por Thais Pimentel e Fl\u00e1via Lages, G1 Minas e TV Globo\u00a0\u2014 Belo Horizonte<\/p>\n\n\n\n<p><br>&#8220;Este blog se utiliza das fontes cient\u00edficas mais atualizadas e seguras para traduzir as \u00faltimas descobertas de forma confi\u00e1vel, apol\u00edtica, e \u00e9tica, para que voc\u00ea nunca mais se perca em fake news nestes assuntos\u201d. \u00c9 com esta frase que a m\u00e9dica infectologista Luana Ara\u00fajo apresenta seu\u00a0<a rel=\"noreferrer noopener\" href=\"https:\/\/des-infectando.com.br\/\" target=\"_blank\">site<\/a>.<\/p>\n\n\n\n<p>A profissional mineira tinha, na manh\u00e3 desta quarta-feira (2), cerca de 9 mil seguidores no Instagram. \u00c0s 19h40, o n\u00famero&nbsp;j\u00e1 tinha chegado a 68 mil. Esta procura pela m\u00e9dica \u00e9 resultado da participa\u00e7\u00e3o dela na&nbsp;<a href=\"https:\/\/g1.globo.com\/politica\/noticia\/2021\/06\/02\/estamos-discutindo-de-que-borda-da-terra-plana-vamos-pular-diz-medica-sobre-tratamento-precoce.ghtml\">Comiss\u00e3o Parlamentar de Inqu\u00e9rito (CPI) que investiga a a\u00e7\u00e3o do governo federal de combate \u00e0 Covid-19.<\/a><\/p>\n\n\n\n<blockquote class=\"wp-block-quote is-layout-flow wp-block-quote-is-layout-flow\"><p>&#8220;Infelizmente, por tudo que vem acontecendo, por essa polariza\u00e7\u00e3o esdr\u00faxula, essa politiza\u00e7\u00e3o incab\u00edvel, os melhores talentos que temos para trabalhar nessas \u00e1reas n\u00e3o estavam exatamente \u00e0 disposi\u00e7\u00e3o&#8221;, afirmou a m\u00e9dica aos senadores.&nbsp;<\/p><\/blockquote>\n\n\n\n<p>O nome da infectologista foi anunciado pelo ministro Marcelo Queiroga no \u00faltimo dia 12, durante lan\u00e7amento da Campanha de Conscientiza\u00e7\u00e3o sobre Medidas Preventivas e Vacina\u00e7\u00e3o contra a Covid-19.&nbsp;<a href=\"https:\/\/g1.globo.com\/mg\/minas-gerais\/noticia\/2021\/05\/22\/saio-com-a-consciencia-e-o-coracao-tranquilos-diz-medica-de-mg-que-deixou-secretaria-da-covid-em-menos-de-10-dias.ghtml\">Mas ela saiu do governo em menos de dez dias, sem sequer ser nomeada.&nbsp;<\/a><\/p>\n\n\n\n<blockquote class=\"wp-block-quote is-layout-flow wp-block-quote-is-layout-flow\"><p>\u201cSaio desta experi\u00eancia como entrei: pela porta da frente, com a consci\u00eancia e o cora\u00e7\u00e3o tranquilos, ciente de que neste curto per\u00edodo entreguei o melhor da minha capacidade de acordo com os princ\u00edpios que tenho como profissional especialista na \u00e1rea: \u00e9tica, cientificidade, agilidade, efici\u00eancia, empatia e assist\u00eancia\u201d, disse ela em nota divulgada na \u00e9poca.&nbsp;<\/p><\/blockquote>\n\n\n\n<figure class=\"wp-block-image\"><img data-recalc-dims=\"1\" decoding=\"async\" src=\"https:\/\/i0.wp.com\/s2.glbimg.com\/8RPbTxGVjh-OR-5XuRGklKATifA%3D\/0x0%3A2048x1234\/984x0\/smart\/filters%3Astrip_icc%28%29\/i.s3.glbimg.com\/v1\/AUTH_59edd422c0c84a879bd37670ae4f538a\/internal_photos\/bs\/2021\/r\/A\/LOy9iLTr2srLAgl2go6A\/luana-araujo.jpg?w=600&#038;ssl=1\" alt=\"A infectologista Luana Ara\u00fajo (esq.) ao lado do ministro da Sa\u00fade, Marcelo Queiroga  \u2014 Foto: Tony Winston\/MS\"\/><\/figure>\n\n\n\n<p>A infectologista Luana Ara\u00fajo (esq.) ao lado do ministro da Sa\u00fade, Marcelo Queiroga \u2014 Foto: Tony Winston\/MS&nbsp;<\/p>\n\n\n\n<p>Luana Ara\u00fajo se formou m\u00e9dica especialista em doen\u00e7as infecciosas pela Universidade Federal do Rio de Janeiro (UFRJ). Ela possui um mestrado em Sa\u00fade P\u00fablica pela universidade Johns Hopkins Bloomberg, nos Estados Unidos, e \u00e9 a primeira brasileira a receber a prestigiosa Bolsa Sommer.&nbsp;<\/p>\n\n\n\n<figure class=\"wp-block-image\"><img data-recalc-dims=\"1\" decoding=\"async\" src=\"https:\/\/i0.wp.com\/s2.glbimg.com\/XJZF4W-eSogTvuQilYMmk8OwcrY%3D\/0x0%3A552x484\/984x0\/smart\/filters%3Astrip_icc%28%29\/i.s3.glbimg.com\/v1\/AUTH_59edd422c0c84a879bd37670ae4f538a\/internal_photos\/bs\/2021\/E\/2\/4QTgHCT2aAJXK0pBB0Gg\/luana.jpg?w=600&#038;ssl=1\" alt=\"Luana Ara\u00fajo possui um mestrado em Sa\u00fade P\u00fablica pela universidade Johns Hopkins Bloomberg, nos Estados Unidos. \u2014 Foto: Reprodu\u00e7\u00e3o \/ Instagram\"\/><\/figure>\n\n\n\n<p>Luana Ara\u00fajo possui um mestrado em Sa\u00fade P\u00fablica pela universidade Johns Hopkins Bloomberg, nos Estados Unidos. \u2014 Foto: Reprodu\u00e7\u00e3o \/ Instagram<\/p>\n\n\n\n<p>Aprendeu a ler e a escrever sozinha, aos 2 anos de idade. Entrou na primeira s\u00e9rie do ensino fundamental aos 5. E, como contou na CPI, se formou no ensino m\u00e9dio aos 15 anos.&nbsp;<\/p>\n\n\n\n<blockquote class=\"wp-block-quote is-layout-flow wp-block-quote-is-layout-flow\"><p>\u201cPara isso acontecer, houve uma necessidade de&#8230; Uma disputa&#8230; N\u00e3o uma disputa, uma resolu\u00e7\u00e3o legal sobre essa circunst\u00e2ncia. E foi por conta disso que o meu pai fez Direito, para que ele pudesse entender melhor o que acontecia com a filha dele\u201d, disse a m\u00e9dica durante depoimento. Ela estava acompanha do pai, tamb\u00e9m m\u00e9dico e seu advogado, Jos\u00e9 Carlos Ara\u00fajo.<\/p><\/blockquote>\n\n\n\n<figure class=\"wp-block-image\"><img data-recalc-dims=\"1\" decoding=\"async\" src=\"https:\/\/i0.wp.com\/s02.video.glbimg.com\/x240\/9568277.jpg?w=600&#038;ssl=1\" alt=\"V\u00cdDEO: Luana Ara\u00fajo explica a presen\u00e7a do seu pai na CPI\"\/><\/figure>\n\n\n\n<p>V\u00cdDEO: Luana Ara\u00fajo explica a presen\u00e7a do seu pai na CPI&nbsp;<\/p>\n\n\n\n<p>Durante os dias em que a m\u00e9dica atuou na pasta, foram reveladas declara\u00e7\u00f5es dela contra o tratamento precoce e o uso de medica\u00e7\u00f5es como a cloroquina, procedimentos defendidos pelo presidente Jair Bolsonaro, mas que s\u00e3o&nbsp;<a href=\"https:\/\/g1.globo.com\/politica\/noticia\/2021\/06\/02\/estamos-discutindo-de-que-borda-da-terra-plana-vamos-pular-diz-medica-sobre-tratamento-precoce.ghtml\">comprovadamente ineficazes contra a Covid.&nbsp;<\/a><\/p>\n\n\n\n<blockquote class=\"wp-block-quote is-layout-flow wp-block-quote-is-layout-flow\"><p>&#8220;Ainda estamos aqui discutindo uma coisa que n\u00e3o tem cabimento. \u00c9 como se estiv\u00e9ssemos discutindo de que borda da terra plana vamos pular. N\u00e3o tem l\u00f3gica&#8221;, afirmou Luana.&nbsp;<\/p><\/blockquote>\n\n\n\n<p>A infectologista \u00e9 conhecida por ser&nbsp;defensora da ci\u00eancia e da vacina\u00e7\u00e3o em massa. Em fevereiro desse ano ela deu a seguinte declara\u00e7\u00e3o:&nbsp;<\/p>\n\n\n\n<p>&#8220;\u00c9 a medicina, \u00e9 o bom senso, \u00e9 a \u00e9tica, \u00e9 o dever c\u00edvico. Ent\u00e3o voc\u00ea junta isso tudo pra fazer uma pol\u00edtica de sa\u00fade p\u00fablica que entregue \u00e0s pessoas aquilo que elas precisam enquanto grupo. Ent\u00e3o, quando isso \u00e9 rompido por um interesse individual todo mundo sofre.&#8221;&nbsp;<\/p>\n\n\n\n<p>A doutora \u00e9 defensora do uso de m\u00e1scara e do distanciamento social.&nbsp;<\/p>\n\n\n\n<p>&#8220;Se as pessoas come\u00e7am a interagir umas com as outras, o v\u00edrus vai conseguir circular, ent\u00e3o aumenta o n\u00famero de casos. Se voc\u00ea olhar as imagens, por exemplo, de bares e restaurantes, as pessoas est\u00e3o do lado de fora, em tese, em um ambiente aberto mas muito pr\u00f3ximas umas das outras porque est\u00e3o bebendo e comendo e est\u00e3o sem m\u00e1scara, ent\u00e3o existe uma falsa percep\u00e7\u00e3o de seguran\u00e7a que n\u00e3o \u00e9 real.&#8221;, declara\u00e7\u00e3o dada em 23 de novembro de 2020.&nbsp;<\/p>\n\n\n\n<figure class=\"wp-block-image\"><img data-recalc-dims=\"1\" decoding=\"async\" src=\"https:\/\/i0.wp.com\/s2.glbimg.com\/5NUlRzMiql-YmU75J70c_kS2x_A%3D\/0x0%3A575x427\/984x0\/smart\/filters%3Astrip_icc%28%29\/i.s3.glbimg.com\/v1\/AUTH_59edd422c0c84a879bd37670ae4f538a\/internal_photos\/bs\/2021\/R\/v\/f5jrI1QwCsLdWgLMLuag\/piano.jpg?w=600&#038;ssl=1\" alt=\"Luana toca piano e tamb\u00e9m canta \u2014 Foto: Redes sociais\"\/><\/figure>\n\n\n\n<p>Luana toca piano e tamb\u00e9m canta \u2014 Foto: Redes sociais&nbsp;<\/p>\n\n\n\n<p>Luana Ara\u00fajo \u00e9 de Belo Horizonte. Ela mora em Nova Lima, na Regi\u00e3o Metropolitana de Belo Horizonte, tem um relacionamento com o fot\u00f3grafo Bruno Haddad e passa seus tempos livres ao piano.&nbsp;<\/p>\n\n\n\n<p>Ela ainda administra o blog Des-Infectando que, segundo a pr\u00f3pria doutora, \u201cpretende responder a essas perguntas e esclarecer os mitos e as verdades sobre as doen\u00e7as infecciosas e a sa\u00fade p\u00fablica, informando a voc\u00ea tudo o que precisa saber para se proteger delas ou enfrentar estas doen\u00e7as da melhor maneira poss\u00edvel\u201d.&nbsp;<\/p>\n\n\n\n<p><\/p>\n","protected":false},"excerpt":{"rendered":"<p>A m\u00e9dica se formou na UFRJ, tem um mestrado na universidade Johns Hopkins Bloomberg, nos Estados Unidos, e \u00e9 a primeira brasileira a receber a prestigiosa Bolsa Sommer.&nbsp;<\/p>\n","protected":false},"author":1,"featured_media":0,"comment_status":"closed","ping_status":"open","sticky":false,"template":"","format":"standard","meta":{"_exactmetrics_skip_tracking":false,"_exactmetrics_sitenote_active":false,"_exactmetrics_sitenote_note":"","_exactmetrics_sitenote_category":0,"jetpack_post_was_ever_published":false,"_jetpack_newsletter_access":"","_jetpack_dont_email_post_to_subs":false,"_jetpack_newsletter_tier_id":0,"_jetpack_memberships_contains_paywalled_content":false,"_jetpack_memberships_contains_paid_content":false,"footnotes":"","jetpack_publicize_message":"","jetpack_publicize_feature_enabled":true,"jetpack_social_post_already_shared":true,"jetpack_social_options":{"image_generator_settings":{"template":"highway","enabled":false},"version":2}},"categories":[1],"tags":[],"class_list":["post-32125","post","type-post","status-publish","format-standard","hentry","category-notas"],"jetpack_publicize_connections":[],"jetpack_sharing_enabled":true,"jetpack_featured_media_url":"","jetpack_shortlink":"https:\/\/wp.me\/p7wKYW-8m9","jetpack-related-posts":[],"_links":{"self":[{"href":"http:\/\/blogdalucianaoliveira.com.br\/blog\/wp-json\/wp\/v2\/posts\/32125","targetHints":{"allow":["GET"]}}],"collection":[{"href":"http:\/\/blogdalucianaoliveira.com.br\/blog\/wp-json\/wp\/v2\/posts"}],"about":[{"href":"http:\/\/blogdalucianaoliveira.com.br\/blog\/wp-json\/wp\/v2\/types\/post"}],"author":[{"embeddable":true,"href":"http:\/\/blogdalucianaoliveira.com.br\/blog\/wp-json\/wp\/v2\/users\/1"}],"replies":[{"embeddable":true,"href":"http:\/\/blogdalucianaoliveira.com.br\/blog\/wp-json\/wp\/v2\/comments?post=32125"}],"version-history":[{"count":1,"href":"http:\/\/blogdalucianaoliveira.com.br\/blog\/wp-json\/wp\/v2\/posts\/32125\/revisions"}],"predecessor-version":[{"id":32127,"href":"http:\/\/blogdalucianaoliveira.com.br\/blog\/wp-json\/wp\/v2\/posts\/32125\/revisions\/32127"}],"wp:attachment":[{"href":"http:\/\/blogdalucianaoliveira.com.br\/blog\/wp-json\/wp\/v2\/media?parent=32125"}],"wp:term":[{"taxonomy":"category","embeddable":true,"href":"http:\/\/blogdalucianaoliveira.com.br\/blog\/wp-json\/wp\/v2\/categories?post=32125"},{"taxonomy":"post_tag","embeddable":true,"href":"http:\/\/blogdalucianaoliveira.com.br\/blog\/wp-json\/wp\/v2\/tags?post=32125"}],"curies":[{"name":"wp","href":"https:\/\/api.w.org\/{rel}","templated":true}]}}