{"id":32141,"date":"2021-06-03T16:14:37","date_gmt":"2021-06-03T20:14:37","guid":{"rendered":"http:\/\/blogdalucianaoliveira.com.br\/blog\/?p=32141"},"modified":"2021-06-03T16:14:43","modified_gmt":"2021-06-03T20:14:43","slug":"the-economist-conduta-de-bolsonaro-e-digna-de-impeachment-e-congresso-poderia-fazer-o-trabalho","status":"publish","type":"post","link":"http:\/\/blogdalucianaoliveira.com.br\/blog\/2021\/06\/03\/the-economist-conduta-de-bolsonaro-e-digna-de-impeachment-e-congresso-poderia-fazer-o-trabalho\/","title":{"rendered":"The Economist: &#8216;conduta de Bolsonaro \u00e9 digna de impeachment e Congresso poderia fazer o trabalho&#8217;"},"content":{"rendered":"\n<figure class=\"wp-block-image size-large\"><img loading=\"lazy\" decoding=\"async\" width=\"1250\" height=\"600\" data-attachment-id=\"32142\" data-permalink=\"http:\/\/blogdalucianaoliveira.com.br\/blog\/2021\/06\/03\/the-economist-conduta-de-bolsonaro-e-digna-de-impeachment-e-congresso-poderia-fazer-o-trabalho\/79e01278-81c6-4084-a293-4ab3a0d99c4d\/\" data-orig-file=\"https:\/\/i0.wp.com\/blogdalucianaoliveira.com.br\/blog\/wp-content\/uploads\/2021\/06\/79E01278-81C6-4084-A293-4AB3A0D99C4D.png?fit=1250%2C600\" data-orig-size=\"1250,600\" data-comments-opened=\"0\" data-image-meta=\"{&quot;aperture&quot;:&quot;0&quot;,&quot;credit&quot;:&quot;&quot;,&quot;camera&quot;:&quot;&quot;,&quot;caption&quot;:&quot;&quot;,&quot;created_timestamp&quot;:&quot;0&quot;,&quot;copyright&quot;:&quot;&quot;,&quot;focal_length&quot;:&quot;0&quot;,&quot;iso&quot;:&quot;0&quot;,&quot;shutter_speed&quot;:&quot;0&quot;,&quot;title&quot;:&quot;&quot;,&quot;orientation&quot;:&quot;0&quot;}\" data-image-title=\"79E01278-81C6-4084-A293-4AB3A0D99C4D\" data-image-description=\"\" data-image-caption=\"\" data-medium-file=\"https:\/\/i0.wp.com\/blogdalucianaoliveira.com.br\/blog\/wp-content\/uploads\/2021\/06\/79E01278-81C6-4084-A293-4AB3A0D99C4D.png?fit=300%2C144\" data-large-file=\"https:\/\/i0.wp.com\/blogdalucianaoliveira.com.br\/blog\/wp-content\/uploads\/2021\/06\/79E01278-81C6-4084-A293-4AB3A0D99C4D.png?fit=600%2C288\" src=\"https:\/\/i2.wp.com\/blogdalucianaoliveira.com.br\/blog\/wp-content\/uploads\/2021\/06\/79E01278-81C6-4084-A293-4AB3A0D99C4D.png?fit=600%2C288\" alt=\"\" class=\"wp-image-32142\" srcset=\"https:\/\/i0.wp.com\/blogdalucianaoliveira.com.br\/blog\/wp-content\/uploads\/2021\/06\/79E01278-81C6-4084-A293-4AB3A0D99C4D.png?w=1250 1250w, https:\/\/i0.wp.com\/blogdalucianaoliveira.com.br\/blog\/wp-content\/uploads\/2021\/06\/79E01278-81C6-4084-A293-4AB3A0D99C4D.png?resize=300%2C144 300w, https:\/\/i0.wp.com\/blogdalucianaoliveira.com.br\/blog\/wp-content\/uploads\/2021\/06\/79E01278-81C6-4084-A293-4AB3A0D99C4D.png?resize=1024%2C492 1024w, https:\/\/i0.wp.com\/blogdalucianaoliveira.com.br\/blog\/wp-content\/uploads\/2021\/06\/79E01278-81C6-4084-A293-4AB3A0D99C4D.png?resize=768%2C369 768w, https:\/\/i0.wp.com\/blogdalucianaoliveira.com.br\/blog\/wp-content\/uploads\/2021\/06\/79E01278-81C6-4084-A293-4AB3A0D99C4D.png?resize=625%2C300 625w, https:\/\/i0.wp.com\/blogdalucianaoliveira.com.br\/blog\/wp-content\/uploads\/2021\/06\/79E01278-81C6-4084-A293-4AB3A0D99C4D.png?w=1200 1200w\" sizes=\"auto, (max-width: 600px) 100vw, 600px\" \/><\/figure>\n\n\n\n<p><strong>247 &#8211;&nbsp;<\/strong>A revista The Economist, uma das maiores publica\u00e7\u00f5es da Inglaterra, afirmou em edi\u00e7\u00e3o desta semana que o Brasil est\u00e1 diante da maior amea\u00e7a \u00e0 democracia desde o fim da ditadura militar e cobrou a\u00e7\u00e3o do Congresso Nacional pelo impeachment de Jair Bolsonaro.&nbsp;<\/p>\n\n\n\n<!--more-->\n\n\n\n<p>&#8220;Em mar\u00e7o, o Sr. Bolsonaro demitiu o ministro da Defesa, que segundo relatos recusou-se a enviar o Ex\u00e9rcito \u00e0s ruas para for\u00e7ar a reabertura dos com\u00e9rcios. Se perder a reelei\u00e7\u00e3o em 2022, alguns pensam que ele pode n\u00e3o aceitar o resultado. Ele lan\u00e7ou d\u00favidas sobre o voto eletr\u00f4nico, assinou decretos para \u2018armar o p\u00fablico\u2019 e gabou-se de que \u2018s\u00f3 Deus\u2019 ir\u00e1 tir\u00e1-lo [do poder]\u201d, diz a revista.<\/p>\n\n\n\n<p>Na sequ\u00eancia, o texto cobra a sa\u00edda de Bolsonaro do Pal\u00e1cio do Planalto. \u201cNa verdade, o Congresso do Brasil poderia fazer o trabalho sem interven\u00e7\u00e3o divina. A conduta dele provavelmente pode ser qualificada como digna de impeachment, incluindo crimes de responsabilidade como pedir as \u00e0s pessoas para desafiar lockdowns, ignorar ofertas de vacinas e demitir autoridades para proteger os filhos\u201d.<\/p>\n\n\n\n<p>Quem herdar o Brasil de Bolsonaro, segundo a publica\u00e7\u00e3o, pegar\u00e1 &#8220;um pa\u00eds danificado e dividido\u201d.<\/p>\n","protected":false},"excerpt":{"rendered":"<p>247 &#8211;&nbsp;A revista The Economist, uma das maiores publica\u00e7\u00f5es da Inglaterra, afirmou em edi\u00e7\u00e3o desta semana que o Brasil est\u00e1 diante da maior amea\u00e7a \u00e0 democracia desde o fim da ditadura militar e cobrou a\u00e7\u00e3o do Congresso Nacional pelo impeachment de Jair Bolsonaro.&nbsp;<\/p>\n","protected":false},"author":1,"featured_media":0,"comment_status":"closed","ping_status":"open","sticky":false,"template":"","format":"standard","meta":{"_exactmetrics_skip_tracking":false,"_exactmetrics_sitenote_active":false,"_exactmetrics_sitenote_note":"","_exactmetrics_sitenote_category":0,"jetpack_post_was_ever_published":false,"_jetpack_newsletter_access":"","_jetpack_dont_email_post_to_subs":false,"_jetpack_newsletter_tier_id":0,"_jetpack_memberships_contains_paywalled_content":false,"_jetpack_memberships_contains_paid_content":false,"footnotes":"","jetpack_publicize_message":"","jetpack_publicize_feature_enabled":true,"jetpack_social_post_already_shared":true,"jetpack_social_options":{"image_generator_settings":{"template":"highway","enabled":false},"version":2}},"categories":[1],"tags":[],"class_list":["post-32141","post","type-post","status-publish","format-standard","hentry","category-notas"],"jetpack_publicize_connections":[],"jetpack_sharing_enabled":true,"jetpack_featured_media_url":"","jetpack_shortlink":"https:\/\/wp.me\/p7wKYW-8mp","jetpack-related-posts":[],"_links":{"self":[{"href":"http:\/\/blogdalucianaoliveira.com.br\/blog\/wp-json\/wp\/v2\/posts\/32141","targetHints":{"allow":["GET"]}}],"collection":[{"href":"http:\/\/blogdalucianaoliveira.com.br\/blog\/wp-json\/wp\/v2\/posts"}],"about":[{"href":"http:\/\/blogdalucianaoliveira.com.br\/blog\/wp-json\/wp\/v2\/types\/post"}],"author":[{"embeddable":true,"href":"http:\/\/blogdalucianaoliveira.com.br\/blog\/wp-json\/wp\/v2\/users\/1"}],"replies":[{"embeddable":true,"href":"http:\/\/blogdalucianaoliveira.com.br\/blog\/wp-json\/wp\/v2\/comments?post=32141"}],"version-history":[{"count":1,"href":"http:\/\/blogdalucianaoliveira.com.br\/blog\/wp-json\/wp\/v2\/posts\/32141\/revisions"}],"predecessor-version":[{"id":32143,"href":"http:\/\/blogdalucianaoliveira.com.br\/blog\/wp-json\/wp\/v2\/posts\/32141\/revisions\/32143"}],"wp:attachment":[{"href":"http:\/\/blogdalucianaoliveira.com.br\/blog\/wp-json\/wp\/v2\/media?parent=32141"}],"wp:term":[{"taxonomy":"category","embeddable":true,"href":"http:\/\/blogdalucianaoliveira.com.br\/blog\/wp-json\/wp\/v2\/categories?post=32141"},{"taxonomy":"post_tag","embeddable":true,"href":"http:\/\/blogdalucianaoliveira.com.br\/blog\/wp-json\/wp\/v2\/tags?post=32141"}],"curies":[{"name":"wp","href":"https:\/\/api.w.org\/{rel}","templated":true}]}}