{"id":32144,"date":"2021-06-03T18:03:06","date_gmt":"2021-06-03T22:03:06","guid":{"rendered":"http:\/\/blogdalucianaoliveira.com.br\/blog\/?p=32144"},"modified":"2021-06-03T18:03:11","modified_gmt":"2021-06-03T22:03:11","slug":"exercito-se-rende-a-bolsonaro-e-abre-porta-para-a-anarquia-militar","status":"publish","type":"post","link":"http:\/\/blogdalucianaoliveira.com.br\/blog\/2021\/06\/03\/exercito-se-rende-a-bolsonaro-e-abre-porta-para-a-anarquia-militar\/","title":{"rendered":"Ex\u00e9rcito se rende a Bolsonaro e abre porta para a anarquia militar"},"content":{"rendered":"\n<figure class=\"wp-block-image size-large\"><img loading=\"lazy\" decoding=\"async\" width=\"1200\" height=\"800\" data-attachment-id=\"32145\" data-permalink=\"http:\/\/blogdalucianaoliveira.com.br\/blog\/2021\/06\/03\/exercito-se-rende-a-bolsonaro-e-abre-porta-para-a-anarquia-militar\/84ffa7b5-7f1f-4dd8-948c-8b8abda28e46\/\" data-orig-file=\"https:\/\/i0.wp.com\/blogdalucianaoliveira.com.br\/blog\/wp-content\/uploads\/2021\/06\/84FFA7B5-7F1F-4DD8-948C-8B8ABDA28E46.jpeg?fit=1200%2C800\" data-orig-size=\"1200,800\" data-comments-opened=\"0\" data-image-meta=\"{&quot;aperture&quot;:&quot;0&quot;,&quot;credit&quot;:&quot;&quot;,&quot;camera&quot;:&quot;&quot;,&quot;caption&quot;:&quot;&quot;,&quot;created_timestamp&quot;:&quot;0&quot;,&quot;copyright&quot;:&quot;&quot;,&quot;focal_length&quot;:&quot;0&quot;,&quot;iso&quot;:&quot;0&quot;,&quot;shutter_speed&quot;:&quot;0&quot;,&quot;title&quot;:&quot;&quot;,&quot;orientation&quot;:&quot;0&quot;}\" data-image-title=\"84FFA7B5-7F1F-4DD8-948C-8B8ABDA28E46\" data-image-description=\"\" data-image-caption=\"\" data-medium-file=\"https:\/\/i0.wp.com\/blogdalucianaoliveira.com.br\/blog\/wp-content\/uploads\/2021\/06\/84FFA7B5-7F1F-4DD8-948C-8B8ABDA28E46.jpeg?fit=300%2C200\" data-large-file=\"https:\/\/i0.wp.com\/blogdalucianaoliveira.com.br\/blog\/wp-content\/uploads\/2021\/06\/84FFA7B5-7F1F-4DD8-948C-8B8ABDA28E46.jpeg?fit=600%2C400\" src=\"https:\/\/i0.wp.com\/blogdalucianaoliveira.com.br\/blog\/wp-content\/uploads\/2021\/06\/84FFA7B5-7F1F-4DD8-948C-8B8ABDA28E46.jpeg?fit=600%2C400\" alt=\"\" class=\"wp-image-32145\" srcset=\"https:\/\/i0.wp.com\/blogdalucianaoliveira.com.br\/blog\/wp-content\/uploads\/2021\/06\/84FFA7B5-7F1F-4DD8-948C-8B8ABDA28E46.jpeg?w=1200 1200w, https:\/\/i0.wp.com\/blogdalucianaoliveira.com.br\/blog\/wp-content\/uploads\/2021\/06\/84FFA7B5-7F1F-4DD8-948C-8B8ABDA28E46.jpeg?resize=300%2C200 300w, https:\/\/i0.wp.com\/blogdalucianaoliveira.com.br\/blog\/wp-content\/uploads\/2021\/06\/84FFA7B5-7F1F-4DD8-948C-8B8ABDA28E46.jpeg?resize=1024%2C683 1024w, https:\/\/i0.wp.com\/blogdalucianaoliveira.com.br\/blog\/wp-content\/uploads\/2021\/06\/84FFA7B5-7F1F-4DD8-948C-8B8ABDA28E46.jpeg?resize=768%2C512 768w, https:\/\/i0.wp.com\/blogdalucianaoliveira.com.br\/blog\/wp-content\/uploads\/2021\/06\/84FFA7B5-7F1F-4DD8-948C-8B8ABDA28E46.jpeg?resize=450%2C300 450w\" sizes=\"auto, (max-width: 600px) 100vw, 600px\" \/><\/figure>\n\n\n\n<p><a href=\"https:\/\/www1.folha.uol.com.br\/poder\/2021\/06\/exercito-decide-nao-punir-pazuello-por-participacao-em-ato-com-bolsonaro-no-rio.shtml\">A inacredit\u00e1vel decis\u00e3o do Ex\u00e9rcito&nbsp;<\/a>de isentar Eduardo Pazuello de qualquer puni\u00e7\u00e3o abre uma sinistra e in\u00e9dita porteira institucional no Brasil.<\/p>\n\n\n\n<!--more-->\n\n\n\n<p>Folha de S\u00e3o Paulo, Igor Gielow<\/p>\n\n\n\n<p><br>A partir de agora, qualquer oficial ou pra\u00e7a, ao menos da For\u00e7a terrestre, se sentir\u00e1 liberado para emprestar apoio a pol\u00edticos. Institui\u00e7\u00e3o de Estado, o Ex\u00e9rcito agora permite o servi\u00e7o a governos \u2014ou \u00e0 oposi\u00e7\u00e3o a eles, embora isso n\u00e3o esteja em quest\u00e3o agora.<\/p>\n\n\n\n<p>A implica\u00e7\u00e3o da decis\u00e3o, ap\u00f3s uma reuni\u00e3o inconclusiva do Alto-Comando da For\u00e7a na quarta (2), \u00e9 ampla e aponta \u00e0 anarquia.<\/p>\n\n\n\n<p>Que Jair Bolsonaro trabalhou habilmente para trazer militares a seu lado, sob a ilus\u00e3o de que controlariam o capit\u00e3o reformado do Ex\u00e9rcito, isso \u00e9 sabido.<\/p>\n\n\n\n<p>Que eles tenham angariado apoio ao candidato na esperan\u00e7a de barrar a volta do petismo do poder e depois entrado, inclusive com oficiais da ativa, no governo, tamb\u00e9m \u00e9 hist\u00f3ria contada.<\/p>\n\n\n\n<p>Que o&nbsp;<a href=\"https:\/\/www1.folha.uol.com.br\/poder\/2021\/04\/militares-disseram-nao-a-bolsonaro-e-sim-a-democracia-diz-jungmann.shtml\">desagrado do presidente com a resist\u00eancia do ent\u00e3o ministro da Defesa<\/a>, general da reserva Fernando Azevedo, \u00e0 insist\u00eancia do chefe em pedir apoio pol\u00edtico das For\u00e7as levou \u00e0 queda in\u00e9dita de toda a c\u00fapula militar em abril, igualmente.<\/p>\n\n\n\n<p>Mas \u00e9 inaudita a concess\u00e3o feita pelo comandante Paulo S\u00e9rgio Nogueira \u00e0 press\u00e3o de Bolsonaro, ainda mais em um ambiente em que o Alto-Comando era majoritariamente favor\u00e1vel a uma puni\u00e7\u00e3o, ainda que branda, a Pazuello.<\/p>\n\n\n\n<p>O erro central de Paulo S\u00e9rgio, que \u00e9 conhecido pelo prenome na For\u00e7a, foi n\u00e3o ter aplicado imediatamente uma puni\u00e7\u00e3o a Pazuello, logo ap\u00f3s o fat\u00eddico domingo (23)&nbsp;<a href=\"https:\/\/www1.folha.uol.com.br\/poder\/2021\/05\/bolsonaro-militares-do-governo-e-pazuello-defendem-que-ato-nao-foi-partidario-e-que-nao-cabe-punicao.shtml\">no qual o desastroso ex-ministro da Sa\u00fade achou conveniente subir num palanque<\/a>&nbsp;e falar bem do presidente a seu lado. Sem m\u00e1scaras, claro.<\/p>\n\n\n\n<figure class=\"wp-block-image\"><a href=\"https:\/\/fotografia.folha.uol.com.br\/galerias\/1696506872621111-no-auge-da-pandemia-bolsonaro-aperta-a-mao-de-militares-as-vezes-sem-mascara\"><img data-recalc-dims=\"1\" decoding=\"async\" src=\"https:\/\/i0.wp.com\/f.i.uol.com.br\/fotografia\/2021\/04\/08\/1617915064606f6cb832500_1617915064_3x2_md.jpg?w=600&#038;ssl=1\" alt=\"No auge da pandemia, Bolsonaro aperta a m\u00e3o de militares e tira a m\u00e1scara\"\/><\/a><figcaption><a href=\"https:\/\/fotografia.folha.uol.com.br\/galerias\/1696506872621111-no-auge-da-pandemia-bolsonaro-aperta-a-mao-de-militares-as-vezes-sem-mascara\">No auge da pandemia, Bolsonaro aperta a m\u00e3o de militares e tira a m\u00e1scara<\/a><\/figcaption><\/figure>\n\n\n\n<p>Para um experiente general da reserva, a janela de oportunidade foi perdida em nome da tentativa de composi\u00e7\u00e3o. Quando Paulo S\u00e9rgio&nbsp;<a href=\"https:\/\/www1.folha.uol.com.br\/poder\/2021\/05\/bolsonaro-pede-a-exercito-que-nao-puna-pazuello-e-amplia-a-crise.shtml\">foi apresentado ao pedido impositivo de Bolsonaro pela isen\u00e7\u00e3o de Pazuello<\/a>&nbsp;em encontro na Amaz\u00f4nia, como a&nbsp;<strong>Folha<\/strong>revelou, j\u00e1 era tarde.<\/p>\n\n\n\n<p>Ou o comandante batia na mesa e fazia valer a vontade majorit\u00e1ria da c\u00fapula verde-oliva e enfrentava as consequ\u00eancias disso, ou capitulava. Capitulou, abrindo um abismo an\u00e1rquico que se insinua desde que Bolsonaro ascendeu ao poder.<\/p>\n\n\n\n<p>O exemplo vem de cima. Pazuello&nbsp;<a href=\"https:\/\/www1.folha.uol.com.br\/poder\/2021\/06\/comportamento-de-pms-gera-alarme-sobre-tatica-de-bolsonaro-para-2022.shtml\">sai inc\u00f3lume no momento em que policiais militares&nbsp;<\/a>acham por bem prender pessoas que criticam o presidente ou, pior, atiram balas de borracha nelas. Qual ser\u00e1 o limite para que a muni\u00e7\u00e3o real seja empregada?<\/p>\n\n\n\n<p>At\u00e9 aqui, a ideia de que as PMs eram mais perme\u00e1veis do que as For\u00e7as \u00e0 infiltra\u00e7\u00e3o do bolsonarismo era prevalente mesmo entre os mais alarmados observadores do meio militar. Agora, com o sentimento de liberou geral no Ex\u00e9rcito, o que dizer das suas for\u00e7as auxiliares estaduais?<\/p>\n\n\n\n<p>Nesse sentido, ganha outra dimens\u00e3o a presen\u00e7a de Bolsonaro<a href=\"https:\/\/www1.folha.uol.com.br\/poder\/2021\/06\/em-formatura-com-bolsonaro-pms-resgatam-lema-de-campanha-eleitoral-do-presidente.shtml\">&nbsp;na formatura de cadetes da PM de Bras\u00edlia nesta semana<\/a>, com o chefe da corpora\u00e7\u00e3o gritando o lema da campanha do presidente ao fim da fala.<\/p>\n\n\n\n<p>A anarquia tamb\u00e9m pode se dar de outras formas, como na presen\u00e7a de um sargento pedindo melhores soldos em live com o ex-l\u00edder do governo Major Vitor Hugo (PSL-GO), um desses deputados sa\u00eddos do nada eleitos por sua patente na an\u00f4mala elei\u00e7\u00e3o de 2018.<\/p>\n\n\n\n<p><a href=\"https:\/\/www1.folha.uol.com.br\/poder\/2020\/11\/nao-queremos-fazer-parte-da-politica-nem-deixar-ela-entrar-nos-quarteis-diz-chefe-do-exercito.shtml\">A linha riscada no ch\u00e3o pelo antecessor do comandante<\/a>, Edson Leal Pujol, que disse que a pol\u00edtica era imisc\u00edvel com o meio militar, foi apagada novamente. Considerando que Paulo S\u00e9rgio estava longe de ser considerado um oficial bolsonarista, a sinaliza\u00e7\u00e3o \u00e9 p\u00e9ssima para a democracia.<\/p>\n\n\n\n<figure class=\"wp-block-image\"><a href=\"https:\/\/fotografia.folha.uol.com.br\/galerias\/1695595635155994-ministro-da-defesa-fernando-azevedo-e-silva-deixa-governo-bolsonaro\"><img data-recalc-dims=\"1\" decoding=\"async\" src=\"https:\/\/i0.wp.com\/f.i.uol.com.br\/fotografia\/2021\/03\/30\/1617138784606394608c083_1617138784_3x2_md.jpg?w=600&#038;ssl=1\" alt=\" Ministro da Defesa, Fernando Azevedo e Silva, deixa governo Bolsonaro\"\/><\/a><figcaption><a href=\"https:\/\/fotografia.folha.uol.com.br\/galerias\/1695595635155994-ministro-da-defesa-fernando-azevedo-e-silva-deixa-governo-bolsonaro\">Ministro da Defesa, Fernando Azevedo e Silva, deixa governo Bolsonaro<\/a><\/figcaption><\/figure>\n\n\n\n<p>Ele se alinhava mais \u00e0 escola de um comandante maior, Eduardo Villas B\u00f4as (2015-19), que por sua vez j\u00e1 tinha<a href=\"https:\/\/www1.folha.uol.com.br\/poder\/2018\/11\/bolsonaro-nao-e-volta-dos-militares-mas-ha-o-risco-de-politizacao-de-quarteis-diz-villas-boas.shtml\">&nbsp;alertado sobre o risco de politiza\u00e7\u00e3o dos quart\u00e9is<\/a>, apesar de ter sido um dos donos da chave que abriu tal port\u00e3o<a href=\"https:\/\/www1.folha.uol.com.br\/poder\/2021\/02\/livro-de-ex-chefe-do-exercito-expoe-a-volta-da-politica-aos-quarteis.shtml\">&nbsp;ao pressionar o Supremo Tribunal Federal<\/a>&nbsp;a n\u00e3o conceder um habeas corpus ao ex-presidente Luiz In\u00e1cio Lula da Silva em 2018.<\/p>\n\n\n\n<p><a href=\"https:\/\/www1.folha.uol.com.br\/poder\/2021\/03\/bolsonaro-oferece-aos-militares-saida-do-labirinto-em-que-entraram.shtml\">A crise militar de abril havia dado uma oportunidade<\/a>&nbsp;aos militares de se afastarem de vez dos males do bolsonarismo que abra\u00e7aram, com as devidas benesses como a reforma previdenci\u00e1ria e de carreira. Paulo S\u00e9rgio enterrou isso, salvo forte rea\u00e7\u00e3o de seus pares.<\/p>\n\n\n\n<p>Central tamb\u00e9m ser\u00e1 a rea\u00e7\u00e3o da Marinha e da For\u00e7a A\u00e9rea,&nbsp;<a href=\"https:\/\/www1.folha.uol.com.br\/poder\/2021\/03\/bolsonaro-aposta-em-antiguidade-e-nomeia-novos-comandantes-militares.shtml\">esta comandada por um brigadeiro de fortes inclina\u00e7\u00f5es governistas<\/a>. N\u00e3o parece que vai acabar bem.<\/p>\n\n\n\n<p><a href=\"https:\/\/www1.folha.uol.com.br\/colunas\/eliogaspari\/2021\/06\/a-anarquia-militar-de-bolsonaro.shtml\">Como disse Elio Gaspari,<\/a>&nbsp;\u00e9 um tipo novo de anarquia militar que se v\u00ea sob Bolsonaro. Por isso mesmo, demanda uma resposta institucional forte \u2014de quem \u00e9 a pergunta que fica, dada a bovinice do Congresso e a posi\u00e7\u00e3o fr\u00e1gil do Supremo.<\/p>\n\n\n\n<p>Militar insubordinado&nbsp;<a href=\"https:\/\/www1.folha.uol.com.br\/poder\/2019\/08\/livro-detalha-como-tribunal-absolveu-bolsonaro-e-condenou-a-imprensa.shtml\">que saiu com o rabo entre as pernas do Ex\u00e9rcito em 1988,<\/a>&nbsp;sob forte suspeita de liderar uma trama terrorista, Jair Bolsonaro foi tratado como p\u00e1ria pelos fardados estrelados at\u00e9 2018. Agora, alcan\u00e7ou sua vingan\u00e7a.<\/p>\n\n\n\n<p>\u00c9 psican\u00e1lise barata, mas parece que ele conseguiu enfim matar o pai, simbolicamente, e com a ajuda de um mero oficial de intend\u00eancia. Shakespeare n\u00e3o faria melhor.<\/p>\n","protected":false},"excerpt":{"rendered":"<p>A inacredit\u00e1vel decis\u00e3o do Ex\u00e9rcito&nbsp;de isentar Eduardo Pazuello de qualquer puni\u00e7\u00e3o abre uma sinistra e in\u00e9dita porteira institucional no Brasil.<\/p>\n","protected":false},"author":1,"featured_media":0,"comment_status":"closed","ping_status":"open","sticky":false,"template":"","format":"standard","meta":{"_exactmetrics_skip_tracking":false,"_exactmetrics_sitenote_active":false,"_exactmetrics_sitenote_note":"","_exactmetrics_sitenote_category":0,"jetpack_post_was_ever_published":false,"_jetpack_newsletter_access":"","_jetpack_dont_email_post_to_subs":false,"_jetpack_newsletter_tier_id":0,"_jetpack_memberships_contains_paywalled_content":false,"_jetpack_memberships_contains_paid_content":false,"footnotes":"","jetpack_publicize_message":"","jetpack_publicize_feature_enabled":true,"jetpack_social_post_already_shared":true,"jetpack_social_options":{"image_generator_settings":{"template":"highway","enabled":false},"version":2}},"categories":[1],"tags":[],"class_list":["post-32144","post","type-post","status-publish","format-standard","hentry","category-notas"],"jetpack_publicize_connections":[],"jetpack_sharing_enabled":true,"jetpack_featured_media_url":"","jetpack_shortlink":"https:\/\/wp.me\/p7wKYW-8ms","jetpack-related-posts":[],"_links":{"self":[{"href":"http:\/\/blogdalucianaoliveira.com.br\/blog\/wp-json\/wp\/v2\/posts\/32144","targetHints":{"allow":["GET"]}}],"collection":[{"href":"http:\/\/blogdalucianaoliveira.com.br\/blog\/wp-json\/wp\/v2\/posts"}],"about":[{"href":"http:\/\/blogdalucianaoliveira.com.br\/blog\/wp-json\/wp\/v2\/types\/post"}],"author":[{"embeddable":true,"href":"http:\/\/blogdalucianaoliveira.com.br\/blog\/wp-json\/wp\/v2\/users\/1"}],"replies":[{"embeddable":true,"href":"http:\/\/blogdalucianaoliveira.com.br\/blog\/wp-json\/wp\/v2\/comments?post=32144"}],"version-history":[{"count":1,"href":"http:\/\/blogdalucianaoliveira.com.br\/blog\/wp-json\/wp\/v2\/posts\/32144\/revisions"}],"predecessor-version":[{"id":32146,"href":"http:\/\/blogdalucianaoliveira.com.br\/blog\/wp-json\/wp\/v2\/posts\/32144\/revisions\/32146"}],"wp:attachment":[{"href":"http:\/\/blogdalucianaoliveira.com.br\/blog\/wp-json\/wp\/v2\/media?parent=32144"}],"wp:term":[{"taxonomy":"category","embeddable":true,"href":"http:\/\/blogdalucianaoliveira.com.br\/blog\/wp-json\/wp\/v2\/categories?post=32144"},{"taxonomy":"post_tag","embeddable":true,"href":"http:\/\/blogdalucianaoliveira.com.br\/blog\/wp-json\/wp\/v2\/tags?post=32144"}],"curies":[{"name":"wp","href":"https:\/\/api.w.org\/{rel}","templated":true}]}}