{"id":32147,"date":"2021-06-04T06:19:38","date_gmt":"2021-06-04T10:19:38","guid":{"rendered":"http:\/\/blogdalucianaoliveira.com.br\/blog\/?p=32147"},"modified":"2021-06-04T06:19:43","modified_gmt":"2021-06-04T10:19:43","slug":"uruguai-condena-sete-militares-aposentados-por-crimes-contra-a-humanidade-na-ditadura","status":"publish","type":"post","link":"http:\/\/blogdalucianaoliveira.com.br\/blog\/2021\/06\/04\/uruguai-condena-sete-militares-aposentados-por-crimes-contra-a-humanidade-na-ditadura\/","title":{"rendered":"Uruguai condena sete militares aposentados por crimes contra a humanidade na ditadura"},"content":{"rendered":"\n<figure class=\"wp-block-image size-large\"><img data-recalc-dims=\"1\" loading=\"lazy\" decoding=\"async\" width=\"600\" height=\"413\" data-attachment-id=\"32148\" data-permalink=\"http:\/\/blogdalucianaoliveira.com.br\/blog\/2021\/06\/04\/uruguai-condena-sete-militares-aposentados-por-crimes-contra-a-humanidade-na-ditadura\/a568a12c-4fbd-4526-bdfd-72f969c6fca9\/\" data-orig-file=\"https:\/\/i0.wp.com\/blogdalucianaoliveira.com.br\/blog\/wp-content\/uploads\/2021\/06\/A568A12C-4FBD-4526-BDFD-72F969C6FCA9.jpeg?fit=965%2C664\" data-orig-size=\"965,664\" data-comments-opened=\"0\" data-image-meta=\"{&quot;aperture&quot;:&quot;0&quot;,&quot;credit&quot;:&quot;&quot;,&quot;camera&quot;:&quot;&quot;,&quot;caption&quot;:&quot;&quot;,&quot;created_timestamp&quot;:&quot;0&quot;,&quot;copyright&quot;:&quot;&quot;,&quot;focal_length&quot;:&quot;0&quot;,&quot;iso&quot;:&quot;0&quot;,&quot;shutter_speed&quot;:&quot;0&quot;,&quot;title&quot;:&quot;&quot;,&quot;orientation&quot;:&quot;0&quot;}\" data-image-title=\"A568A12C-4FBD-4526-BDFD-72F969C6FCA9\" data-image-description=\"\" data-image-caption=\"\" data-medium-file=\"https:\/\/i0.wp.com\/blogdalucianaoliveira.com.br\/blog\/wp-content\/uploads\/2021\/06\/A568A12C-4FBD-4526-BDFD-72F969C6FCA9.jpeg?fit=300%2C206\" data-large-file=\"https:\/\/i0.wp.com\/blogdalucianaoliveira.com.br\/blog\/wp-content\/uploads\/2021\/06\/A568A12C-4FBD-4526-BDFD-72F969C6FCA9.jpeg?fit=600%2C413\" src=\"https:\/\/i0.wp.com\/blogdalucianaoliveira.com.br\/blog\/wp-content\/uploads\/2021\/06\/A568A12C-4FBD-4526-BDFD-72F969C6FCA9.jpeg?resize=600%2C413\" alt=\"\" class=\"wp-image-32148\" srcset=\"https:\/\/i0.wp.com\/blogdalucianaoliveira.com.br\/blog\/wp-content\/uploads\/2021\/06\/A568A12C-4FBD-4526-BDFD-72F969C6FCA9.jpeg?w=965 965w, https:\/\/i0.wp.com\/blogdalucianaoliveira.com.br\/blog\/wp-content\/uploads\/2021\/06\/A568A12C-4FBD-4526-BDFD-72F969C6FCA9.jpeg?resize=300%2C206 300w, https:\/\/i0.wp.com\/blogdalucianaoliveira.com.br\/blog\/wp-content\/uploads\/2021\/06\/A568A12C-4FBD-4526-BDFD-72F969C6FCA9.jpeg?resize=768%2C528 768w, https:\/\/i0.wp.com\/blogdalucianaoliveira.com.br\/blog\/wp-content\/uploads\/2021\/06\/A568A12C-4FBD-4526-BDFD-72F969C6FCA9.jpeg?resize=436%2C300 436w\" sizes=\"auto, (max-width: 600px) 100vw, 600px\" \/><\/figure>\n\n\n\n<p>G1- Oficiais foram sentenciados por torturas em centro de deten\u00e7\u00e3o que funcionou em Montevid\u00e9u entre 1975 e 1977. Tr\u00eas j\u00e1 est\u00e3o presos por outros crimes no per\u00edodo.<\/p>\n\n\n\n<!--more-->\n\n\n\n<p>A Justi\u00e7a&nbsp;<a href=\"https:\/\/g1.globo.com\/tudo-sobre\/uruguai\/\"><strong>uruguaia<\/strong><\/a>&nbsp;condenou \u00e0 pris\u00e3o nesta quinta-feira (3) sete militares aposentados por crimes contra a humanidade cometidos durante a ditadura militar (1973-1985). Tr\u00eas deles j\u00e1 cumprem penas por outros crimes semelhantes no mesmo per\u00edodo.&nbsp;<\/p>\n\n\n\n<p>Jos\u00e9 Nino Gavazzo, Jorge Silveira, Mario Aguerrondo, Ernesto Rama, Rudyard Scioscia, Mario Frachelle e Mario Cola foram processados por &#8220;priva\u00e7\u00e3o de liberdade e viol\u00eancia privada&#8221; contra cerca de trinta detidos no centro clandestino de tortura &#8220;300 Carlos&#8221;, que funcionou entre 1975 e 1977 em um complexo militar na capital Montevid\u00e9u.&nbsp;<\/p>\n\n\n\n<p>O procurador especializado em crimes contra a humanidade, Ricardo Perciballe, havia solicitado a instaura\u00e7\u00e3o de processo com pris\u00e3o de oito repressores por esses crimes. Um deles morreu durante o processo judicial.&nbsp;<\/p>\n\n\n\n<p>Gavazzo, Silveira e Rama j\u00e1 haviam sido condenados por outros crimes contra a humanidade cometidos durante o governo. Os outros ser\u00e3o presos pela primeira vez.&nbsp;<\/p>\n\n\n\n<p>A den\u00fancia havia sido apresentada em 2011, quando o ex-guerrilheiro e ent\u00e3o presidente de esquerda Jos\u00e9 Mujica retirou a prote\u00e7\u00e3o concedida por uma lei de anistia aprovada na d\u00e9cada de 1980, conhecida como Lei da Caducidade, para investiga\u00e7\u00f5es de viola\u00e7\u00f5es de direitos humanos.&nbsp;<\/p>\n\n\n\n<p>A Promotoria Especializada em Crimes Contra a Humanidade ainda tem 13 pedidos pendentes de a\u00e7\u00e3o penal contra cerca de 50 pessoas implicadas em crimes relacionados ao terrorismo de Estado, segundo o jornal local &#8220;La Diaria&#8221;.<\/p>\n","protected":false},"excerpt":{"rendered":"<p>G1- Oficiais foram sentenciados por torturas em centro de deten\u00e7\u00e3o que funcionou em Montevid\u00e9u entre 1975 e 1977. Tr\u00eas j\u00e1 est\u00e3o presos por outros crimes no per\u00edodo.<\/p>\n","protected":false},"author":1,"featured_media":0,"comment_status":"closed","ping_status":"open","sticky":false,"template":"","format":"standard","meta":{"_exactmetrics_skip_tracking":false,"_exactmetrics_sitenote_active":false,"_exactmetrics_sitenote_note":"","_exactmetrics_sitenote_category":0,"jetpack_post_was_ever_published":false,"_jetpack_newsletter_access":"","_jetpack_dont_email_post_to_subs":false,"_jetpack_newsletter_tier_id":0,"_jetpack_memberships_contains_paywalled_content":false,"_jetpack_memberships_contains_paid_content":false,"footnotes":"","jetpack_publicize_message":"","jetpack_publicize_feature_enabled":true,"jetpack_social_post_already_shared":true,"jetpack_social_options":{"image_generator_settings":{"template":"highway","enabled":false},"version":2}},"categories":[1],"tags":[],"class_list":["post-32147","post","type-post","status-publish","format-standard","hentry","category-notas"],"jetpack_publicize_connections":[],"jetpack_sharing_enabled":true,"jetpack_featured_media_url":"","jetpack_shortlink":"https:\/\/wp.me\/p7wKYW-8mv","jetpack-related-posts":[],"_links":{"self":[{"href":"http:\/\/blogdalucianaoliveira.com.br\/blog\/wp-json\/wp\/v2\/posts\/32147","targetHints":{"allow":["GET"]}}],"collection":[{"href":"http:\/\/blogdalucianaoliveira.com.br\/blog\/wp-json\/wp\/v2\/posts"}],"about":[{"href":"http:\/\/blogdalucianaoliveira.com.br\/blog\/wp-json\/wp\/v2\/types\/post"}],"author":[{"embeddable":true,"href":"http:\/\/blogdalucianaoliveira.com.br\/blog\/wp-json\/wp\/v2\/users\/1"}],"replies":[{"embeddable":true,"href":"http:\/\/blogdalucianaoliveira.com.br\/blog\/wp-json\/wp\/v2\/comments?post=32147"}],"version-history":[{"count":1,"href":"http:\/\/blogdalucianaoliveira.com.br\/blog\/wp-json\/wp\/v2\/posts\/32147\/revisions"}],"predecessor-version":[{"id":32149,"href":"http:\/\/blogdalucianaoliveira.com.br\/blog\/wp-json\/wp\/v2\/posts\/32147\/revisions\/32149"}],"wp:attachment":[{"href":"http:\/\/blogdalucianaoliveira.com.br\/blog\/wp-json\/wp\/v2\/media?parent=32147"}],"wp:term":[{"taxonomy":"category","embeddable":true,"href":"http:\/\/blogdalucianaoliveira.com.br\/blog\/wp-json\/wp\/v2\/categories?post=32147"},{"taxonomy":"post_tag","embeddable":true,"href":"http:\/\/blogdalucianaoliveira.com.br\/blog\/wp-json\/wp\/v2\/tags?post=32147"}],"curies":[{"name":"wp","href":"https:\/\/api.w.org\/{rel}","templated":true}]}}