{"id":32154,"date":"2021-06-07T07:40:16","date_gmt":"2021-06-07T11:40:16","guid":{"rendered":"http:\/\/blogdalucianaoliveira.com.br\/blog\/?p=32154"},"modified":"2021-06-07T07:40:19","modified_gmt":"2021-06-07T11:40:19","slug":"rondonia-e-o-terceiro-estado-da-amazonia-legal-com-mais-conflitos-no-campo-aponta-estudo","status":"publish","type":"post","link":"http:\/\/blogdalucianaoliveira.com.br\/blog\/2021\/06\/07\/rondonia-e-o-terceiro-estado-da-amazonia-legal-com-mais-conflitos-no-campo-aponta-estudo\/","title":{"rendered":"Rond\u00f4nia \u00e9 o terceiro estado da Amaz\u00f4nia Legal com mais conflitos no campo, aponta estudo"},"content":{"rendered":"\n<figure class=\"wp-block-image size-large\"><img data-recalc-dims=\"1\" loading=\"lazy\" decoding=\"async\" width=\"600\" height=\"416\" data-attachment-id=\"32155\" data-permalink=\"http:\/\/blogdalucianaoliveira.com.br\/blog\/2021\/06\/07\/rondonia-e-o-terceiro-estado-da-amazonia-legal-com-mais-conflitos-no-campo-aponta-estudo\/c12fa8f8-765f-44d3-adac-1602ae79bf26\/\" data-orig-file=\"https:\/\/i0.wp.com\/blogdalucianaoliveira.com.br\/blog\/wp-content\/uploads\/2021\/06\/C12FA8F8-765F-44D3-ADAC-1602AE79BF26.jpeg?fit=889%2C616\" data-orig-size=\"889,616\" data-comments-opened=\"0\" data-image-meta=\"{&quot;aperture&quot;:&quot;0&quot;,&quot;credit&quot;:&quot;&quot;,&quot;camera&quot;:&quot;&quot;,&quot;caption&quot;:&quot;&quot;,&quot;created_timestamp&quot;:&quot;0&quot;,&quot;copyright&quot;:&quot;&quot;,&quot;focal_length&quot;:&quot;0&quot;,&quot;iso&quot;:&quot;0&quot;,&quot;shutter_speed&quot;:&quot;0&quot;,&quot;title&quot;:&quot;&quot;,&quot;orientation&quot;:&quot;0&quot;}\" data-image-title=\"C12FA8F8-765F-44D3-ADAC-1602AE79BF26\" data-image-description=\"\" data-image-caption=\"\" data-medium-file=\"https:\/\/i0.wp.com\/blogdalucianaoliveira.com.br\/blog\/wp-content\/uploads\/2021\/06\/C12FA8F8-765F-44D3-ADAC-1602AE79BF26.jpeg?fit=300%2C208\" data-large-file=\"https:\/\/i0.wp.com\/blogdalucianaoliveira.com.br\/blog\/wp-content\/uploads\/2021\/06\/C12FA8F8-765F-44D3-ADAC-1602AE79BF26.jpeg?fit=600%2C416\" src=\"https:\/\/i0.wp.com\/blogdalucianaoliveira.com.br\/blog\/wp-content\/uploads\/2021\/06\/C12FA8F8-765F-44D3-ADAC-1602AE79BF26.jpeg?resize=600%2C416\" alt=\"\" class=\"wp-image-32155\" srcset=\"https:\/\/i0.wp.com\/blogdalucianaoliveira.com.br\/blog\/wp-content\/uploads\/2021\/06\/C12FA8F8-765F-44D3-ADAC-1602AE79BF26.jpeg?w=889 889w, https:\/\/i0.wp.com\/blogdalucianaoliveira.com.br\/blog\/wp-content\/uploads\/2021\/06\/C12FA8F8-765F-44D3-ADAC-1602AE79BF26.jpeg?resize=300%2C208 300w, https:\/\/i0.wp.com\/blogdalucianaoliveira.com.br\/blog\/wp-content\/uploads\/2021\/06\/C12FA8F8-765F-44D3-ADAC-1602AE79BF26.jpeg?resize=768%2C532 768w, https:\/\/i0.wp.com\/blogdalucianaoliveira.com.br\/blog\/wp-content\/uploads\/2021\/06\/C12FA8F8-765F-44D3-ADAC-1602AE79BF26.jpeg?resize=433%2C300 433w\" sizes=\"auto, (max-width: 600px) 100vw, 600px\" \/><\/figure>\n\n\n\n<h4 class=\"wp-block-heading\">De acordo com a Comiss\u00e3o Pastoral da Terra (CPT), esses conflitos est\u00e3o diretamente ligados \u00e0s invas\u00f5es em Terras Ind\u00edgenas e Unidades de Conserva\u00e7\u00e3o<\/h4>\n\n\n\n<!--more-->\n\n\n\n<p>Por Ja\u00edne Quele Cruz, G1 RO<\/p>\n\n\n\n<p>Rond\u00f4nia \u00e9 o terceiro estado da Amaz\u00f4nia Legal com mais registros de conflitos no campo, segundo dados do Instituto do Homem e Meio Ambiente da Amaz\u00f4nia (Imazon) e da Comiss\u00e3o Pastoral da Terra (CPT).&nbsp;<\/p>\n\n\n\n<p>Ao todo,&nbsp;<strong>o territ\u00f3rio rondoniense acumula 678 ocorr\u00eancias de conflito agr\u00e1rio<\/strong>&nbsp;entre 2010 e 2019. O Maranh\u00e3o ocupa a primeira posi\u00e7\u00e3o no ranking, com 1.684 casos. O Par\u00e1 \u00e9 o segundo, com 963 ocorr\u00eancias, e o \u00fanico dos que possui um banco de dados fundi\u00e1rios.&nbsp;Conflitos agr\u00e1rios na Amaz\u00f4nia LegalDados correspondem ao per\u00edodo de 2010 a 20191.6841.684963963678678Maranh\u00e3oPar\u00e1Rond\u00f4nia0500100015002000Fonte: IMAZON<\/p>\n\n\n\n<p>Segundo o Imazon,\u00a0<strong>2016 foi o ano com mais casos de conflitos no campo em Rond\u00f4nia<\/strong>: foram 146 ocorr\u00eancias. J\u00e1 2017 aparece em segundo lugar, com 91 ocorr\u00eancias de disputa por terra.<\/p>\n\n\n\n<h2 class=\"wp-block-heading\">Invas\u00e3o na Fazenda Nossa Senhora Aparecida<\/h2>\n\n\n\n<p>O caso mais recente de conflito foi a ocupa\u00e7\u00e3o da Fazenda Nossa Senhora Aparecida, pr\u00f3ximo ao limite de Chupinguaia e Corumbiara.&nbsp;<\/p>\n\n\n\n<ul class=\"wp-block-list\"><li><a href=\"https:\/\/g1.globo.com\/ro\/rondonia\/noticia\/2021\/04\/14\/entenda-a-disputa-por-terras-no-sul-de-ro-que-levanta-temor-por-nova-tragedia-25-anos-depois-do-massacre-de-corumbiara.ghtml\">Entenda a disputa por terras no Sul de RO que levanta temor por nova trag\u00e9dia&nbsp;<\/a><\/li><\/ul>\n\n\n\n<p>Por cerca de dez meses, um grupo de fam\u00edlias liderado pela Liga dos Camponeses Pobres (LPC) esteve acampado no local reivindicando direito pela propriedade.&nbsp;<\/p>\n\n\n\n<p>O epis\u00f3dio de Chupinguaia acendeu o alerta sobre novos poss\u00edveis conflitos agr\u00e1rios em Rond\u00f4nia. De acordo com o Imazon, como a maior parte do territ\u00f3rio de Rond\u00f4nia \u00e9 \u00e1rea federal (90%), a regulariza\u00e7\u00e3o fundi\u00e1ria no Estado \u00e9 de responsabilidade da Uni\u00e3o.&nbsp;<\/p>\n\n\n\n<p>H\u00e1 quase 26 anos, a mesma regi\u00e3o do Cone Sul foi marcada pelo&nbsp;<a href=\"http:\/\/g1.globo.com\/ro\/vilhena-e-cone-sul\/noticia\/2015\/08\/massacre-que-matou-12-pessoas-em-corumbiara-ro-completa-20-anos.html\">&#8220;Massacre de Corumbiara&#8221;<\/a>, quando 12 pessoas foram mortas no conflito por terras.&nbsp;<\/p>\n\n\n\n<h2 class=\"wp-block-heading\"><a href=\"http:\/\/g1.globo.com\/ro\/vilhena-e-cone-sul\/fotos\/2015\/08\/fotos-imagens-mostram.html\">FOTOS: Imagens relembram massacre de Corumbiara<\/a><\/h2>\n\n\n\n<h2 class=\"wp-block-heading\">Pastoral da Terra<\/h2>\n\n\n\n<figure class=\"wp-block-image\"><img data-recalc-dims=\"1\" decoding=\"async\" src=\"https:\/\/i0.wp.com\/s03.video.glbimg.com\/x240\/9576450.jpg?w=600&#038;ssl=1\" alt=\"Conflitos agr\u00e1rios em Rond\u00f4nia\"\/><\/figure>\n\n\n\n<p><\/p>\n","protected":false},"excerpt":{"rendered":"<p>De acordo com a Comiss\u00e3o Pastoral da Terra (CPT), esses conflitos est\u00e3o diretamente ligados \u00e0s invas\u00f5es em Terras Ind\u00edgenas e Unidades de Conserva\u00e7\u00e3o<\/p>\n","protected":false},"author":1,"featured_media":0,"comment_status":"closed","ping_status":"open","sticky":false,"template":"","format":"standard","meta":{"_exactmetrics_skip_tracking":false,"_exactmetrics_sitenote_active":false,"_exactmetrics_sitenote_note":"","_exactmetrics_sitenote_category":0,"jetpack_post_was_ever_published":false,"_jetpack_newsletter_access":"","_jetpack_dont_email_post_to_subs":false,"_jetpack_newsletter_tier_id":0,"_jetpack_memberships_contains_paywalled_content":false,"_jetpack_memberships_contains_paid_content":false,"footnotes":"","jetpack_publicize_message":"","jetpack_publicize_feature_enabled":true,"jetpack_social_post_already_shared":true,"jetpack_social_options":{"image_generator_settings":{"template":"highway","enabled":false},"version":2}},"categories":[1],"tags":[],"class_list":["post-32154","post","type-post","status-publish","format-standard","hentry","category-notas"],"jetpack_publicize_connections":[],"jetpack_sharing_enabled":true,"jetpack_featured_media_url":"","jetpack_shortlink":"https:\/\/wp.me\/p7wKYW-8mC","jetpack-related-posts":[],"_links":{"self":[{"href":"http:\/\/blogdalucianaoliveira.com.br\/blog\/wp-json\/wp\/v2\/posts\/32154","targetHints":{"allow":["GET"]}}],"collection":[{"href":"http:\/\/blogdalucianaoliveira.com.br\/blog\/wp-json\/wp\/v2\/posts"}],"about":[{"href":"http:\/\/blogdalucianaoliveira.com.br\/blog\/wp-json\/wp\/v2\/types\/post"}],"author":[{"embeddable":true,"href":"http:\/\/blogdalucianaoliveira.com.br\/blog\/wp-json\/wp\/v2\/users\/1"}],"replies":[{"embeddable":true,"href":"http:\/\/blogdalucianaoliveira.com.br\/blog\/wp-json\/wp\/v2\/comments?post=32154"}],"version-history":[{"count":1,"href":"http:\/\/blogdalucianaoliveira.com.br\/blog\/wp-json\/wp\/v2\/posts\/32154\/revisions"}],"predecessor-version":[{"id":32156,"href":"http:\/\/blogdalucianaoliveira.com.br\/blog\/wp-json\/wp\/v2\/posts\/32154\/revisions\/32156"}],"wp:attachment":[{"href":"http:\/\/blogdalucianaoliveira.com.br\/blog\/wp-json\/wp\/v2\/media?parent=32154"}],"wp:term":[{"taxonomy":"category","embeddable":true,"href":"http:\/\/blogdalucianaoliveira.com.br\/blog\/wp-json\/wp\/v2\/categories?post=32154"},{"taxonomy":"post_tag","embeddable":true,"href":"http:\/\/blogdalucianaoliveira.com.br\/blog\/wp-json\/wp\/v2\/tags?post=32154"}],"curies":[{"name":"wp","href":"https:\/\/api.w.org\/{rel}","templated":true}]}}