{"id":32157,"date":"2021-06-07T07:50:54","date_gmt":"2021-06-07T11:50:54","guid":{"rendered":"http:\/\/blogdalucianaoliveira.com.br\/blog\/?p=32157"},"modified":"2021-06-07T07:50:57","modified_gmt":"2021-06-07T11:50:57","slug":"do-imperio-aos-dias-de-hoje-como-a-liberdade-de-imprensa-e-atacada-no-pais","status":"publish","type":"post","link":"http:\/\/blogdalucianaoliveira.com.br\/blog\/2021\/06\/07\/do-imperio-aos-dias-de-hoje-como-a-liberdade-de-imprensa-e-atacada-no-pais\/","title":{"rendered":"Do Imp\u00e9rio aos dias de hoje: como a liberdade de imprensa \u00e9 atacada no pa\u00eds"},"content":{"rendered":"\n<figure class=\"wp-block-image size-large\"><img data-recalc-dims=\"1\" loading=\"lazy\" decoding=\"async\" width=\"600\" height=\"414\" data-attachment-id=\"32158\" data-permalink=\"http:\/\/blogdalucianaoliveira.com.br\/blog\/2021\/06\/07\/do-imperio-aos-dias-de-hoje-como-a-liberdade-de-imprensa-e-atacada-no-pais\/b8ef71c8-54a6-4cc3-922c-de6e92ccd518\/\" data-orig-file=\"https:\/\/i0.wp.com\/blogdalucianaoliveira.com.br\/blog\/wp-content\/uploads\/2021\/06\/B8EF71C8-54A6-4CC3-922C-DE6E92CCD518.jpeg?fit=753%2C519\" data-orig-size=\"753,519\" data-comments-opened=\"0\" data-image-meta=\"{&quot;aperture&quot;:&quot;0&quot;,&quot;credit&quot;:&quot;&quot;,&quot;camera&quot;:&quot;&quot;,&quot;caption&quot;:&quot;&quot;,&quot;created_timestamp&quot;:&quot;0&quot;,&quot;copyright&quot;:&quot;&quot;,&quot;focal_length&quot;:&quot;0&quot;,&quot;iso&quot;:&quot;0&quot;,&quot;shutter_speed&quot;:&quot;0&quot;,&quot;title&quot;:&quot;&quot;,&quot;orientation&quot;:&quot;1&quot;}\" data-image-title=\"B8EF71C8-54A6-4CC3-922C-DE6E92CCD518\" data-image-description=\"\" data-image-caption=\"\" data-medium-file=\"https:\/\/i0.wp.com\/blogdalucianaoliveira.com.br\/blog\/wp-content\/uploads\/2021\/06\/B8EF71C8-54A6-4CC3-922C-DE6E92CCD518.jpeg?fit=300%2C207\" data-large-file=\"https:\/\/i0.wp.com\/blogdalucianaoliveira.com.br\/blog\/wp-content\/uploads\/2021\/06\/B8EF71C8-54A6-4CC3-922C-DE6E92CCD518.jpeg?fit=600%2C414\" src=\"https:\/\/i0.wp.com\/blogdalucianaoliveira.com.br\/blog\/wp-content\/uploads\/2021\/06\/B8EF71C8-54A6-4CC3-922C-DE6E92CCD518.jpeg?resize=600%2C414\" alt=\"\" class=\"wp-image-32158\" srcset=\"https:\/\/i0.wp.com\/blogdalucianaoliveira.com.br\/blog\/wp-content\/uploads\/2021\/06\/B8EF71C8-54A6-4CC3-922C-DE6E92CCD518.jpeg?w=753 753w, https:\/\/i0.wp.com\/blogdalucianaoliveira.com.br\/blog\/wp-content\/uploads\/2021\/06\/B8EF71C8-54A6-4CC3-922C-DE6E92CCD518.jpeg?resize=300%2C207 300w, https:\/\/i0.wp.com\/blogdalucianaoliveira.com.br\/blog\/wp-content\/uploads\/2021\/06\/B8EF71C8-54A6-4CC3-922C-DE6E92CCD518.jpeg?resize=435%2C300 435w\" sizes=\"auto, (max-width: 600px) 100vw, 600px\" \/><\/figure>\n\n\n\n<p><br><\/p>\n\n\n\n<p><strong>Murilo Matias, Colabora\u00e7\u00e3o para o UOL<\/strong> &#8211; Bombas em reda\u00e7\u00e3o, censura a reportagens, amea\u00e7a e assassinato de jornalistas, persegui\u00e7\u00e3o a publica\u00e7\u00f5es. Desde o come\u00e7o da exist\u00eancia da imprensa no Brasil, os obst\u00e1culos enfrentados para o livre exerc\u00edcio da atividade revelam epis\u00f3dios de profunda viol\u00eancia e intimida\u00e7\u00e3o, muitos deles registrados e revisitados por obras e autores que tratam do tema sob diversas perspectivas e em diferentes momentos da hist\u00f3ria nacional. No Dia Nacional da Liberdade de Imprensa, relembramos o hist\u00f3rico de ataques \u00e0 liberdade dos profissionais.<\/p>\n\n\n\n<!--more-->\n\n\n\n<p>&#8220;Durante o per\u00edodo de Dom Jo\u00e3o 6\u00ba, s\u00f3 se admitia a imprensa r\u00e9gia, isto \u00e9, meios de comunica\u00e7\u00e3o que estavam sob as asas do rei. O Correio Braziliense vai surgir justamente fora do Brasil. Hip\u00f3lito da Costa ter\u00e1 que editar o jornal no exterior e embarc\u00e1-lo de modo furtivo para chegar at\u00e9 aqui&#8221;, relembra o professor de comunica\u00e7\u00e3o da UFSC Rog\u00e9rio Christofoletti, integrante do Observat\u00f3rio da \u00c9tica Jornal\u00edstica (Objethos).<\/p>\n\n\n\n<p>Per\u00edodos autorit\u00e1rios, ali\u00e1s, s\u00e3o campo f\u00e9rtil para embates entre o poder constitu\u00eddo e a liberdade de imprensa. Excluindo os meios que se tornaram aliados de governos ditatoriais, durante o regime militar, por exemplo, in\u00fameros ve\u00edculos foram submetidos a um padr\u00e3o de cerceamento de conte\u00fados a partir da presen\u00e7a de militares nas reda\u00e7\u00f5es e graves casos de viola\u00e7\u00e3o de direitos humanos, incluindo torturas e pris\u00f5es ilegais.<\/p>\n\n\n\n<p>Alguns momentos s\u00e3o simb\u00f3licos dessa era: as receitas de bolo e poemas de Cam\u00f5es publicados pelo Estad\u00e3o a fim de denunciar a censura; os atentados a bomba a reda\u00e7\u00f5es, como o ocorrido na sede do Pasquim e no \u00daltima Hora, e em bancas que vendiam material classificado como subversivo pelas autoridades; e o assassinato do jornalista Vladimir Herzog, nas instala\u00e7\u00f5es do DOI-Codi (Destacamento de Opera\u00e7\u00f5es de Informa\u00e7\u00e3o &#8211; Centro de Opera\u00e7\u00f5es de Defesa Interna) \u2014local de repress\u00e3o da ditadura em S\u00e3o Paulo.<\/p>\n\n\n\n<p>Retomada a democracia no final dos anos 1980, a liberdade de imprensa passou a ser garantida pela Constitui\u00e7\u00e3o de 1988, conforme o artigo 220: &#8220;A manifesta\u00e7\u00e3o do pensamento, a cria\u00e7\u00e3o, a express\u00e3o e a informa\u00e7\u00e3o, sob qualquer forma, processo ou ve\u00edculo n\u00e3o sofrer\u00e3o qualquer restri\u00e7\u00e3o&#8221;.<\/p>\n\n\n\n<p>A aprova\u00e7\u00e3o da Lei de Acesso \u00e0 Informa\u00e7\u00e3o, em 2011, obrigou \u00f3rg\u00e3os p\u00fablicos a transparecer seus dados e responder a demandas cidad\u00e3s, colocando-se como mais um cap\u00edtulo de avan\u00e7o democr\u00e1tico conquistado pela mobiliza\u00e7\u00e3o popular.<\/p>\n\n\n\n<p>Apesar da amplia\u00e7\u00e3o de direitos na \u00faltima d\u00e9cada, segundo a ONG Rep\u00f3rter sem Fronteiras, 139 jornalistas foram assassinados na Am\u00e9rica Latina, sendo o Brasil um dos l\u00edderes no ranking. Al\u00e9m da pouca prote\u00e7\u00e3o junto a esferas judiciais e policiais, profissionais est\u00e3o expostos a campanhas difamat\u00f3rias e ass\u00e9dio. &#8220;O presidente pessoalmente xingou e hostilizou rep\u00f3rteres publicamente, humilhou jornalistas em diversas situa\u00e7\u00f5es&#8221;, relembra o professor&nbsp;Christofoletti.<\/p>\n\n\n\n<p>Grupos criminosos e milicianos tamb\u00e9m s\u00e3o vetores de terror, inserindo-se nesse contexto o assassinato do rep\u00f3rter Tim Lopes, em 2002, por criminosos do Complexo do Alem\u00e3o, quando fazia uma reportagem sobre a realiza\u00e7\u00e3o de bailes&nbsp;<a href=\"https:\/\/www.uol.com.br\/splash\/musica\/funk\/\">funk<\/a>&nbsp;com explora\u00e7\u00e3o sexual de menores de idade, e as torturas sofridas por tr\u00eas profissionais do jornal O Dia, descobertos quando apuravam material sobre a atua\u00e7\u00e3o de um grupo de milicianos em uma favela em Realengo, no Rio.<\/p>\n\n\n\n<p>Paula M\u00e1iran, ex-presidenta do Sindicato dos Jornalistas do Rio de Janeiro, ressalta:<\/p>\n\n\n\n<p>Historicamente o Brasil tem se destacado por casos de amea\u00e7a, intimida\u00e7\u00e3o ou cerceamento contra jornalistas. Em 2013, iniciamos o monitoramento da viol\u00eancia contra jornalistas, que se acentuou a partir daquele ano, com profissionais sendo atacados nas manifesta\u00e7\u00f5es. Outro ponto importante \u00e9 tratar da viol\u00eancia do Estado contra comunicadores populares, criminaliza\u00e7\u00e3o das r\u00e1dios comunit\u00e1rias alto risco dos comunicadores das favelas.<\/p>\n\n\n\n<p>Para al\u00e9m de todos os riscos envolvendo a imprensa e seus profissionais, novas discuss\u00f5es sobre a invisibiliza\u00e7\u00e3o de grupos e assuntos, a reduzida presen\u00e7a de jornalistas negros e ind\u00edgenas nas Reda\u00e7\u00f5es e a hegemonia econ\u00f4mica de grupos empresariais ganham a aten\u00e7\u00e3o de trabalhadores da \u00e1rea e p\u00fablico em geral.<\/p>\n\n\n\n<p>\u00c9 poss\u00edvel a liberdade de imprensa se concretizar em um ambiente que despreza a necessidade de renova\u00e7\u00e3o dos espa\u00e7os midi\u00e1ticos no que diz respeito a seus recursos humanos e a diversidade de pautas? Veja livros que tratam sobre a tem\u00e1tica:<\/p>\n\n\n\n<p>Veja livros que tratam sobre a tem\u00e1tica:<\/p>\n\n\n\n<figure class=\"wp-block-image\"><img data-recalc-dims=\"1\" decoding=\"async\" src=\"https:\/\/i0.wp.com\/conteudo-imguol-com-br.cdn.ampproject.org\/i\/s\/conteudo.imguol.com.br\/c\/noticias\/62\/2021\/06\/03\/quarto-poder---paulo-henrique-amorim-1622736072724_v2_450x1.png?w=600&#038;ssl=1\" alt=\"Quarto Poder - Paulo Henrique Amorim - Divulga\u00e7\u00e3o\/Amazon\"\/><figcaption>Quarto Poder &#8211; Paulo Henrique Amorim&nbsp;Imagem: Divulga\u00e7\u00e3o\/Amazon<\/figcaption><\/figure>\n\n\n\n<h3 class=\"wp-block-heading\"><strong>Quarto Poder &#8211; Paulo Henrique Amorim<\/strong><\/h3>\n\n\n\n<p>Pre\u00e7o: R$ 75,24<a href=\"https:\/\/amzn.to\/3uO9pgC\" rel=\"noreferrer noopener\" target=\"_blank\">COMPRAR<\/a><\/p>\n\n\n\n<p>O renomado jornalista Paulo Henrique Amorim, morto em 2018, narra parte de suas experi\u00eancias revelando a controversa rela\u00e7\u00e3o entre o interesse jornal\u00edstico e o enquadramento desejado pelos detentores do poder econ\u00f4mico. Em linguagem acess\u00edvel, PHA conta eventos do cotidiano em seu biogr\u00e1fico &#8220;Quarto Poder&#8221;, t\u00edtulo cujo conceito remete \u00e0 imprensa como mais uma esfera de influ\u00eancia social, compar\u00e1vel ao Judici\u00e1rio, Legislativo e Executivo.<\/p>\n\n\n\n<figure class=\"wp-block-image\"><img data-recalc-dims=\"1\" decoding=\"async\" src=\"https:\/\/i0.wp.com\/conteudo-imguol-com-br.cdn.ampproject.org\/i\/s\/conteudo.imguol.com.br\/c\/noticias\/4e\/2021\/06\/03\/maquina-do-odio---patricia-campos-mello-1622735432354_v2_450x1.png?w=600&#038;ssl=1\" alt=\"A M\u00e1quina do \u00d3dio - Patr\u00edcia Campos Mello - Divulga\u00e7\u00e3o\/Amazon\"\/><figcaption>A M\u00e1quina do \u00d3dio &#8211; Patr\u00edcia Campos Mello&nbsp;Imagem: Divulga\u00e7\u00e3o\/Amazon<\/figcaption><\/figure>\n\n\n\n<h3 class=\"wp-block-heading\"><strong>A M\u00e1quina do \u00d3dio &#8211; Patr\u00edcia Campos Mello<\/strong><\/h3>\n\n\n\n<p>Pre\u00e7o: R$ 25,49<a href=\"https:\/\/amzn.to\/3g8vsJs\" rel=\"noreferrer noopener\" target=\"_blank\">COMPRAR<\/a><\/p>\n\n\n\n<p>O relato da jornalista Patr\u00edcia Campos Mello traz \u00e0 tona a pr\u00e1tica do linchamento virtual, a\u00e7\u00e3o realizada nas redes sociais por rob\u00f4s e redes coordenadas pelo chamado &#8220;Gabinete do \u00d3dio&#8221;, acionado quando profissionais criticam ou denunciam casos de corrup\u00e7\u00e3o relacionados a figuras p\u00fablicas afins dessas mil\u00edcias digitais.<\/p>\n\n\n\n<p>No caso de Patr\u00edcia a hostilidade decorre das reportagens produzidas pela profissional sobre o disparos em massa no WhatsApp \u2014e outras redes\u2014 de not\u00edcias falsas, a maior parte delas em benef\u00edcio do ent\u00e3o candidato&nbsp;<a href=\"https:\/\/noticias.uol.com.br\/politica\/governo-bolsonaro\/\">Jair Bolsonaro<\/a>.<\/p>\n\n\n\n<figure class=\"wp-block-image\"><img data-recalc-dims=\"1\" decoding=\"async\" src=\"https:\/\/i0.wp.com\/conteudo-imguol-com-br.cdn.ampproject.org\/i\/s\/conteudo.imguol.com.br\/c\/noticias\/ca\/2021\/06\/03\/imprensa-negra-no-brasil-do-seculo-xix---ana-flavia-magalhaes-pinto-1622735468281_v2_450x1.png?w=600&#038;ssl=1\" alt=\"Imprensa negra no Brasil do s\u00e9culo XIX - Ana Fl\u00e1via Magalh\u00e3es Pinto - Divulga\u00e7\u00e3o\/Amazon\"\/><figcaption>Imprensa Negra no Brasil do S\u00e9culo XIX &#8211; Ana Fl\u00e1via Magalh\u00e3es Pinto&nbsp;Imagem: Divulga\u00e7\u00e3o\/Amazon<\/figcaption><\/figure>\n\n\n\n<h3 class=\"wp-block-heading\"><strong>Imprensa Negra no Brasil do S\u00e9culo XIX &#8211; Ana Fl\u00e1via Magalh\u00e3es Pinto<\/strong><\/h3>\n\n\n\n<p>Pre\u00e7o: R$ 20,86<a href=\"https:\/\/amzn.to\/3pfmLRU\" rel=\"noreferrer noopener\" target=\"_blank\">COMPRAR<\/a><\/p>\n\n\n\n<p>O t\u00edtulo destaca a trajet\u00f3ria de negros e negras que, superando o persistente cen\u00e1rio de discrimina\u00e7\u00e3o racial, ocuparam espa\u00e7os jornal\u00edsticos pautando temas de enfrentamento ao racismo, desenvolvimento da cidadania e da cr\u00edtica social durante o s\u00e9culo 19. A pouca pluralidade das Reda\u00e7\u00f5es j\u00e1 era denunciada \u00e0 \u00e9poca e surge como etapa fundamental para a liberdade de imprensa exercida por diferentes grupos sociais e raciais.<\/p>\n\n\n\n<figure class=\"wp-block-image\"><img data-recalc-dims=\"1\" decoding=\"async\" src=\"https:\/\/i0.wp.com\/conteudo-imguol-com-br.cdn.ampproject.org\/i\/s\/conteudo.imguol.com.br\/c\/noticias\/1c\/2021\/06\/03\/narcoditadura---percival-de-souza-1622735501868_v2_450x1.png?w=600&#038;ssl=1\" alt=\"Narcoditadura - Percival de Souza - Divulga\u00e7\u00e3o\/Amazon\"\/><figcaption>Narcoditadura &#8211; Percival de Souza&nbsp;Imagem: Divulga\u00e7\u00e3o\/Amazon<\/figcaption><\/figure>\n\n\n\n<h3 class=\"wp-block-heading\"><strong>Narcoditadura &#8211; Percival de Souza<\/strong><\/h3>\n\n\n\n<p>Pre\u00e7o: R$ 32,82<a href=\"https:\/\/amzn.to\/3pjKkco\" rel=\"noreferrer noopener\" target=\"_blank\">COMPRAR<\/a><\/p>\n\n\n\n<p>J\u00e1 se v\u00e3o quase duas d\u00e9cadas do brutal assassinato do jornalista Tim Lopes, no Rio de Janeiro, no ano de 2002. Torturado e morto por criminosos que dominavam a regi\u00e3o do Complexo do Alem\u00e3o, o profissional realizava uma reportagem investigativa a respeito do tr\u00e1fico de drogas e do aliciamento de menores para fins de explora\u00e7\u00e3o sexual. O caso \u00e9 um dos mais emblem\u00e1ticos registros de viol\u00eancia contra um trabalhador da imprensa na hist\u00f3ria do Brasil.<\/p>\n\n\n\n<figure class=\"wp-block-image\"><img data-recalc-dims=\"1\" decoding=\"async\" src=\"https:\/\/i0.wp.com\/conteudo-imguol-com-br.cdn.ampproject.org\/i\/s\/conteudo.imguol.com.br\/c\/noticias\/3f\/2021\/06\/03\/ultima-hora-a-como-ela-era---pinheiro-junior-1622736166155_v2_450x1.png?w=600&#038;ssl=1\" alt=\"Ultima Hora, A (como Ela Era) - Pinheiro Junior - Divulga\u00e7\u00e3o\/Amazon\"\/><figcaption>Ultima Hora, A (como Ela Era) &#8211; Pinheiro Junior&nbsp;Imagem: Divulga\u00e7\u00e3o\/Amazon<\/figcaption><\/figure>\n\n\n\n<h3 class=\"wp-block-heading\"><strong>Ultima Hora, A (como Ela Era) &#8211; Pinheiro Junior<\/strong><\/h3>\n\n\n\n<p>Pre\u00e7o: R$ 33,00<a href=\"https:\/\/amzn.to\/2SO900h\" rel=\"noreferrer noopener\" target=\"_blank\">COMPRAR<\/a><\/p>\n\n\n\n<p>Escrito por um ex-rep\u00f3rter do jornal, o livro conta parte da hist\u00f3ria de uma das mais importantes publica\u00e7\u00f5es brasileiras do s\u00e9culo passado. A \u00daltima Hora foi perseguida pelo regime militar, tendo suas sedes invadidas, depredadas e sendo sufocada economicamente at\u00e9 mudar radicalmente sua linha editorial ante a sa\u00edda do fundador Samuel Wainer.<\/p>\n\n\n\n<figure class=\"wp-block-image\"><img data-recalc-dims=\"1\" decoding=\"async\" src=\"https:\/\/i0.wp.com\/conteudo-imguol-com-br.cdn.ampproject.org\/i\/s\/conteudo.imguol.com.br\/c\/noticias\/5b\/2021\/06\/03\/narracao-do-fato-notas-para-uma-teoria-do-acontecimento---muniz-sodre-1622735561793_v2_450x1.png?w=600&#038;ssl=1\" alt=\"Narra\u00e7\u00e3o do Fato: Notas para uma teoria do acontecimento - Muniz Sodr\u00e9 - Divulga\u00e7\u00e3o\/Amazon\"\/><figcaption>A Narra\u00e7\u00e3o do Fato: Notas para uma Teoria do Acontecimento &#8211; Muniz Sodr\u00e9&nbsp;Imagem: Divulga\u00e7\u00e3o\/Amazon<\/figcaption><\/figure>\n\n\n\n<h3 class=\"wp-block-heading\"><strong>A Narra\u00e7\u00e3o do Fato: Notas para uma Teoria do Acontecimento &#8211; Muniz Sodr\u00e9<\/strong><\/h3>\n\n\n\n<p>Pre\u00e7o: R$ 296,00<a href=\"https:\/\/amzn.to\/34JxXg1\" rel=\"noreferrer noopener\" target=\"_blank\">COMPRAR<\/a><\/p>\n\n\n\n<p>Aos interessados pelas atividades da imprensa, o t\u00edtulo \u00e9 uma oportunidade para conhecer as t\u00e9cnicas empregadas pelos profissionais nos mais diferentes meios e plataformas. Discuss\u00f5es sobre formas de constru\u00e7\u00e3o da not\u00edcia e enquadramento dos fatos tamb\u00e9m s\u00e3o contextualizadas por um dos mais respeitados estudiosos do campo no Brasil.<\/p>\n\n\n\n<figure class=\"wp-block-image\"><img data-recalc-dims=\"1\" decoding=\"async\" src=\"https:\/\/i0.wp.com\/conteudo-imguol-com-br.cdn.ampproject.org\/i\/s\/conteudo.imguol.com.br\/c\/noticias\/af\/2021\/06\/03\/pasquim---volume-2---varios-autores-1622735599428_v2_450x1.png?w=600&#038;ssl=1\" alt=\"Pasquim - Volume 2 - V\u00e1rios Autores - Divulga\u00e7\u00e3o\/Amazon\"\/><figcaption>O Pasquim &#8211; Volume 2 &#8211; V\u00e1rios Autores&nbsp;Imagem: Divulga\u00e7\u00e3o\/Amazon<\/figcaption><\/figure>\n\n\n\n<h3 class=\"wp-block-heading\"><strong>O Pasquim &#8211; Volume 2 &#8211; V\u00e1rios Autores<\/strong><\/h3>\n\n\n\n<p>Pre\u00e7o: R$ 17,77<a href=\"https:\/\/amzn.to\/3vNHfDz\" rel=\"noreferrer noopener\" target=\"_blank\">COMPRAR<\/a><\/p>\n\n\n\n<p>Outra publica\u00e7\u00e3o ic\u00f4nica da imprensa brasileira, as p\u00e1ginas do Pasquim s\u00e3o rememoradas com a reuni\u00e3o de textos, entrevistas, ilustra\u00e7\u00f5es, cr\u00edticas publicados entre 1982 e 1973. A resist\u00eancia \u00e0 ditadura atrav\u00e9s de uma linguagem arrojada e a presen\u00e7a de conceituados profissionais al\u00e7am o peri\u00f3dico ao patamar das inesquec\u00edveis produ\u00e7\u00f5es nacionais.<\/p>\n\n\n\n<figure class=\"wp-block-image\"><img data-recalc-dims=\"1\" decoding=\"async\" src=\"https:\/\/i0.wp.com\/conteudo-imguol-com-br.cdn.ampproject.org\/i\/s\/conteudo.imguol.com.br\/c\/noticias\/ef\/2021\/06\/03\/cale-a-boca-jornalista---fernando-jorge-1622736278340_v2_450x1.png?w=600&#038;ssl=1\" alt=\"Cale a boca jornalista - Fernando Jorge - Divulga\u00e7\u00e3o\/Amazon\"\/><figcaption>Cale a Boca, Jornalista &#8211; Fernando Jorge&nbsp;Imagem: Divulga\u00e7\u00e3o\/Amazon<\/figcaption><\/figure>\n\n\n\n<h3 class=\"wp-block-heading\"><strong>Cale a Boca, Jornalista &#8211; Fernando Jorge<\/strong><\/h3>\n\n\n\n<p><strong>Pre\u00e7o: R$ 25,90<\/strong><a href=\"https:\/\/amzn.to\/3wTzZpR\" rel=\"noreferrer noopener\" target=\"_blank\">COMPRAR<\/a><\/p>\n\n\n\n<p>O livro repercute viola\u00e7\u00f5es \u00e0 liberdade de imprensa desde o per\u00edodo imperial at\u00e9 anos mais recentes, contextualizando epis\u00f3dios que sintetizam o n\u00edvel de vulnerabilidade de profissionais independentes e tamb\u00e9m dos profissionais ligados aos grandes meios de comunica\u00e7\u00e3o, al\u00e9m de \u00f3rg\u00e3os oficiais.<\/p>\n\n\n\n<figure class=\"wp-block-image\"><img data-recalc-dims=\"1\" decoding=\"async\" src=\"https:\/\/i0.wp.com\/conteudo-imguol-com-br.cdn.ampproject.org\/i\/s\/conteudo.imguol.com.br\/c\/noticias\/86\/2021\/06\/03\/racismo-linguistico-os-subterraneos-da-linguagem-e-do-racismo---gabriel-nascimento-1622736387917_v2_450x1.png?w=600&#038;ssl=1\" alt=\"Racismo lingu\u00edstico: os subterr\u00e2neos da linguagem e do racismo - Gabriel Nascimento - Divulga\u00e7\u00e3o\/Amazon\"\/><figcaption>Racismo Lingu\u00edstico: Os Subterr\u00e2neos da Linguagem e do Racismo &#8211; Gabriel Nascimento&nbsp;Imagem: Divulga\u00e7\u00e3o\/Amazon<\/figcaption><\/figure>\n\n\n\n<h3 class=\"wp-block-heading\"><strong>Racismo Lingu\u00edstico: Os Subterr\u00e2neos da Linguagem e do Racismo &#8211; Gabriel Nascimento<\/strong><\/h3>\n\n\n\n<p>Pre\u00e7o: R$ 27,55<a href=\"https:\/\/amzn.to\/2RlGOl6\" rel=\"noreferrer noopener\" target=\"_blank\">COMPRAR<\/a><\/p>\n\n\n\n<p>A revis\u00e3o da linguagem, mat\u00e9ria-prima da imprensa, pode ampliar o conceito de liberdade acompanhado da inclus\u00e3o de grupos historicamente ausentes da produ\u00e7\u00e3o de conte\u00fado e marginalizados ou estigmatizados pela cobertura midi\u00e1tica. O racismo revela-se forma de censura e viola\u00e7\u00e3o ainda presentes nos meios de comunica\u00e7\u00e3o nacionais.<\/p>\n\n\n\n<figure class=\"wp-block-image\"><img data-recalc-dims=\"1\" decoding=\"async\" src=\"https:\/\/i0.wp.com\/conteudo-imguol-com-br.cdn.ampproject.org\/i\/s\/conteudo.imguol.com.br\/c\/noticias\/fc\/2021\/06\/03\/jornalismo-popular---marcia-franz-amaral-1622736456977_v2_450x1.png?w=600&#038;ssl=1\" alt=\"Jornalismo popular - M\u00e1rcia Franz Amaral - Divulga\u00e7\u00e3o\/Amazon\"\/><figcaption>Jornalismo Popular &#8211; M\u00e1rcia Franz Amaral&nbsp;Imagem: Divulga\u00e7\u00e3o\/Amazon<\/figcaption><\/figure>\n\n\n\n<h3 class=\"wp-block-heading\"><strong>Jornalismo Popular &#8211; M\u00e1rcia Franz Amaral<\/strong><\/h3>\n\n\n\n<p>Pre\u00e7o: R$ 39,90<a href=\"https:\/\/amzn.to\/3fIQOOB\" rel=\"noreferrer noopener\" target=\"_blank\">COMPRAR<\/a><\/p>\n\n\n\n<p>A circula\u00e7\u00e3o de publica\u00e7\u00f5es populares de qualidade renova a import\u00e2ncia da liberdade de imprensa como um bem p\u00fablico, de benef\u00edcio de toda a sociedade. Quem tamb\u00e9m se beneficia \u00e9 o jornalismo em seu contato com as massas sem recorrer a exageros ou mentiras para se comunicar de maneira eficiente e honesta.<\/p>\n\n\n\n<p>Est\u00e1 chegando o&nbsp;<a href=\"https:\/\/amzn.to\/3pfaUDk\">Prime Day,<\/a>&nbsp;evento especial da Amazon que acontece nos dias 21 e 22 de junho, com milhares de produtos com descontos incr\u00edveis. Para ter acesso \u00e0s promo\u00e7\u00f5es do evento voc\u00ea&nbsp;<a href=\"https:\/\/amzn.to\/3gAkSL7\">s\u00f3 precisa assinar o Amazon Prime<\/a>. O primeiro m\u00eas tem teste gr\u00e1tis e depois custa apenas R$ 9,90. Voc\u00ea tem entrega gratuita e r\u00e1pida para diversas compras em qualquer lugar do Brasil e acesso a milhares de livros, m\u00fasicas,&nbsp;<a href=\"https:\/\/www.uol.com.br\/splash\/series\/\">s\u00e9ries<\/a>&nbsp;e&nbsp;<a href=\"https:\/\/www.uol.com.br\/splash\/filmes\/\">filmes<\/a>.<\/p>\n","protected":false},"excerpt":{"rendered":"<p>Murilo Matias, Colabora\u00e7\u00e3o para o UOL &#8211; Bombas em reda\u00e7\u00e3o, censura a reportagens, amea\u00e7a e assassinato de jornalistas, persegui\u00e7\u00e3o a publica\u00e7\u00f5es. Desde o come\u00e7o da exist\u00eancia da imprensa no Brasil, os obst\u00e1culos enfrentados para o livre exerc\u00edcio da atividade revelam epis\u00f3dios de profunda viol\u00eancia e intimida\u00e7\u00e3o, muitos deles registrados e revisitados por obras e autores&#8230;<a class=\"more-link\" href=\"http:\/\/blogdalucianaoliveira.com.br\/blog\/2021\/06\/07\/do-imperio-aos-dias-de-hoje-como-a-liberdade-de-imprensa-e-atacada-no-pais\/\">Continue a leitura <span class=\"meta-nav\">&raquo;<\/span><\/a><\/p>\n","protected":false},"author":1,"featured_media":0,"comment_status":"closed","ping_status":"open","sticky":false,"template":"","format":"standard","meta":{"_exactmetrics_skip_tracking":false,"_exactmetrics_sitenote_active":false,"_exactmetrics_sitenote_note":"","_exactmetrics_sitenote_category":0,"jetpack_post_was_ever_published":false,"_jetpack_newsletter_access":"","_jetpack_dont_email_post_to_subs":false,"_jetpack_newsletter_tier_id":0,"_jetpack_memberships_contains_paywalled_content":false,"_jetpack_memberships_contains_paid_content":false,"footnotes":"","jetpack_publicize_message":"","jetpack_publicize_feature_enabled":true,"jetpack_social_post_already_shared":true,"jetpack_social_options":{"image_generator_settings":{"template":"highway","enabled":false},"version":2}},"categories":[1],"tags":[],"class_list":["post-32157","post","type-post","status-publish","format-standard","hentry","category-notas"],"jetpack_publicize_connections":[],"jetpack_sharing_enabled":true,"jetpack_featured_media_url":"","jetpack_shortlink":"https:\/\/wp.me\/p7wKYW-8mF","jetpack-related-posts":[],"_links":{"self":[{"href":"http:\/\/blogdalucianaoliveira.com.br\/blog\/wp-json\/wp\/v2\/posts\/32157","targetHints":{"allow":["GET"]}}],"collection":[{"href":"http:\/\/blogdalucianaoliveira.com.br\/blog\/wp-json\/wp\/v2\/posts"}],"about":[{"href":"http:\/\/blogdalucianaoliveira.com.br\/blog\/wp-json\/wp\/v2\/types\/post"}],"author":[{"embeddable":true,"href":"http:\/\/blogdalucianaoliveira.com.br\/blog\/wp-json\/wp\/v2\/users\/1"}],"replies":[{"embeddable":true,"href":"http:\/\/blogdalucianaoliveira.com.br\/blog\/wp-json\/wp\/v2\/comments?post=32157"}],"version-history":[{"count":1,"href":"http:\/\/blogdalucianaoliveira.com.br\/blog\/wp-json\/wp\/v2\/posts\/32157\/revisions"}],"predecessor-version":[{"id":32159,"href":"http:\/\/blogdalucianaoliveira.com.br\/blog\/wp-json\/wp\/v2\/posts\/32157\/revisions\/32159"}],"wp:attachment":[{"href":"http:\/\/blogdalucianaoliveira.com.br\/blog\/wp-json\/wp\/v2\/media?parent=32157"}],"wp:term":[{"taxonomy":"category","embeddable":true,"href":"http:\/\/blogdalucianaoliveira.com.br\/blog\/wp-json\/wp\/v2\/categories?post=32157"},{"taxonomy":"post_tag","embeddable":true,"href":"http:\/\/blogdalucianaoliveira.com.br\/blog\/wp-json\/wp\/v2\/tags?post=32157"}],"curies":[{"name":"wp","href":"https:\/\/api.w.org\/{rel}","templated":true}]}}