{"id":32161,"date":"2021-06-07T20:56:44","date_gmt":"2021-06-08T00:56:44","guid":{"rendered":"http:\/\/blogdalucianaoliveira.com.br\/blog\/?p=32161"},"modified":"2021-06-07T20:56:47","modified_gmt":"2021-06-08T00:56:47","slug":"abrapo-realiza-curso-de-direito-agrario","status":"publish","type":"post","link":"http:\/\/blogdalucianaoliveira.com.br\/blog\/2021\/06\/07\/abrapo-realiza-curso-de-direito-agrario\/","title":{"rendered":"ABRAPO realiza curso de Direito Agr\u00e1rio"},"content":{"rendered":"\n<figure class=\"wp-block-image size-large\"><img loading=\"lazy\" decoding=\"async\" width=\"1065\" height=\"1065\" data-attachment-id=\"32162\" data-permalink=\"http:\/\/blogdalucianaoliveira.com.br\/blog\/2021\/06\/07\/abrapo-realiza-curso-de-direito-agrario\/dd32590e-9ac4-43cc-8257-ca433deeeaeb\/\" data-orig-file=\"https:\/\/i0.wp.com\/blogdalucianaoliveira.com.br\/blog\/wp-content\/uploads\/2021\/06\/DD32590E-9AC4-43CC-8257-CA433DEEEAEB.jpeg?fit=1065%2C1065\" data-orig-size=\"1065,1065\" data-comments-opened=\"0\" data-image-meta=\"{&quot;aperture&quot;:&quot;0&quot;,&quot;credit&quot;:&quot;&quot;,&quot;camera&quot;:&quot;&quot;,&quot;caption&quot;:&quot;&quot;,&quot;created_timestamp&quot;:&quot;0&quot;,&quot;copyright&quot;:&quot;&quot;,&quot;focal_length&quot;:&quot;0&quot;,&quot;iso&quot;:&quot;0&quot;,&quot;shutter_speed&quot;:&quot;0&quot;,&quot;title&quot;:&quot;&quot;,&quot;orientation&quot;:&quot;0&quot;}\" data-image-title=\"DD32590E-9AC4-43CC-8257-CA433DEEEAEB\" data-image-description=\"\" data-image-caption=\"\" data-medium-file=\"https:\/\/i0.wp.com\/blogdalucianaoliveira.com.br\/blog\/wp-content\/uploads\/2021\/06\/DD32590E-9AC4-43CC-8257-CA433DEEEAEB.jpeg?fit=300%2C300\" data-large-file=\"https:\/\/i0.wp.com\/blogdalucianaoliveira.com.br\/blog\/wp-content\/uploads\/2021\/06\/DD32590E-9AC4-43CC-8257-CA433DEEEAEB.jpeg?fit=600%2C600\" src=\"https:\/\/i1.wp.com\/blogdalucianaoliveira.com.br\/blog\/wp-content\/uploads\/2021\/06\/DD32590E-9AC4-43CC-8257-CA433DEEEAEB.jpeg?fit=600%2C600\" alt=\"\" class=\"wp-image-32162\" srcset=\"https:\/\/i0.wp.com\/blogdalucianaoliveira.com.br\/blog\/wp-content\/uploads\/2021\/06\/DD32590E-9AC4-43CC-8257-CA433DEEEAEB.jpeg?w=1065 1065w, https:\/\/i0.wp.com\/blogdalucianaoliveira.com.br\/blog\/wp-content\/uploads\/2021\/06\/DD32590E-9AC4-43CC-8257-CA433DEEEAEB.jpeg?resize=300%2C300 300w, https:\/\/i0.wp.com\/blogdalucianaoliveira.com.br\/blog\/wp-content\/uploads\/2021\/06\/DD32590E-9AC4-43CC-8257-CA433DEEEAEB.jpeg?resize=1024%2C1024 1024w, https:\/\/i0.wp.com\/blogdalucianaoliveira.com.br\/blog\/wp-content\/uploads\/2021\/06\/DD32590E-9AC4-43CC-8257-CA433DEEEAEB.jpeg?resize=150%2C150 150w, https:\/\/i0.wp.com\/blogdalucianaoliveira.com.br\/blog\/wp-content\/uploads\/2021\/06\/DD32590E-9AC4-43CC-8257-CA433DEEEAEB.jpeg?resize=768%2C768 768w\" sizes=\"auto, (max-width: 600px) 100vw, 600px\" \/><\/figure>\n\n\n\n<p>A ABRAPO apresenta o curso gratuito de Direito Agr\u00e1rio \u2018\u2019Viola\u00e7\u00f5es do Direito \u00e0 terra na Amaz\u00f4nia Legal\u2019\u2019 que busca apresentar ao p\u00fablico a complexa quest\u00e3o agr\u00e1ria na regi\u00e3o da Amaz\u00f4nia, passando pela reflex\u00e3o sobre os conflitos agr\u00e1rios decorrentes das viola\u00e7\u00f5es processuais e de direitos humanos em que de um lado est\u00e3o os movimentos sociais que lutam pela democratiza\u00e7\u00e3o do acesso \u00e0 terra e de outro a estrutura do latif\u00fandio e do agroneg\u00f3cio; e ainda a aus\u00eancia ou atua\u00e7\u00e3o do Estado nestes conflitos.<\/p>\n\n\n\n<!--more-->\n\n\n\n<p>O curso \u00e9 para advogados, juristas, proferessores, estudantes, militantes e qualquer um que se interesse pelo tema.<\/p>\n\n\n\n<p>Ser\u00e1 via aplicativo zoom e o link do encontro ser\u00e1 mandado por email.<\/p>\n\n\n\n<p>Nossos convidados e convidadas s\u00e3o profissionais que atuam diretamente no processo de democratiza\u00e7\u00e3o do acesso \u00e0 terra.<br>\nAcontecer\u00e1 em 04 encontros:<br>\n1\u00b0 &#8211; Ra\u00edzes Agr\u00e1rias da forma\u00e7\u00e3o do Estado brasileiro (18\/06)<br>\n2\u00b0 &#8211; Amaz\u00f4nia Legal e conflitos agr\u00e1rios (26\/06)<br>\n3\u00b0 &#8211; Viola\u00e7\u00f5es processuais nas a\u00e7\u00f5es de Reintegra\u00e7\u00e3o de Posse (03\/07)<br>\n4\u00b0 &#8211; O papel do Estado diante dos conflitos agr\u00e1rios (10\/07)<\/p>\n\n\n\n<p>O curso tem carga hor\u00e1ria de 12 horas e conta com certifica\u00e7\u00e3o a partir de 75% de conclus\u00e3o das atividades.<\/p>\n\n\n\n<p>Todos os encontros come\u00e7am as 9h e terminam as 12h (hor\u00e1rio da Amaz\u00f4nia, que \u00e9 uma hora a menos do hor\u00e1rio de Bras\u00edlia).<\/p>\n\n\n\n<p><br>Inscri\u00e7\u00f5es ser\u00e3o feitas pelo link na bio do instagram ou <a href=\"https:\/\/docs.google.com\/forms\/d\/1bZgON2yjaoN9108CMuTtgJBHvyV25rY3thspx8V5mx4\/viewform?edit_requested=true\">https:\/\/docs.google.com\/forms\/d\/1bZgON2yjaoN9108CMuTtgJBHvyV25rY3thspx8V5mx4\/viewform?edit_requested=true<\/a><\/p>\n","protected":false},"excerpt":{"rendered":"<p>A ABRAPO apresenta o curso gratuito de Direito Agr\u00e1rio \u2018\u2019Viola\u00e7\u00f5es do Direito \u00e0 terra na Amaz\u00f4nia Legal\u2019\u2019 que busca apresentar ao p\u00fablico a complexa quest\u00e3o agr\u00e1ria na regi\u00e3o da Amaz\u00f4nia, passando pela reflex\u00e3o sobre os conflitos agr\u00e1rios decorrentes das viola\u00e7\u00f5es processuais e de direitos humanos em que de um lado est\u00e3o os movimentos sociais que&#8230;<a class=\"more-link\" href=\"http:\/\/blogdalucianaoliveira.com.br\/blog\/2021\/06\/07\/abrapo-realiza-curso-de-direito-agrario\/\">Continue a leitura <span class=\"meta-nav\">&raquo;<\/span><\/a><\/p>\n","protected":false},"author":1,"featured_media":0,"comment_status":"closed","ping_status":"open","sticky":false,"template":"","format":"standard","meta":{"_exactmetrics_skip_tracking":false,"_exactmetrics_sitenote_active":false,"_exactmetrics_sitenote_note":"","_exactmetrics_sitenote_category":0,"jetpack_post_was_ever_published":false,"_jetpack_newsletter_access":"","_jetpack_dont_email_post_to_subs":false,"_jetpack_newsletter_tier_id":0,"_jetpack_memberships_contains_paywalled_content":false,"_jetpack_memberships_contains_paid_content":false,"footnotes":"","jetpack_publicize_message":"","jetpack_publicize_feature_enabled":true,"jetpack_social_post_already_shared":true,"jetpack_social_options":{"image_generator_settings":{"template":"highway","enabled":false},"version":2}},"categories":[1],"tags":[],"class_list":["post-32161","post","type-post","status-publish","format-standard","hentry","category-notas"],"jetpack_publicize_connections":[],"jetpack_sharing_enabled":true,"jetpack_featured_media_url":"","jetpack_shortlink":"https:\/\/wp.me\/p7wKYW-8mJ","jetpack-related-posts":[],"_links":{"self":[{"href":"http:\/\/blogdalucianaoliveira.com.br\/blog\/wp-json\/wp\/v2\/posts\/32161","targetHints":{"allow":["GET"]}}],"collection":[{"href":"http:\/\/blogdalucianaoliveira.com.br\/blog\/wp-json\/wp\/v2\/posts"}],"about":[{"href":"http:\/\/blogdalucianaoliveira.com.br\/blog\/wp-json\/wp\/v2\/types\/post"}],"author":[{"embeddable":true,"href":"http:\/\/blogdalucianaoliveira.com.br\/blog\/wp-json\/wp\/v2\/users\/1"}],"replies":[{"embeddable":true,"href":"http:\/\/blogdalucianaoliveira.com.br\/blog\/wp-json\/wp\/v2\/comments?post=32161"}],"version-history":[{"count":1,"href":"http:\/\/blogdalucianaoliveira.com.br\/blog\/wp-json\/wp\/v2\/posts\/32161\/revisions"}],"predecessor-version":[{"id":32163,"href":"http:\/\/blogdalucianaoliveira.com.br\/blog\/wp-json\/wp\/v2\/posts\/32161\/revisions\/32163"}],"wp:attachment":[{"href":"http:\/\/blogdalucianaoliveira.com.br\/blog\/wp-json\/wp\/v2\/media?parent=32161"}],"wp:term":[{"taxonomy":"category","embeddable":true,"href":"http:\/\/blogdalucianaoliveira.com.br\/blog\/wp-json\/wp\/v2\/categories?post=32161"},{"taxonomy":"post_tag","embeddable":true,"href":"http:\/\/blogdalucianaoliveira.com.br\/blog\/wp-json\/wp\/v2\/tags?post=32161"}],"curies":[{"name":"wp","href":"https:\/\/api.w.org\/{rel}","templated":true}]}}