{"id":32164,"date":"2021-06-07T21:04:43","date_gmt":"2021-06-08T01:04:43","guid":{"rendered":"http:\/\/blogdalucianaoliveira.com.br\/blog\/?p=32164"},"modified":"2021-06-07T21:04:48","modified_gmt":"2021-06-08T01:04:48","slug":"operacao-desativa-7-garimpos-ilegais-em-rr-territorio-indigena-tem-20-mil-invasores","status":"publish","type":"post","link":"http:\/\/blogdalucianaoliveira.com.br\/blog\/2021\/06\/07\/operacao-desativa-7-garimpos-ilegais-em-rr-territorio-indigena-tem-20-mil-invasores\/","title":{"rendered":"Opera\u00e7\u00e3o desativa 7 garimpos ilegais em RR; territ\u00f3rio ind\u00edgena tem 20 mil invasores"},"content":{"rendered":"\n<figure class=\"wp-block-image size-large\"><img data-recalc-dims=\"1\" loading=\"lazy\" decoding=\"async\" width=\"600\" height=\"450\" data-attachment-id=\"32165\" data-permalink=\"http:\/\/blogdalucianaoliveira.com.br\/blog\/2021\/06\/07\/operacao-desativa-7-garimpos-ilegais-em-rr-territorio-indigena-tem-20-mil-invasores\/adf4c3c9-96d2-49f8-8c7e-5d6b9f1ca72f\/\" data-orig-file=\"https:\/\/i0.wp.com\/blogdalucianaoliveira.com.br\/blog\/wp-content\/uploads\/2021\/06\/ADF4C3C9-96D2-49F8-8C7E-5D6B9F1CA72F.jpeg?fit=800%2C600\" data-orig-size=\"800,600\" data-comments-opened=\"0\" data-image-meta=\"{&quot;aperture&quot;:&quot;0&quot;,&quot;credit&quot;:&quot;&quot;,&quot;camera&quot;:&quot;&quot;,&quot;caption&quot;:&quot;&quot;,&quot;created_timestamp&quot;:&quot;0&quot;,&quot;copyright&quot;:&quot;&quot;,&quot;focal_length&quot;:&quot;0&quot;,&quot;iso&quot;:&quot;0&quot;,&quot;shutter_speed&quot;:&quot;0&quot;,&quot;title&quot;:&quot;&quot;,&quot;orientation&quot;:&quot;0&quot;}\" data-image-title=\"ADF4C3C9-96D2-49F8-8C7E-5D6B9F1CA72F\" data-image-description=\"\" data-image-caption=\"\" data-medium-file=\"https:\/\/i0.wp.com\/blogdalucianaoliveira.com.br\/blog\/wp-content\/uploads\/2021\/06\/ADF4C3C9-96D2-49F8-8C7E-5D6B9F1CA72F.jpeg?fit=300%2C225\" data-large-file=\"https:\/\/i0.wp.com\/blogdalucianaoliveira.com.br\/blog\/wp-content\/uploads\/2021\/06\/ADF4C3C9-96D2-49F8-8C7E-5D6B9F1CA72F.jpeg?fit=600%2C450\" src=\"https:\/\/i0.wp.com\/blogdalucianaoliveira.com.br\/blog\/wp-content\/uploads\/2021\/06\/ADF4C3C9-96D2-49F8-8C7E-5D6B9F1CA72F.jpeg?resize=600%2C450\" alt=\"\" class=\"wp-image-32165\" srcset=\"https:\/\/i0.wp.com\/blogdalucianaoliveira.com.br\/blog\/wp-content\/uploads\/2021\/06\/ADF4C3C9-96D2-49F8-8C7E-5D6B9F1CA72F.jpeg?w=800 800w, https:\/\/i0.wp.com\/blogdalucianaoliveira.com.br\/blog\/wp-content\/uploads\/2021\/06\/ADF4C3C9-96D2-49F8-8C7E-5D6B9F1CA72F.jpeg?resize=300%2C225 300w, https:\/\/i0.wp.com\/blogdalucianaoliveira.com.br\/blog\/wp-content\/uploads\/2021\/06\/ADF4C3C9-96D2-49F8-8C7E-5D6B9F1CA72F.jpeg?resize=768%2C576 768w, https:\/\/i0.wp.com\/blogdalucianaoliveira.com.br\/blog\/wp-content\/uploads\/2021\/06\/ADF4C3C9-96D2-49F8-8C7E-5D6B9F1CA72F.jpeg?resize=400%2C300 400w\" sizes=\"auto, (max-width: 600px) 100vw, 600px\" \/><\/figure>\n\n\n\n<h4 class=\"wp-block-heading\">A\u00e7\u00e3o possibilitou a chegada de medicamentos \u00e0 Comunidade Palimiu; povos tradicionais vivem sob ataque de garimpeiros<\/h4>\n\n\n\n<!--more-->\n\n\n\n<p>Martha RaquelBrasil de Fato | S\u00e3o Paulo (SP)\u00a0<\/p>\n\n\n\n<p>Sete garimpos ilegais foram desativados durante opera\u00e7\u00e3o do Ex\u00e9rcito Brasileiro na regi\u00e3o da Comunidade Palimiu, na Terra Ind\u00edgena Yanomami, em Roraima. O territ\u00f3rio vem sendo alvo de frequentes ataques de garimpeiros ilegais armados desde o final do m\u00eas de abril.&nbsp;<\/p>\n\n\n\n<p>No \u00faltimo dia 10 de maio, embarca\u00e7\u00f5es se aproximaram da comunidade e come\u00e7aram a&nbsp;<a href=\"https:\/\/www.brasildefato.com.br\/2021\/05\/11\/garimpeiros-armados-chegam-de-barco-e-atacam-comunidade-indigena-em-roraima-assista\">atirar contra os ind\u00edgenas<\/a>. No dia seguinte (11), um novo tiroteio durante uma visita da Pol\u00edcia Federal deixou&nbsp;<a href=\"https:\/\/www.brasildefato.com.br\/2021\/05\/17\/yanomamis-denunciam-morte-de-duas-criancas-durante-ataque-de-garimpeiros-em-roraima\">duas crian\u00e7as mortas<\/a>&nbsp;&#8211; para fugir dos tiros, as crian\u00e7as de um e cinco anos se esconderam na mata e ca\u00edram no rio, morrendo afogadas.&nbsp;<\/p>\n\n\n\n<p>A a\u00e7\u00e3o, chamada de Opera\u00e7\u00e3o Palimi\u00fa 1 (o Ex\u00e9rcito grafa erroneamente o nome da comunidade com um acento agudo na letra &#8220;u&#8221;), aconteceu entre os dias 12 de maio e 04 Junho de 2021. Os militares informam que suas tropas&nbsp;apoiaram as a\u00e7\u00f5es da Pol\u00edcia Federal (PF), Instituto Brasileiro do Meio Ambiente e dos Recursos Naturais (IBAMA), Funda\u00e7\u00e3o Nacional do \u00cdndio (FUNAI) e Distrito Sanit\u00e1rio Especial Ind\u00edgena (DSEI\/Yanomami) na Comunidade Ind\u00edgena Palimiu e nas \u00e1reas de garimpos ilegais nas proximidades dessa comunidade.<\/p>\n\n\n\n<figure class=\"wp-block-image\"><img data-recalc-dims=\"1\" decoding=\"async\" src=\"https:\/\/i0.wp.com\/images03.brasildefato.com.br\/8aa51c6ee0e6962002a47117fdb5d0de.jpeg?w=600&#038;ssl=1\" alt=\"\"\/><\/figure>\n\n\n\n<p><br>Garimpo ilegal na regi\u00e3o da Comunidade Palimiu \/ Reprodu\u00e7\u00e3o \/Divulga\u00e7\u00e3o<\/p>\n\n\n\n<p>Segundo o&nbsp;<a href=\"https:\/\/www.1bdainfsl.eb.mil.br\/mais-noticias\/0078-1%C2%AA-brigada-de-infantaria-de-selva-realiza-opera%C3%A7%C3%A3o-palimi%C3%BA-1%C2%AA-fase.html\">Ex\u00e9rcito<\/a>, foram deslocadas equipes compostas por militares e agentes para prestar atendimento de sa\u00fade, assist\u00eancia social, investigar as a\u00e7\u00f5es de garimpeiros ilegais contra a comunidade ind\u00edgena e combater os crimes ambientais de garimpo que provocavam a degrada\u00e7\u00e3o do meio ambiente no entorno de Palimiu.&nbsp;<\/p>\n\n\n\n<p>Durante a opera\u00e7\u00e3o, o Ex\u00e9rcito afirma que entregou medicamentos e realizou atendimento de sa\u00fade em 30 ind\u00edgenas.&nbsp;<\/p>\n\n\n\n<figure class=\"wp-block-image\"><img data-recalc-dims=\"1\" decoding=\"async\" src=\"https:\/\/i0.wp.com\/images02.brasildefato.com.br\/1fbdb6e10aa6685efe42e3fbacaf617e.jpeg?w=600&#038;ssl=1\" alt=\"\"\/><\/figure>\n\n\n\n<p><br>Parte do material apreendido na opera\u00e7\u00e3o \/ Reprodu\u00e7\u00e3o \/Divulga\u00e7\u00e3o<\/p>\n\n\n\n<p>O trabalho tardio das autoridades brasileiras levou \u00e0 apreens\u00e3o dos seguintes itens que estavam em locais ocupados por invasores da Terra Ind\u00edgenas:&nbsp;35 motores para garimpagem, 10 geradores \/motores de energia, um embarca\u00e7\u00e3o, 4500 litros de \u00f3leo diesel, uma solda el\u00e9trica e apreenderam 50 muni\u00e7\u00f5es calibre 20,&nbsp; quatro muni\u00e7\u00f5es calibre 38 e 750 gramas de merc\u00fario &#8211; utilizado na extra\u00e7\u00e3o do ouro. N\u00e3o foi informado se havia pessoas no local e se algu\u00e9m foi detido.&nbsp;<\/p>\n\n\n\n<p>\u201cO Ex\u00e9rcito Brasileiro continuar\u00e1 realizando opera\u00e7\u00f5es na Terra Ind\u00edgena Yanomami, principalmente na regi\u00e3o da Comunidade Ind\u00edgena Palimiu, com o objetivo de impedir a presen\u00e7a de n\u00e3o ind\u00edgenas que praticam a minera\u00e7\u00e3o ilegal\u201d, informou a 1\u00aa Brigada de Infantaria de Selva.<\/p>\n\n\n\n<p>Segundo a Funai, a opera\u00e7\u00e3o tem como objetivo garantir a prote\u00e7\u00e3o das comunidades ind\u00edgenas e do meio ambiente por meio da presen\u00e7a estatal na regi\u00e3o, e deve seguir at\u00e9 que a situa\u00e7\u00e3o esteja normalizada. De resto, a funda\u00e7\u00e3o j\u00e1 havia anunciado, no dia 19 de maio, que mantinha opera\u00e7\u00f5es no local onde ind\u00edgenas foram reiteradamente atacados por garimpeiros.&nbsp;<a href=\"https:\/\/www.brasildefato.com.br\/2021\/05\/19\/funai-diz-que-presta-seguranca-a-yanomamis-sob-ataque-do-garimpo-indigenas-desmentem\" target=\"_blank\" rel=\"noreferrer noopener\">A informa\u00e7\u00e3o da Funai foi desmentida pelos l\u00edderes da comunidade<\/a>.<\/p>\n\n\n\n<p><a href=\"https:\/\/www.brasildefato.com.br\/2021\/05\/19\/funai-diz-que-presta-seguranca-a-yanomamis-sob-ataque-do-garimpo-indigenas-desmentem\" target=\"_blank\" rel=\"noreferrer noopener\"><strong>::Funai diz que presta seguran\u00e7a a Yanomamis sob ataque do garimpo; ind\u00edgenas desmentem::<\/strong><\/a><\/p>\n\n\n\n<p>Territ\u00f3rio tem 20 mil invasores<\/p>\n\n\n\n<p>Morada de 27 mil ind\u00edgenas, a Terra Ind\u00edgena Yanomami est\u00e1 tomada por uma quantidade quase igual&nbsp;de garimpeiros ilegais. S\u00e3o 20 mil invasores, segundo o Instituto Socioambiental (ISA), dentro do territ\u00f3rio que amea\u00e7am a vida dos povos origin\u00e1rios e geram problemas&nbsp;<a href=\"https:\/\/www.brasildefato.com.br\/2020\/07\/31\/garimpo-gera-problemas-sanitarios-ambientais-e-culturais-em-terras-indigenas\">sanit\u00e1rios, ambientais e culturais<\/a>&nbsp;em terras ind\u00edgenas, segundo estimam as autoridades p\u00fablicas brasileiras.&nbsp;<\/p>\n\n\n\n<p>Mesmo com a pandemia, em 2020&nbsp;<a href=\"https:\/\/www.brasildefato.com.br\/2021\/03\/25\/garimpo-ilegal-desmatou-o-equivalente-a-500-campos-de-futebol-na-ti-yanomami-em-2020\">o garimpo ilegal avan\u00e7ou 30%<\/a>&nbsp;na Terra Yanomami, o equivalente a 500 campos de futebol. Percorrendo novas rotas entre os estados do Amazonas e de Roraima, os garimpeiros ilegais est\u00e3o agindo mais pr\u00f3ximos das comunidades dos povos origin\u00e1rios.&nbsp;<\/p>\n\n\n\n<p>Se convertida a \u00e1rea total desmatada na Terra Ind\u00edgena Yanomami, que \u00e9 de 2.400 hectares, a dimens\u00e3o seria composta por mais de 3.300 campos de futebol, sendo 500 s\u00f3 em 2020, que representa um aumento de 30% no avan\u00e7o do garimpo ilegal no \u00faltimo ano. S\u00f3 o rio Uraricoera, que fica \u00e0s margens da Comunidade Palimiu, concentra 52% de todo o dano causado pelo garimpo ilegal.&nbsp;<\/p>\n\n\n\n<p>O territ\u00f3rio Yanomami tem quase 10 milh\u00f5es de hectares e \u00e9 a maior reserva ind\u00edgena do pa\u00eds.<\/p>\n\n\n\n<figure class=\"wp-block-image\"><img data-recalc-dims=\"1\" decoding=\"async\" src=\"https:\/\/i0.wp.com\/images01.brasildefato.com.br\/49a2901c21b7e78946d27038ec6782be.jpeg?w=600&#038;ssl=1\" alt=\"\"\/><\/figure>\n\n\n\n<p><br>Imagem a\u00e9rea de regi\u00e3o com garimpo ilegal na Terra Ind\u00edgena Yanomami \/ Reprodu\u00e7\u00e3o \/Divulga\u00e7\u00e3o<\/p>\n\n\n\n<p>Viol\u00eancia fruto do abandono estatal<\/p>\n\n\n\n<p>Quatro of\u00edcios da Hutukara Associa\u00e7\u00e3o Yanomami (HAY) pedindo seguran\u00e7a para os ind\u00edgenas da Comunidade Palimiu foram ignorados pelas autoridades. A opera\u00e7\u00e3o se deu apenas ap\u00f3s o Supremo Tribunal Federal (STF) ordenar que a Uni\u00e3o garantisse a seguran\u00e7a dos Yanomami.<\/p>\n\n\n\n<p>Para a Coordena\u00e7\u00e3o das Organiza\u00e7\u00f5es Ind\u00edgenas da Amaz\u00f4nia Brasileira (Coiab), o aumento da onda de viol\u00eancia n\u00e3o se d\u00e1 de forma isolada e vem acompanhado do abandono dos mecanismos de fiscaliza\u00e7\u00e3o e desmonte das pol\u00edticas indigenista e ambiental.&nbsp;<\/p>\n\n\n\n<p>\u201cMesmo diante de um cen\u00e1rio de pandemia que j\u00e1 levou muitos de nossos parentes, os invasores continuam entrando nos territ\u00f3rios ind\u00edgenas. Dessa forma, como movimento ind\u00edgena, estamos mobilizados para denunciar as invas\u00f5es dos garimpeiros em todos os meios legais, tanto nos \u00f3rg\u00e3os local e internacional\u201d, explica a institui\u00e7\u00e3o.<\/p>\n\n\n\n<p>\u201cEsperamos que o governo brasileiro cumpra o seu papel de fiscalizar, proteger e retirar imediatamente os invasores, criminosos que amea\u00e7am a vida de diversas fam\u00edlias em suas casas na floresta\u201d, finaliza.<\/p>\n\n\n\n<p>Em nota, a organiza\u00e7\u00e3o repudiou os ataques aos povos origin\u00e1rios. \u201cEm um momento em que os povos ind\u00edgenas sofrem diversas formas de viol\u00eancia devido aos conflitos territoriais, a Coiab, por meio de suas lideran\u00e7as nos nove estados onde atua, repudia todos e quaisquer atos de viol\u00eancia e segue na luta pela defesa dos direitos territoriais e \u00e0 vida da popula\u00e7\u00e3o ind\u00edgena\u201d.<\/p>\n\n\n\n<p>Edi\u00e7\u00e3o: Vin\u00edcius Segalla<\/p>\n","protected":false},"excerpt":{"rendered":"<p>A\u00e7\u00e3o possibilitou a chegada de medicamentos \u00e0 Comunidade Palimiu; povos tradicionais vivem sob ataque de garimpeiros<\/p>\n","protected":false},"author":1,"featured_media":0,"comment_status":"closed","ping_status":"open","sticky":false,"template":"","format":"standard","meta":{"_exactmetrics_skip_tracking":false,"_exactmetrics_sitenote_active":false,"_exactmetrics_sitenote_note":"","_exactmetrics_sitenote_category":0,"jetpack_post_was_ever_published":false,"_jetpack_newsletter_access":"","_jetpack_dont_email_post_to_subs":false,"_jetpack_newsletter_tier_id":0,"_jetpack_memberships_contains_paywalled_content":false,"_jetpack_memberships_contains_paid_content":false,"footnotes":"","jetpack_publicize_message":"","jetpack_publicize_feature_enabled":true,"jetpack_social_post_already_shared":true,"jetpack_social_options":{"image_generator_settings":{"template":"highway","enabled":false},"version":2}},"categories":[1],"tags":[],"class_list":["post-32164","post","type-post","status-publish","format-standard","hentry","category-notas"],"jetpack_publicize_connections":[],"jetpack_sharing_enabled":true,"jetpack_featured_media_url":"","jetpack_shortlink":"https:\/\/wp.me\/p7wKYW-8mM","jetpack-related-posts":[],"_links":{"self":[{"href":"http:\/\/blogdalucianaoliveira.com.br\/blog\/wp-json\/wp\/v2\/posts\/32164","targetHints":{"allow":["GET"]}}],"collection":[{"href":"http:\/\/blogdalucianaoliveira.com.br\/blog\/wp-json\/wp\/v2\/posts"}],"about":[{"href":"http:\/\/blogdalucianaoliveira.com.br\/blog\/wp-json\/wp\/v2\/types\/post"}],"author":[{"embeddable":true,"href":"http:\/\/blogdalucianaoliveira.com.br\/blog\/wp-json\/wp\/v2\/users\/1"}],"replies":[{"embeddable":true,"href":"http:\/\/blogdalucianaoliveira.com.br\/blog\/wp-json\/wp\/v2\/comments?post=32164"}],"version-history":[{"count":1,"href":"http:\/\/blogdalucianaoliveira.com.br\/blog\/wp-json\/wp\/v2\/posts\/32164\/revisions"}],"predecessor-version":[{"id":32166,"href":"http:\/\/blogdalucianaoliveira.com.br\/blog\/wp-json\/wp\/v2\/posts\/32164\/revisions\/32166"}],"wp:attachment":[{"href":"http:\/\/blogdalucianaoliveira.com.br\/blog\/wp-json\/wp\/v2\/media?parent=32164"}],"wp:term":[{"taxonomy":"category","embeddable":true,"href":"http:\/\/blogdalucianaoliveira.com.br\/blog\/wp-json\/wp\/v2\/categories?post=32164"},{"taxonomy":"post_tag","embeddable":true,"href":"http:\/\/blogdalucianaoliveira.com.br\/blog\/wp-json\/wp\/v2\/tags?post=32164"}],"curies":[{"name":"wp","href":"https:\/\/api.w.org\/{rel}","templated":true}]}}