{"id":32172,"date":"2021-06-08T06:36:41","date_gmt":"2021-06-08T10:36:41","guid":{"rendered":"http:\/\/blogdalucianaoliveira.com.br\/blog\/?p=32172"},"modified":"2021-06-08T06:36:45","modified_gmt":"2021-06-08T10:36:45","slug":"o-dia-em-que-um-ditador-trocou-o-treinador-da-selecao-brasileira","status":"publish","type":"post","link":"http:\/\/blogdalucianaoliveira.com.br\/blog\/2021\/06\/08\/o-dia-em-que-um-ditador-trocou-o-treinador-da-selecao-brasileira\/","title":{"rendered":"O dia em que um ditador trocou o treinador da sele\u00e7\u00e3o brasileira"},"content":{"rendered":"\n<figure class=\"wp-block-image size-large\"><img data-recalc-dims=\"1\" loading=\"lazy\" decoding=\"async\" width=\"600\" height=\"421\" data-attachment-id=\"32173\" data-permalink=\"http:\/\/blogdalucianaoliveira.com.br\/blog\/2021\/06\/08\/o-dia-em-que-um-ditador-trocou-o-treinador-da-selecao-brasileira\/34f5c6d6-193d-41a3-b2a7-5d27c2128e38\/\" data-orig-file=\"https:\/\/i0.wp.com\/blogdalucianaoliveira.com.br\/blog\/wp-content\/uploads\/2021\/06\/34F5C6D6-193D-41A3-B2A7-5D27C2128E38.jpeg?fit=980%2C687\" data-orig-size=\"980,687\" data-comments-opened=\"0\" data-image-meta=\"{&quot;aperture&quot;:&quot;0&quot;,&quot;credit&quot;:&quot;&quot;,&quot;camera&quot;:&quot;&quot;,&quot;caption&quot;:&quot;&quot;,&quot;created_timestamp&quot;:&quot;0&quot;,&quot;copyright&quot;:&quot;&quot;,&quot;focal_length&quot;:&quot;0&quot;,&quot;iso&quot;:&quot;0&quot;,&quot;shutter_speed&quot;:&quot;0&quot;,&quot;title&quot;:&quot;&quot;,&quot;orientation&quot;:&quot;0&quot;}\" data-image-title=\"34F5C6D6-193D-41A3-B2A7-5D27C2128E38\" data-image-description=\"\" data-image-caption=\"\" data-medium-file=\"https:\/\/i0.wp.com\/blogdalucianaoliveira.com.br\/blog\/wp-content\/uploads\/2021\/06\/34F5C6D6-193D-41A3-B2A7-5D27C2128E38.jpeg?fit=300%2C210\" data-large-file=\"https:\/\/i0.wp.com\/blogdalucianaoliveira.com.br\/blog\/wp-content\/uploads\/2021\/06\/34F5C6D6-193D-41A3-B2A7-5D27C2128E38.jpeg?fit=600%2C421\" src=\"https:\/\/i0.wp.com\/blogdalucianaoliveira.com.br\/blog\/wp-content\/uploads\/2021\/06\/34F5C6D6-193D-41A3-B2A7-5D27C2128E38.jpeg?resize=600%2C421\" alt=\"\" class=\"wp-image-32173\" srcset=\"https:\/\/i0.wp.com\/blogdalucianaoliveira.com.br\/blog\/wp-content\/uploads\/2021\/06\/34F5C6D6-193D-41A3-B2A7-5D27C2128E38.jpeg?w=980 980w, https:\/\/i0.wp.com\/blogdalucianaoliveira.com.br\/blog\/wp-content\/uploads\/2021\/06\/34F5C6D6-193D-41A3-B2A7-5D27C2128E38.jpeg?resize=300%2C210 300w, https:\/\/i0.wp.com\/blogdalucianaoliveira.com.br\/blog\/wp-content\/uploads\/2021\/06\/34F5C6D6-193D-41A3-B2A7-5D27C2128E38.jpeg?resize=768%2C538 768w, https:\/\/i0.wp.com\/blogdalucianaoliveira.com.br\/blog\/wp-content\/uploads\/2021\/06\/34F5C6D6-193D-41A3-B2A7-5D27C2128E38.jpeg?resize=428%2C300 428w\" sizes=\"auto, (max-width: 600px) 100vw, 600px\" \/><\/figure>\n\n\n\n<p><br>Caso de Jo\u00e3o Saldanha em 1970, derrubado a pedido de M\u00e9dici, vem \u00e0 tona com press\u00e3o sobre Tite, chamado de \u201cpuxa-saco do Lula\u201d pelo senador Fl\u00e1vio Bolsonaro. \u201cT\u00e9cnico de futebol tem que estar alinhado com o futebol\u201d, encerra t\u00e9cnico brasileiro.<\/p>\n\n\n\n<!--more-->\n\n\n\n<p>Diogo Magri, El Pa\u00eds <\/p>\n\n\n\n<p>Pouco tempo antes da Copa do Mundo, um Governo se baseia em motivos pol\u00edticos para pedir a troca no cargo de treinador da sele\u00e7\u00e3o brasileira de futebol. Aconteceu em 1970,\u00a0<a rel=\"noreferrer noopener\" href=\"https:\/\/brasil.elpais.com\/brasil\/2017\/07\/01\/deportes\/1498862110_086687.html\" target=\"_blank\">quando o ditador Em\u00edlio Garrastazu M\u00e9dici pediu a cabe\u00e7a de Jo\u00e3o Saldanha<\/a>, que treinava a equipe brasileira meses antes do tricampeonato mundial no M\u00e9xico, mas decidiu denunciar as viola\u00e7\u00f5es do regime. O caso emblem\u00e1tico veio \u00e0 tona nos \u00faltimos dias com a intensa press\u00e3o pol\u00edtica sobre Tite, o atual comandante da sele\u00e7\u00e3o, cuja perman\u00eancia no cargo foi posta d\u00favida no momento em que ele \u00e9 alvo de intensa campanha contr\u00e1ria de apoiadores bolsonaristas, puxada nada menos do que pelo filho mais velho do presidente, senador Fl\u00e1vio Bolsonaro. Por ora, Tite fica, e os jogadores anunciaram que v\u00e3o jogar o torneio, mas o epis\u00f3dio comp\u00f5e mais uma das tens\u00f5es envolvendo a realiza\u00e7\u00e3o da Copa Am\u00e9rica no Brasil.<\/p>\n\n\n\n<p>A articula\u00e7\u00e3o do Planalto contra Tite n\u00e3o se resumiu \u00e0s redes sociais. Segundo o jornalista do SporTV, Andr\u00e9 Rizek, quando ainda no cargo,&nbsp;<a href=\"https:\/\/brasil.elpais.com\/noticias\/rogerio-caboclo\/\" target=\"_blank\" rel=\"noreferrer noopener\">o presidente da Confedera\u00e7\u00e3o Brasileira de Futebol, Rog\u00e9rio Caboclo<\/a>, prometeu ao pr\u00f3prio presidente&nbsp;<a href=\"https:\/\/brasil.elpais.com\/noticias\/jair-messias-bolsonaro\/\" target=\"_blank\" rel=\"noreferrer noopener\">Jair Bolsonaro<\/a>&nbsp;a demiss\u00e3o do treinador ap\u00f3s a manifesta\u00e7\u00e3o p\u00fablica de desconforto por parte de Tite por conta da decis\u00e3o do pa\u00eds de sediar o torneio em meio ao recrudescimento da pandemia em algumas regi\u00f5es.&nbsp;<a href=\"https:\/\/brasil.elpais.com\/esportes\/2021-06-06\/cbf-afasta-presidente-em-meio-a-crise-na-selecao-e-suspense-sobre-participacao-do-brasil-na-copa-america.html\" target=\"_blank\" rel=\"noreferrer noopener\">Caboclo acabou afastado por den\u00fancia de ass\u00e9dio sexual<\/a>&nbsp;antes de concretizar a promessa, o que, pelo menos por enquanto, impediu Bolsonaro de repetir a interfer\u00eancia da ditadura militar na entidade mais representativa do futebol brasileiro.<\/p>\n\n\n\n<p>O descontentamento por parte do Governo federal come\u00e7ou desde que Tite se tornou o primeiro da delega\u00e7\u00e3o brasileira a falar sobre a realiza\u00e7\u00e3o do torneio sul-americano no Brasil. Depois das recusas de Argentina e Col\u00f4mbia,&nbsp;<a href=\"https:\/\/brasil.elpais.com\/esportes\/2021-06-01\/no-que-depender-de-mim-havera-copa-america-no-brasil-afirma-bolsonaro.html\" target=\"_blank\" rel=\"noreferrer noopener\">a Conmebol firmou o acordo com as autoridades brasileiras<\/a>&nbsp;para que a edi\u00e7\u00e3o, a duas semanas do seu in\u00edcio, fosse transferida ao pa\u00eds mais atingido pela covid-19 no continente. A decis\u00e3o acendeu o debate sobre&nbsp;<a href=\"https:\/\/brasil.elpais.com\/esportes\/2021-05-31\/copa-america-no-brasil-e-inaceitavel-para-a-saude-publica-e-pode-impulsionar-a-terceira-onda.html\" target=\"_blank\" rel=\"noreferrer noopener\">os problemas de um campeonato dessa propor\u00e7\u00e3o acontecendo neste momento no Brasil<\/a>, inclusive entre os pr\u00f3prios jogadores brasileiros. \u201cTemos uma posi\u00e7\u00e3o clara, mas n\u00e3o vamos externar isso agora\u201d, se limitou a dizer Tite no dia 3 de junho, 48 horas ap\u00f3s a confirma\u00e7\u00e3o da Copa Am\u00e9rica no Brasil.<\/p>\n\n\n\n<p>Apesar de n\u00e3o ter esclarecido a posi\u00e7\u00e3o, desde ent\u00e3o a&nbsp;<em>hashtag&nbsp;<\/em>#TiteComunista passou a figurar entre os assuntos mais comentados do Twitter. O senador Fl\u00e1vio Bolsonaro corroborou com os protestos chamando o treinador de \u201cpuxa-saco do Lula\u201d. \u201cBastou a CBF pedir para o presidente Bolsonaro a autoriza\u00e7\u00e3o para que ela acontecesse aqui no Brasil para que o Tite se posicionasse politicamente\u201d, disse ele. Hamilton Mour\u00e3o, vice-presidente, ironizou a poss\u00edvel sa\u00edda do comandante ao lhe oferecer o cargo num clube mato-grossense que demitiu seu treinador recentemente: \u201cO Cuiab\u00e1 est\u00e1 precisando de t\u00e9cnico\u201d. Do outro lado, foi a vez do capit\u00e3o da sele\u00e7\u00e3o, Casemiro, se manifestar ap\u00f3s a vit\u00f3ria contra o Equador, na \u00faltima sexta (4), dizendo que \u201c<a href=\"https:\/\/brasil.elpais.com\/esportes\/2021-06-04\/revolta-de-jogadores-da-selecao-e-denuncia-de-assedio-contra-presidente-da-cbf-colocam-copa-america-na-berlinda.html\" target=\"_blank\" rel=\"noreferrer noopener\">Tite deixou claro nosso posicionamento e o que n\u00f3s pensamos da Copa Am\u00e9rica<\/a>\u201d. Por fim, circulou a informa\u00e7\u00e3o de que Caboclo teria prometido a Bolsonaro a troca de Tite pelo treinador bolsonarista Renato Ga\u00facho, que pediu demiss\u00e3o do Gr\u00eamio no in\u00edcio do ano.<\/p>\n\n\n\n<h3 class=\"wp-block-heading\">Hist\u00f3ria e acomoda\u00e7\u00e3o<\/h3>\n\n\n\n<p>Nos anos 70, o ent\u00e3o t\u00e9cnico da sele\u00e7\u00e3o, Jo\u00e3o Saldanha, n\u00e3o deixou sua opini\u00e3o de lado e, ap\u00f3s a morte do guerrilheiro Carlos Marighella pelo regime militar, montou um dossi\u00ea em que citava mais de 3.000 presos pol\u00edticos, mortos<a href=\"http:\/\/brasil.elpais.com\/brasil\/2014\/12\/10\/album\/1418221024_039394.html\">&nbsp;e torturados pela ditadura brasileira<\/a>, e o distribuiu a autoridades internacionais quando esteve no M\u00e9xico para o sorteio do Mundial, em janeiro de 1970. Dali at\u00e9 a demiss\u00e3o por influ\u00eancia do Governo, em mar\u00e7o daquele ano, foi quest\u00e3o de tempo. A tese de que a oposi\u00e7\u00e3o de Saldanha contra o regime militar foi a respons\u00e1vel por sua demiss\u00e3o \u00e9 refor\u00e7ada pelo livro&nbsp;<em>Quem derrubou Jo\u00e3o Saldanha<\/em>, de Carlos Ferreira Vilarinho,&nbsp;<a href=\"https:\/\/brasil.elpais.com\/esportes\/2021-02-23\/pele-encara-seus-dilemas-com-a-ditadura-na-netflix.html\" target=\"_blank\" rel=\"noreferrer noopener\">e no document\u00e1rio&nbsp;<em>Pel\u00e9<\/em>, de 2021<\/a>, onde o camisa 10 da sele\u00e7\u00e3o \u00e9 colocado como piv\u00f4 na discuss\u00e3o que culminou na queda do treinador. Desde ent\u00e3o, outros presidentes n\u00e3o interferiram diretamente no futebol brasileiro.&nbsp;<\/p>\n\n\n\n<p>Nesta segunda, o presidente Bolsonaro garantiu que s\u00f3 interveio na CBF para autorizar o recebimento da Copa Am\u00e9rica no pa\u00eds. \u201cNo tocante a jogador, t\u00e9cnico, estou fora dessa. N\u00e3o tenho nada a ver com isso a\u00ed\u201d, afirmou. Tite, em entrevista coletiva, desconversou ao dizer que nunca se sentiu amea\u00e7ado de demiss\u00e3o. \u201cAs pessoas acham que a gente tem que ter opini\u00e3o sobre tudo,&nbsp;<a href=\"https:\/\/brasil.elpais.com\/esportes\/2020-06-01\/futebol-e-politica-uma-mistura-tao-obvia-quanto-a-alienacao-de-quem-a-despreza.html\" target=\"_blank\" rel=\"noreferrer noopener\">mas a gente tem que ter opini\u00e3o sobre futebo<\/a><a href=\"https:\/\/brasil.elpais.com\/esportes\/2020-06-01\/futebol-e-politica-uma-mistura-tao-obvia-quanto-a-alienacao-de-quem-a-despreza.html\" target=\"_blank\" rel=\"noreferrer noopener\">l<\/a>. T\u00e9cnico de futebol tem que estar alinhado com o futebol\u201d, disse o treinador, na contram\u00e3o do que havia declarado, ou ao menos insinuado, at\u00e9 ent\u00e3o. Vale lembrar que, de acordo com os artigos 14 e 19 do Estatuto da FIFA, as federa\u00e7\u00f5es nacionais (como a CBF) s\u00e3o consideradas entidades privadas e n\u00e3o podem aceitar interfer\u00eancia de Governos, sob possibilidade de puni\u00e7\u00e3o. Nos \u00faltimos dez anos, as federa\u00e7\u00f5es de Nig\u00e9ria, Paquist\u00e3o e Chade foram punidas ou amea\u00e7adas pela FIFA ap\u00f3s terem interven\u00e7\u00f5es dos Governos locais em suas diretorias ou sele\u00e7\u00f5es de futebol.<\/p>\n","protected":false},"excerpt":{"rendered":"<p>Caso de Jo\u00e3o Saldanha em 1970, derrubado a pedido de M\u00e9dici, vem \u00e0 tona com press\u00e3o sobre Tite, chamado de \u201cpuxa-saco do Lula\u201d pelo senador Fl\u00e1vio Bolsonaro. \u201cT\u00e9cnico de futebol tem que estar alinhado com o futebol\u201d, encerra t\u00e9cnico brasileiro.<\/p>\n","protected":false},"author":1,"featured_media":0,"comment_status":"closed","ping_status":"open","sticky":false,"template":"","format":"standard","meta":{"_exactmetrics_skip_tracking":false,"_exactmetrics_sitenote_active":false,"_exactmetrics_sitenote_note":"","_exactmetrics_sitenote_category":0,"jetpack_post_was_ever_published":false,"_jetpack_newsletter_access":"","_jetpack_dont_email_post_to_subs":false,"_jetpack_newsletter_tier_id":0,"_jetpack_memberships_contains_paywalled_content":false,"_jetpack_memberships_contains_paid_content":false,"footnotes":"","jetpack_publicize_message":"","jetpack_publicize_feature_enabled":true,"jetpack_social_post_already_shared":true,"jetpack_social_options":{"image_generator_settings":{"template":"highway","enabled":false},"version":2}},"categories":[1],"tags":[],"class_list":["post-32172","post","type-post","status-publish","format-standard","hentry","category-notas"],"jetpack_publicize_connections":[],"jetpack_sharing_enabled":true,"jetpack_featured_media_url":"","jetpack_shortlink":"https:\/\/wp.me\/p7wKYW-8mU","jetpack-related-posts":[],"_links":{"self":[{"href":"http:\/\/blogdalucianaoliveira.com.br\/blog\/wp-json\/wp\/v2\/posts\/32172","targetHints":{"allow":["GET"]}}],"collection":[{"href":"http:\/\/blogdalucianaoliveira.com.br\/blog\/wp-json\/wp\/v2\/posts"}],"about":[{"href":"http:\/\/blogdalucianaoliveira.com.br\/blog\/wp-json\/wp\/v2\/types\/post"}],"author":[{"embeddable":true,"href":"http:\/\/blogdalucianaoliveira.com.br\/blog\/wp-json\/wp\/v2\/users\/1"}],"replies":[{"embeddable":true,"href":"http:\/\/blogdalucianaoliveira.com.br\/blog\/wp-json\/wp\/v2\/comments?post=32172"}],"version-history":[{"count":1,"href":"http:\/\/blogdalucianaoliveira.com.br\/blog\/wp-json\/wp\/v2\/posts\/32172\/revisions"}],"predecessor-version":[{"id":32174,"href":"http:\/\/blogdalucianaoliveira.com.br\/blog\/wp-json\/wp\/v2\/posts\/32172\/revisions\/32174"}],"wp:attachment":[{"href":"http:\/\/blogdalucianaoliveira.com.br\/blog\/wp-json\/wp\/v2\/media?parent=32172"}],"wp:term":[{"taxonomy":"category","embeddable":true,"href":"http:\/\/blogdalucianaoliveira.com.br\/blog\/wp-json\/wp\/v2\/categories?post=32172"},{"taxonomy":"post_tag","embeddable":true,"href":"http:\/\/blogdalucianaoliveira.com.br\/blog\/wp-json\/wp\/v2\/tags?post=32172"}],"curies":[{"name":"wp","href":"https:\/\/api.w.org\/{rel}","templated":true}]}}