{"id":32178,"date":"2021-06-08T06:59:12","date_gmt":"2021-06-08T10:59:12","guid":{"rendered":"http:\/\/blogdalucianaoliveira.com.br\/blog\/?p=32178"},"modified":"2021-06-08T06:59:17","modified_gmt":"2021-06-08T10:59:17","slug":"o-desafio-maior-do-brasil-lula-ou-bolsonaro","status":"publish","type":"post","link":"http:\/\/blogdalucianaoliveira.com.br\/blog\/2021\/06\/08\/o-desafio-maior-do-brasil-lula-ou-bolsonaro\/","title":{"rendered":"O desafio maior do Brasil: Lula ou Bolsonaro"},"content":{"rendered":"\n<figure class=\"wp-block-image size-large\"><img data-recalc-dims=\"1\" loading=\"lazy\" decoding=\"async\" width=\"600\" height=\"355\" data-attachment-id=\"32179\" data-permalink=\"http:\/\/blogdalucianaoliveira.com.br\/blog\/2021\/06\/08\/o-desafio-maior-do-brasil-lula-ou-bolsonaro\/2c20d432-0e9d-43f1-8a4b-40cfd1294c8e\/\" data-orig-file=\"https:\/\/i0.wp.com\/blogdalucianaoliveira.com.br\/blog\/wp-content\/uploads\/2021\/06\/2C20D432-0E9D-43F1-8A4B-40CFD1294C8E.jpeg?fit=845%2C500\" data-orig-size=\"845,500\" data-comments-opened=\"0\" data-image-meta=\"{&quot;aperture&quot;:&quot;0&quot;,&quot;credit&quot;:&quot;&quot;,&quot;camera&quot;:&quot;&quot;,&quot;caption&quot;:&quot;&quot;,&quot;created_timestamp&quot;:&quot;0&quot;,&quot;copyright&quot;:&quot;&quot;,&quot;focal_length&quot;:&quot;0&quot;,&quot;iso&quot;:&quot;0&quot;,&quot;shutter_speed&quot;:&quot;0&quot;,&quot;title&quot;:&quot;&quot;,&quot;orientation&quot;:&quot;1&quot;}\" data-image-title=\"2C20D432-0E9D-43F1-8A4B-40CFD1294C8E\" data-image-description=\"\" data-image-caption=\"\" data-medium-file=\"https:\/\/i0.wp.com\/blogdalucianaoliveira.com.br\/blog\/wp-content\/uploads\/2021\/06\/2C20D432-0E9D-43F1-8A4B-40CFD1294C8E.jpeg?fit=300%2C178\" data-large-file=\"https:\/\/i0.wp.com\/blogdalucianaoliveira.com.br\/blog\/wp-content\/uploads\/2021\/06\/2C20D432-0E9D-43F1-8A4B-40CFD1294C8E.jpeg?fit=600%2C355\" src=\"https:\/\/i0.wp.com\/blogdalucianaoliveira.com.br\/blog\/wp-content\/uploads\/2021\/06\/2C20D432-0E9D-43F1-8A4B-40CFD1294C8E.jpeg?resize=600%2C355\" alt=\"\" class=\"wp-image-32179\" srcset=\"https:\/\/i0.wp.com\/blogdalucianaoliveira.com.br\/blog\/wp-content\/uploads\/2021\/06\/2C20D432-0E9D-43F1-8A4B-40CFD1294C8E.jpeg?w=845 845w, https:\/\/i0.wp.com\/blogdalucianaoliveira.com.br\/blog\/wp-content\/uploads\/2021\/06\/2C20D432-0E9D-43F1-8A4B-40CFD1294C8E.jpeg?resize=300%2C178 300w, https:\/\/i0.wp.com\/blogdalucianaoliveira.com.br\/blog\/wp-content\/uploads\/2021\/06\/2C20D432-0E9D-43F1-8A4B-40CFD1294C8E.jpeg?resize=768%2C454 768w, https:\/\/i0.wp.com\/blogdalucianaoliveira.com.br\/blog\/wp-content\/uploads\/2021\/06\/2C20D432-0E9D-43F1-8A4B-40CFD1294C8E.jpeg?resize=507%2C300 507w\" sizes=\"auto, (max-width: 600px) 100vw, 600px\" \/><\/figure>\n\n\n\n<p><strong>Por Emir Sader<\/strong> &#8211; Quanto mais passa o tempo, mais surgem novos acontecimentos, fica ainda mais claro que a encruzilhada em que se encontra o Brasil se resume no: Lula ou Bolsonaro. Dois horizontes radicalmente contradit\u00f3rios, que se imp\u00f5em a todas as especula\u00e7\u00f5es sobre outros caminhos ou sobre o v\u00e3o diletantismo de que o futuro est\u00e1 totalmente aberto.<\/p>\n\n\n\n<!--more-->\n\n\n\n<p>H\u00e1 dois pa\u00edses, dois futuros poss\u00edveis, n\u00e3o nos enganemos. H\u00e1 uma dur\u00edssima luta entre as duas alternativas. A luta entre a for\u00e7a e o convencimento, entre o militar e o pol\u00edtico, entre os decretos e os argumentos, entre o l\u00edder militar e o l\u00edder pol\u00edtico, entre o l\u00edder de mil\u00edcia e o l\u00edder popular.<\/p>\n\n\n\n<p>As elei\u00e7\u00f5es de 2002 tinham sido as mais importantes da vida pol\u00edtica brasileira at\u00e9 agora. As elites pol\u00edticas tradicionais foram derrotadas e abriu-se um per\u00edodo de governos populares como nunca o Brasil havia tido. Foi um enorme desafio para a esquerda, que se saiu muito bem, realizando os melhores governos da hist\u00f3ria do pa\u00eds. S\u00f3 foram interrompidos quando se rompeu com a democracia, para voltar a impor uma vontade minorit\u00e1ria sobre a da maioria.<\/p>\n\n\n\n<p>Voltamos a encarar agora um momento decisivo da nossa hist\u00f3ria, uma elei\u00e7\u00e3o que vai definir o futuro do pa\u00eds por um tempo mais longo. Uma elei\u00e7\u00e3o decisiva, em que a direita e a esquerda se enfrentam com seus dois maiores l\u00edderes, com dois projetos radicalmente antag\u00f4nicos.<\/p>\n\n\n\n<p>A decis\u00e3o de absolvi\u00e7\u00e3o de Pazuello demonstra a for\u00e7a de um lado: que conta com o Ex\u00e9rcito \u2013 sen\u00e3o com as For\u00e7as Armadas &#8211; sob o argumento que Bolsonaro \u00e9 a \u00fanica possibilidade de impedir que o PT volte a governar o Brasil. A consequ\u00eancia mais grave dessa decis\u00e3o n\u00e3o \u00e9, como muitos dizem, a anarquia militar. N\u00e3o \u00e9 a de que agora cada militar, de qualquer patente que seja, vai sair se pronunciando politicamente pelo Lula ou por qualquer outro candidato.<\/p>\n\n\n\n<p>N\u00e3o. O ex\u00e9rcito demonstrou, ao contr\u00e1rio, enorme capacidade de agir de forma unida, segundo suas hierarquias, de tolerar uma decis\u00e3o que afeta diretamente a disciplina, mas que foi tomada justamente com o argumento que era a forma de manter unida a institui\u00e7\u00e3o. &nbsp;O ex\u00e9rcito se comportou como um partido pol\u00edtico, em que as diverg\u00eancias internas se subordinam a uma estrat\u00e9gia maior, em fun\u00e7\u00e3o da qual a institui\u00e7\u00e3o se reinsere na vida pol\u00edtica numa perspectiva claramente golpista.<\/p>\n\n\n\n<p>Porque, quanto mais passa o tempo, vai se configurando, no outro campo pol\u00edtico, a candidatura do Lula como a que representa a grande maioria do pa\u00eds, tanto da sua popula\u00e7\u00e3o, quanto das for\u00e7as sociais e pol\u00edticas. Seu favoritismo fica cada vez mais claro, n\u00e3o s\u00f3 pelo projeto que ele apresenta ao pa\u00eds e que congrega cada vez mais gente, como tamb\u00e9m pela incapacidade absoluta do Bolsonaro de agregar gente, de unir as for\u00e7as do campo da pr\u00f3pria direita. Pesquisas indicam uma poss\u00edvel vit\u00f3ria do Lula no primeiro turno e dificuldades muito grandes para o Bolsonaro recuperar os apoios que perdeu, tanto pela pandemia, quanto pela crise econ\u00f4mica e social e pelo seu estilo truculento de agir.<\/p>\n\n\n\n<p>Bolsonaro conta com o argumento da necessidade do voto impresso como pretexto para questionar a vit\u00f3ria do Lula e conta com o ex\u00e9rcito para tentar impedir, pela for\u00e7a, com um golpe, essa vit\u00f3ria. Como enfrentar essa amea\u00e7a?<\/p>\n\n\n\n<p>S\u00f3 com a for\u00e7a pol\u00edtica e de massas, juntando todas as for\u00e7as e personalidades democr\u00e1ticas, fazendo uma campanha eleitoral por todo o pa\u00eds, com o Lula na lideran\u00e7a, para conseguir uma vit\u00f3ria eleitoral arrasadora no primeiro turno. Foi assim que o MAS conseguiu superar os obst\u00e1culos, inclusive dos militares e das pol\u00edcias dos distintos estados: vencendo de forma arrasadora no primeiro turno.<\/p>\n\n\n\n<p>Somente uma vit\u00f3ria arrasadora do primeiro turno pode garantir a vit\u00f3ria da democracia, o retorno do Brasil a ser um pa\u00eds em que a vontade da maioria se imponha, em que o pa\u00eds volte a ser motivo de orgulho para os brasileiros e ser respeitado no mundo.<\/p>\n\n\n\n<p>Ser\u00e1 poss\u00edvel impor esta via ou a via truculenta se impor\u00e1? \u00c9 uma disputa aberta. Por um lado, a vontade da maioria, por outro, a for\u00e7a das armas e da trucul\u00eancia, que pode continuar contar com a complac\u00eancia da m\u00eddia, do Judici\u00e1rio, al\u00e9m do apoio do grande empresariado. (se sabe agora que os evang\u00e9licos n\u00e3o s\u00e3o suporte fundamental do Bolsonaro, est\u00e3o divididos, at\u00e9 com maioria a favor do Lula).<\/p>\n\n\n\n<p>Uma for\u00e7a pol\u00edtica de massas tem tamb\u00e9m o poder de dividir o campo inimigo, demonstrando que desta vez, ao contr\u00e1rio do que julgavam que havia em 1964, v\u00e3o ter que se enfrentar com a grande maioria do pa\u00eds, das suas for\u00e7as pol\u00edticas, das suas organiza\u00e7\u00f5es sociais, das personalidades mais importantes do Brasil, do rep\u00fadio do mundo.<\/p>\n\n\n\n<p>Esse \u00e9 o desafio maior do Brasil. O pa\u00eds sair\u00e1 melhor ou pior das pr\u00f3ximas elei\u00e7\u00f5es, com um futuro que ser\u00e1 simplesmente a continuidade e o aprofundamento da cat\u00e1strofe que sofre atualmente ou ser\u00e1 de novo um pa\u00eds democr\u00e1tico, com crescimento econ\u00f4mico e gera\u00e7\u00e3o de empregos, com conviv\u00eancia pac\u00edfica entre posi\u00e7\u00f5es distintas, com consci\u00eancia pol\u00edtica de que a democracia volta para ser a forma normal de vida entre os brasileiros.<\/p>\n","protected":false},"excerpt":{"rendered":"<p>Por Emir Sader &#8211; Quanto mais passa o tempo, mais surgem novos acontecimentos, fica ainda mais claro que a encruzilhada em que se encontra o Brasil se resume no: Lula ou Bolsonaro. Dois horizontes radicalmente contradit\u00f3rios, que se imp\u00f5em a todas as especula\u00e7\u00f5es sobre outros caminhos ou sobre o v\u00e3o diletantismo de que o futuro&#8230;<a class=\"more-link\" href=\"http:\/\/blogdalucianaoliveira.com.br\/blog\/2021\/06\/08\/o-desafio-maior-do-brasil-lula-ou-bolsonaro\/\">Continue a leitura <span class=\"meta-nav\">&raquo;<\/span><\/a><\/p>\n","protected":false},"author":1,"featured_media":0,"comment_status":"closed","ping_status":"open","sticky":false,"template":"","format":"standard","meta":{"_exactmetrics_skip_tracking":false,"_exactmetrics_sitenote_active":false,"_exactmetrics_sitenote_note":"","_exactmetrics_sitenote_category":0,"jetpack_post_was_ever_published":false,"_jetpack_newsletter_access":"","_jetpack_dont_email_post_to_subs":false,"_jetpack_newsletter_tier_id":0,"_jetpack_memberships_contains_paywalled_content":false,"_jetpack_memberships_contains_paid_content":false,"footnotes":"","jetpack_publicize_message":"","jetpack_publicize_feature_enabled":true,"jetpack_social_post_already_shared":true,"jetpack_social_options":{"image_generator_settings":{"template":"highway","enabled":false},"version":2}},"categories":[1],"tags":[],"class_list":["post-32178","post","type-post","status-publish","format-standard","hentry","category-notas"],"jetpack_publicize_connections":[],"jetpack_sharing_enabled":true,"jetpack_featured_media_url":"","jetpack_shortlink":"https:\/\/wp.me\/p7wKYW-8n0","jetpack-related-posts":[],"_links":{"self":[{"href":"http:\/\/blogdalucianaoliveira.com.br\/blog\/wp-json\/wp\/v2\/posts\/32178","targetHints":{"allow":["GET"]}}],"collection":[{"href":"http:\/\/blogdalucianaoliveira.com.br\/blog\/wp-json\/wp\/v2\/posts"}],"about":[{"href":"http:\/\/blogdalucianaoliveira.com.br\/blog\/wp-json\/wp\/v2\/types\/post"}],"author":[{"embeddable":true,"href":"http:\/\/blogdalucianaoliveira.com.br\/blog\/wp-json\/wp\/v2\/users\/1"}],"replies":[{"embeddable":true,"href":"http:\/\/blogdalucianaoliveira.com.br\/blog\/wp-json\/wp\/v2\/comments?post=32178"}],"version-history":[{"count":1,"href":"http:\/\/blogdalucianaoliveira.com.br\/blog\/wp-json\/wp\/v2\/posts\/32178\/revisions"}],"predecessor-version":[{"id":32180,"href":"http:\/\/blogdalucianaoliveira.com.br\/blog\/wp-json\/wp\/v2\/posts\/32178\/revisions\/32180"}],"wp:attachment":[{"href":"http:\/\/blogdalucianaoliveira.com.br\/blog\/wp-json\/wp\/v2\/media?parent=32178"}],"wp:term":[{"taxonomy":"category","embeddable":true,"href":"http:\/\/blogdalucianaoliveira.com.br\/blog\/wp-json\/wp\/v2\/categories?post=32178"},{"taxonomy":"post_tag","embeddable":true,"href":"http:\/\/blogdalucianaoliveira.com.br\/blog\/wp-json\/wp\/v2\/tags?post=32178"}],"curies":[{"name":"wp","href":"https:\/\/api.w.org\/{rel}","templated":true}]}}