{"id":32181,"date":"2021-06-08T07:33:30","date_gmt":"2021-06-08T11:33:30","guid":{"rendered":"http:\/\/blogdalucianaoliveira.com.br\/blog\/?p=32181"},"modified":"2021-06-08T07:33:33","modified_gmt":"2021-06-08T11:33:33","slug":"reprovacao-a-bolsonaro-na-advocacia-supera-a-media-da-populacao-mostra-datafolha","status":"publish","type":"post","link":"http:\/\/blogdalucianaoliveira.com.br\/blog\/2021\/06\/08\/reprovacao-a-bolsonaro-na-advocacia-supera-a-media-da-populacao-mostra-datafolha\/","title":{"rendered":"Reprova\u00e7\u00e3o a Bolsonaro na advocacia supera a m\u00e9dia da popula\u00e7\u00e3o, mostra Datafolha"},"content":{"rendered":"\n<figure class=\"wp-block-image size-large\"><img data-recalc-dims=\"1\" loading=\"lazy\" decoding=\"async\" width=\"600\" height=\"400\" data-attachment-id=\"32182\" data-permalink=\"http:\/\/blogdalucianaoliveira.com.br\/blog\/2021\/06\/08\/reprovacao-a-bolsonaro-na-advocacia-supera-a-media-da-populacao-mostra-datafolha\/e1c0f5b1-2582-44fa-9c28-db5b5cb86617\/\" data-orig-file=\"https:\/\/i0.wp.com\/blogdalucianaoliveira.com.br\/blog\/wp-content\/uploads\/2021\/06\/E1C0F5B1-2582-44FA-9C28-DB5B5CB86617.jpeg?fit=768%2C512\" data-orig-size=\"768,512\" data-comments-opened=\"0\" data-image-meta=\"{&quot;aperture&quot;:&quot;0&quot;,&quot;credit&quot;:&quot;&quot;,&quot;camera&quot;:&quot;&quot;,&quot;caption&quot;:&quot;&quot;,&quot;created_timestamp&quot;:&quot;0&quot;,&quot;copyright&quot;:&quot;&quot;,&quot;focal_length&quot;:&quot;0&quot;,&quot;iso&quot;:&quot;0&quot;,&quot;shutter_speed&quot;:&quot;0&quot;,&quot;title&quot;:&quot;&quot;,&quot;orientation&quot;:&quot;0&quot;}\" data-image-title=\"E1C0F5B1-2582-44FA-9C28-DB5B5CB86617\" data-image-description=\"\" data-image-caption=\"\" data-medium-file=\"https:\/\/i0.wp.com\/blogdalucianaoliveira.com.br\/blog\/wp-content\/uploads\/2021\/06\/E1C0F5B1-2582-44FA-9C28-DB5B5CB86617.jpeg?fit=300%2C200\" data-large-file=\"https:\/\/i0.wp.com\/blogdalucianaoliveira.com.br\/blog\/wp-content\/uploads\/2021\/06\/E1C0F5B1-2582-44FA-9C28-DB5B5CB86617.jpeg?fit=600%2C400\" src=\"https:\/\/i0.wp.com\/blogdalucianaoliveira.com.br\/blog\/wp-content\/uploads\/2021\/06\/E1C0F5B1-2582-44FA-9C28-DB5B5CB86617.jpeg?resize=600%2C400\" alt=\"\" class=\"wp-image-32182\" srcset=\"https:\/\/i0.wp.com\/blogdalucianaoliveira.com.br\/blog\/wp-content\/uploads\/2021\/06\/E1C0F5B1-2582-44FA-9C28-DB5B5CB86617.jpeg?w=768 768w, https:\/\/i0.wp.com\/blogdalucianaoliveira.com.br\/blog\/wp-content\/uploads\/2021\/06\/E1C0F5B1-2582-44FA-9C28-DB5B5CB86617.jpeg?resize=300%2C200 300w, https:\/\/i0.wp.com\/blogdalucianaoliveira.com.br\/blog\/wp-content\/uploads\/2021\/06\/E1C0F5B1-2582-44FA-9C28-DB5B5CB86617.jpeg?resize=450%2C300 450w\" sizes=\"auto, (max-width: 600px) 100vw, 600px\" \/><\/figure>\n\n\n\n<p><strong>Folha de S\u00e3o Paulo <\/strong>&#8211; Pesquisa Datafolha in\u00e9dita\u00a0<a href=\"https:\/\/www1.folha.uol.com.br\/poder\/2021\/05\/datafolha-pesquisa-inedita-revela-perfil-economico-e-de-atuacao-da-advocacia-do-pais.shtml\">sobre o perfil e as opini\u00f5es da advocacia brasileira<\/a>\u00a0mostra que a maioria de advogadas e advogados considera o governo do presidente Jair Bolsonaro (sem partido) ruim ou p\u00e9ssimo.<\/p>\n\n\n\n<!--more-->\n\n\n\n<p>A reprova\u00e7\u00e3o entre os integrantes da classe \u00e9 de 54% e supera o \u00edndice verificado entre a popula\u00e7\u00e3o em geral, que \u00e9 de&nbsp;<a href=\"https:\/\/www1.folha.uol.com.br\/poder\/2021\/05\/datafolha-aprovacao-a-bolsonaro-recua-seis-pontos-e-chega-a-24-a-pior-marca-do-mandato-rejeicao-e-de-45.shtml\">45%, conforme apurado recentemente pelo instituto<\/a>.<\/p>\n\n\n\n<p>O levantamento tamb\u00e9m revela que mais de dois ter\u00e7os da advocacia \u201469% do total\u2014 declaram ter posicionamento pol\u00edtico de centro, incluindo as orienta\u00e7\u00f5es de centro, centro-esquerda e centro-direita.<\/p>\n\n\n\n<p>Esse dado indica que a categoria profissional est\u00e1 mais ao centro no espectro pol\u00edtico do que os cidad\u00e3os brasileiros em geral, de acordo com pesquisas do Datafolha.<\/p>\n\n\n\n<p>A pesquisa tamb\u00e9m contemplou a opini\u00e3o da advocacia em pautas de costumes e de seguran\u00e7a p\u00fablica. A classe apresentou posi\u00e7\u00f5es mais liberais em rela\u00e7\u00e3o ao aborto e \u00e0 criminaliza\u00e7\u00e3o das drogas e tamb\u00e9m se mostrou mais favor\u00e1vel \u00e0 posse de armas, na compara\u00e7\u00e3o com levantamentos mais amplos.<\/p>\n\n\n\n<p>Ainda assim, os resultados apontam que a categoria est\u00e1 bastante dividida sobre essas quest\u00f5es. O Datafolha indica tamb\u00e9m que a maioria da advocacia (60%) entende que a principal causa da criminalidade \u00e9 a falta de oportunidades iguais para todos.<\/p>\n\n\n\n<p>Realizado por telefone entre os dias 26 de fevereiro e 8 de mar\u00e7o, o levantamento ouviu 303 advogados, das cinco regi\u00f5es do pa\u00eds. Os resultados foram ponderados por sexo, idade e regi\u00e3o, conforme os dados do quadro da advocacia da OAB (Ordem dos Advogados do Brasil). \u200b<\/p>\n\n\n\n<p>Essa \u00e9 a quarta de uma s\u00e9rie de reportagens da&nbsp;<strong>Folha<\/strong>&nbsp;para apresentar e discutir os dados da pesquisa. O trabalho do Datafolha foi encomendado no \u00e2mbito da&nbsp;<a href=\"https:\/\/www1.folha.uol.com.br\/poder\/folhajus\/\">FolhaJus<\/a>, iniciativa do jornal voltada para os assuntos do mundo jur\u00eddico. A margem de erro da pesquisa \u00e9 de seis pontos percentuais, para mais ou para menos.<\/p>\n\n\n\n<p>A pesquisa teve apoio da AB2L (Associa\u00e7\u00e3o Brasileira de Lawtechs e Legaltechs), que ajudou a&nbsp;<strong>Folha<\/strong>&nbsp;a fazer parceria com a empresa Digesto para a extra\u00e7\u00e3o das informa\u00e7\u00f5es p\u00fablicas que integram o Cadastro Nacional dos Advogados, mantido pela OAB. A Digesto organizou os dados p\u00fablicos em arquivos que serviram de base para o Datafolha.<\/p>\n\n\n\n<p>Segundo a pesquisa, enquanto a parcela dos que avaliam a gest\u00e3o Bolsonaro como ruim ou p\u00e9ssima \u00e9 quase 10 pontos maior na advocacia, na&nbsp;<a href=\"https:\/\/www1.folha.uol.com.br\/poder\/2021\/05\/datafolha-aprovacao-a-bolsonaro-recua-seis-pontos-e-chega-a-24-a-pior-marca-do-mandato-rejeicao-e-de-45.shtml\">compara\u00e7\u00e3o com a popula\u00e7\u00e3o em geral<\/a>, os percentuais daqueles que aprovam o governo est\u00e3o mais pr\u00f3ximos nos levantamentos do Datafolha, e a diferen\u00e7a est\u00e1 dentro das margens de erro das pesquisas.<\/p>\n\n\n\n<p>A apura\u00e7\u00e3o no \u00e2mbito da advocacia indica que 28% da categoria considera a administra\u00e7\u00e3o do presidente \u00f3tima ou boa, enquanto entre a popula\u00e7\u00e3o em geral&nbsp;<a href=\"https:\/\/www1.folha.uol.com.br\/poder\/2021\/05\/datafolha-aprovacao-a-bolsonaro-recua-seis-pontos-e-chega-a-24-a-pior-marca-do-mandato-rejeicao-e-de-45.shtml\">o \u00edndice \u00e9 de 24%, a pior taxa desde o in\u00edcio do mandato<\/a>.<\/p>\n\n\n\n<p>Entre a classe profissional, o percentual daqueles que julgam o governo regular \u00e9 de 18%. J\u00e1 o levantamento mais amplo mostrou que 30% dos brasileiros t\u00eam essa posi\u00e7\u00e3o.<\/p>\n\n\n\n<p>A pesquisa que ouviu as advogadas e advogados brasileiros foi realizada anteriormente \u00e0&nbsp;<a href=\"https:\/\/www1.folha.uol.com.br\/folha-topicos\/na-mira-da-cpi\/\">abertura da CPI da Covid<\/a>no Senado, em que o governo vem sendo duramente criticado, mas ainda assim a gest\u00e3o recebeu uma avalia\u00e7\u00e3o pior da categoria jur\u00eddica.<\/p>\n\n\n\n<p>Os percentuais tiveram varia\u00e7\u00e3o significativa para alguns segmentos. Entre os advogados cat\u00f3licos, 59% avaliam o governo como ruim ou p\u00e9ssimo, e 24% como \u00f3timo ou bom. J\u00e1 em rela\u00e7\u00e3o ao contingente de evang\u00e9licos, o quadro praticamente se inverte: 52% consideram o governo \u00f3timo ou bom, e 33% ruim ou p\u00e9ssimo. \u200b<\/p>\n\n\n\n<p>Indagados sobre em qual posi\u00e7\u00e3o pol\u00edtica se colocavam, as advogadas e advogados brasileiros se classificaram majoritariamente ao centro do cen\u00e1rio pol\u00edtico. Entre os entrevistados, 26% se autodeclaram de centro, 24% de centro-direita e 19% de centro-esquerda.<\/p>\n\n\n\n<p>Nos extremos do espectro pol\u00edtico, 9% se posicionam como de esquerda e 14% como de direita. Disseram n\u00e3o saber 7%.<\/p>\n\n\n\n<p>Comparativamente, em pesquisa&nbsp;<a href=\"https:\/\/datafolha.folha.uol.com.br\/opiniaopublica\/2019\/12\/1988542-bolsonaro-e-aprovado-por-30-apos-um-ano-de-governo.shtml\">Datafoha realizada em dezembro de 2019<\/a>, 45% da popula\u00e7\u00e3o brasileira se posicionaram como de centro. Na subdivis\u00e3o desse total, 24% das pessoas se classificaram como de centro, 12% como de centro-direita e 9% como de centro-esquerda, ou seja, em \u00edndices inferiores aos apurados entre a advocacia.<\/p>\n\n\n\n<p>Ainda no levantamento de 2019, 28% se posicionaram como de direita e 17% como de esquerda.<\/p>\n\n\n\n<p>Entre a advocacia, quase metade dos entrevistados (46%) avalia que a lei sobre o aborto deve continuar como est\u00e1, e 5% dos advogados defendem que o aborto deve ser proibido em qualquer situa\u00e7\u00e3o.<\/p>\n\n\n\n<p>J\u00e1 o percentual favor\u00e1vel a flexibiliza\u00e7\u00f5es soma 48%, sendo que desse total 32% acreditam que o aborto deve ser permitido em mais situa\u00e7\u00f5es e 16% em qualquer situa\u00e7\u00e3o.<\/p>\n\n\n\n<p>Hoje a&nbsp;<a href=\"https:\/\/www1.folha.uol.com.br\/cotidiano\/2018\/07\/tire-suas-duvidas-sobre-as-regras-atuais-do-aborto-no-pais-e-o-que-pode-mudar.shtml\">lei permite o aborto<\/a>&nbsp;em casos de estupro e quando a vida da gestante est\u00e1 em risco, e o STF (Supremo Tribunal Federal) julgou l\u00edcita uma terceira situa\u00e7\u00e3o para permitir o ato, a de diagn\u00f3stico de feto anenc\u00e9falo.<\/p>\n\n\n\n<p>Os resultados do levantamento variam significativamente para alguns segmentos. Entre quem se posiciona como de direita, por exemplo, 61% defendem que a lei deve permanecer como est\u00e1. J\u00e1 entre aqueles que afirmam ser de esquerda, essa mesma ideia \u00e9 apoiada por apenas 9% dos entrevistados.<\/p>\n\n\n\n<p>Enquanto 45% dos entrevistados de esquerda entendem que o aborto deve ser permitido em mais situa\u00e7\u00f5es, essa medida \u00e9 apoiada por apenas 22% dos advogados de direita.<\/p>\n\n\n\n<p>J\u00e1 o \u00edndice de mulheres na advocacia que defende que o aborto seja permitido em qualquer situa\u00e7\u00e3o (20%) \u00e9 quase o dobro do de homens (11%).<\/p>\n\n\n\n<p>No \u00e2mbito da direita, 15% defendem que o aborto deve ser proibido em qualquer situa\u00e7\u00e3o. O percentual daqueles que concordam com a veda\u00e7\u00e3o total do procedimento chega a 7% entre cat\u00f3licos e a 5% entre evang\u00e9licos.<\/p>\n\n\n\n<p>A posi\u00e7\u00e3o da advocacia quanto a este tema \u00e9 menos restritiva do que a da popula\u00e7\u00e3o em geral, na compara\u00e7\u00e3o com&nbsp;<a href=\"https:\/\/www1.folha.uol.com.br\/cotidiano\/2019\/01\/ainda-minoria-contrarios-a-qualquer-tipo-de-aborto-no-brasil-atingem-41.shtml\">pesquisa Datafolha de dezembro de 2018<\/a>.<\/p>\n\n\n\n<p>Esse levantamento mostrou que \u00e0 \u00e9poca 41% da popula\u00e7\u00e3o defendiam que o aborto deveria ser proibido em qualquer situa\u00e7\u00e3o. J\u00e1 a pesquisa deste ano entre a advocacia revelou que apenas 5% da classe profissional t\u00eam essa posi\u00e7\u00e3o.<\/p>\n\n\n\n<p>Quanto ao tema da&nbsp;<a href=\"https:\/\/www1.folha.uol.com.br\/cotidiano\/2018\/11\/casamento-gay-nao-e-lei-mas-e-direito-garantido-pela-justica-entenda.shtml\">uni\u00e3o civil de pessoas do mesmo sexo<\/a>, o Datafolha mostra que a maioria (80%) da advocacia \u00e9 favor\u00e1vel a esse instituto jur\u00eddico, enquanto 13% se manifestaram como contr\u00e1rios e 6% como indiferentes.<\/p>\n\n\n\n<p>Assim como nos posicionamentos sobre o aborto, h\u00e1 diferen\u00e7a expressiva considerando os segmentos religiosos. Entre os cat\u00f3licos, o percentual de entrevistados favor\u00e1veis ao direito atingiu 85%, quase o dobro do percentual entre os evang\u00e9licos, que foi de 44%.<\/p>\n\n\n\n<p>Ainda que em menor grau, houve varia\u00e7\u00e3o a depender da faixa et\u00e1ria dos entrevistados. No grupo dos que t\u00eam entre 18 e 34 anos, 88% dos advogados manifestaram concord\u00e2ncia em rela\u00e7\u00e3o \u00e0 uni\u00e3o civil, enquanto entre os advogados com 45 anos ou mais, o percentual foi de 67%.<\/p>\n\n\n\n<p>A advocacia se mostrou dividida quanto \u00e0&nbsp;<a href=\"https:\/\/www1.folha.uol.com.br\/cotidiano\/2021\/04\/novo-decreto-de-armas-de-bolsonaro-entra-em-vigor-nesta-terca-feira-veja-o-que-esta-valendo.shtml\">posse de armas<\/a>: 51% dos entrevistados declararam contrariedade, e 47% defendem que ela seja um direito do cidad\u00e3o. Outros 2% afirmaram n\u00e3o saber.<\/p>\n\n\n\n<p>Os advogados foram questionados se \u201ca posse de armas deve ser proibida, pois representa amea\u00e7a \u00e0 vida de outras pessoas\u201d ou se \u201cpossuir uma arma legalizada deveria ser um direito do cidad\u00e3o para se defender\u201d.<\/p>\n\n\n\n<p>Enquanto 61% das mulheres responderam que a posse de armas deve ser proibida, um percentual menor de homens (41%) teve esse mesmo entendimento.<\/p>\n\n\n\n<p>Pesquisa Datafolha&nbsp;<a href=\"https:\/\/datafolha.folha.uol.com.br\/opiniaopublica\/2019\/07\/1988232-66-sao-contra-posse-de-armas.shtml\">de julho de 2019<\/a>&nbsp;com a popula\u00e7\u00e3o em geral teve resultados bem diferentes. Dois ter\u00e7os \u201466%\u2014 dos entrevistados defenderam a proibi\u00e7\u00e3o, enquanto 31% a legaliza\u00e7\u00e3o.<\/p>\n\n\n\n<h3 class=\"wp-block-heading\"><strong>Criminaliza\u00e7\u00e3o<\/strong>&nbsp;das drogas<\/h3>\n\n\n\n<p>Em rela\u00e7\u00e3o \u00e0&nbsp;<a href=\"https:\/\/arte.folha.uol.com.br\/mundo\/2020\/estado-alterado-as-politicas-para-drogas-pelo-mundo\/\">criminaliza\u00e7\u00e3o das drogas<\/a>, um pouco mais de dois ter\u00e7os da advocacia manifestou apoio a essa medida.<\/p>\n\n\n\n<p>Enquanto 68% dos entrevistados concordam com a frase \u201co uso de drogas deve ser proibido porque toda a sociedade sofre com as consequ\u00eancias\u201d, outros 26% preferiram aderir \u00e0 ideia de que \u201co uso de drogas n\u00e3o deve ser proibido, porque \u00e9 o usu\u00e1rio que sofre com as consequ\u00eancias\u201d.<\/p>\n\n\n\n<p>Houve diferen\u00e7a significativa a depender do posicionamento pol\u00edtico. Entre quem se posicionou como de direita e de centro, o percentual dos que consideram que o uso deve ser proibido \u00e9 de 90% e 70%, respectivamente. J\u00e1 entre os que se autodeclararam como de esquerda, o \u00edndice \u00e9 de 56%.<\/p>\n\n\n\n<p>Em pesquisa Datafolha com a popula\u00e7\u00e3o brasileira feita em<a href=\"https:\/\/www1.folha.uol.com.br\/cotidiano\/2017\/12\/1946754-apoio-a-descriminalizacao-da-maconha-cresce-e-chega-a-32-66-sao-contra.shtml\">&nbsp;junho de 2017<\/a>, 80% dos entrevistados defenderam que o uso de drogas deveria ser criminalizado e 17% manifestaram contrariedade \u00e0 medida.<\/p>\n\n\n\n<p>O levantamento do instituto no \u00e2mbito dos profissionais do direito tamb\u00e9m abordou o tema da criminalidade. A maioria (60%) da advocacia concorda com a ideia de que a falta de oportunidades \u00e9 a maior causa do fen\u00f4meno. Outros 34% acreditam que a principal causa da criminalidade \u00e9 maldade das pessoas.<\/p>\n\n\n\n<p>Assim como nos demais temas relacionados \u00e0&nbsp;<a href=\"https:\/\/temas.folha.uol.com.br\/e-agora-brasil-seguranca-publica\/sistema-prisional\/nao-basta-construir-presidios-e-preciso-prender-com-criterio.shtml\">seguran\u00e7a p\u00fablica<\/a>, neste tamb\u00e9m houve diferen\u00e7a significativa de acordo com o posicionamento pol\u00edtico dos entrevistados.<\/p>\n\n\n\n<p>Enquanto entre os de esquerda \u00e9 de 75% o percentual dos que acreditam que a falta de oportunidades \u00e9 a maior causa da criminalidade, entre os de direita o \u00edndice cai para 31%.<\/p>\n\n\n\n<p>Tamb\u00e9m por religi\u00e3o houve varia\u00e7\u00e3o relevante, j\u00e1 que 58% dos evang\u00e9licos concordam com a afirma\u00e7\u00e3o de que a maldade das pessoas \u00e9 a maior causa da criminalidade, e cerca de um ter\u00e7o (34%) dos cat\u00f3licos corrobora essa ideia.<\/p>\n\n\n\n<p>J\u00e1 pesquisa Datafolha de junho de 2017 mostrou, na popula\u00e7\u00e3o brasileira, percentual majorit\u00e1rio de pessoas que entendia que a maior causa de criminalidade \u00e9 a maldade das pessoas (56%), enquanto 41% disseram acreditar que o principal motivo era a falta de oportunidade iguais.<\/p>\n","protected":false},"excerpt":{"rendered":"<p>Folha de S\u00e3o Paulo &#8211; Pesquisa Datafolha in\u00e9dita\u00a0sobre o perfil e as opini\u00f5es da advocacia brasileira\u00a0mostra que a maioria de advogadas e advogados considera o governo do presidente Jair Bolsonaro (sem partido) ruim ou p\u00e9ssimo.<\/p>\n","protected":false},"author":1,"featured_media":0,"comment_status":"closed","ping_status":"open","sticky":false,"template":"","format":"standard","meta":{"_exactmetrics_skip_tracking":false,"_exactmetrics_sitenote_active":false,"_exactmetrics_sitenote_note":"","_exactmetrics_sitenote_category":0,"jetpack_post_was_ever_published":false,"_jetpack_newsletter_access":"","_jetpack_dont_email_post_to_subs":false,"_jetpack_newsletter_tier_id":0,"_jetpack_memberships_contains_paywalled_content":false,"_jetpack_memberships_contains_paid_content":false,"footnotes":"","jetpack_publicize_message":"","jetpack_publicize_feature_enabled":true,"jetpack_social_post_already_shared":true,"jetpack_social_options":{"image_generator_settings":{"template":"highway","enabled":false},"version":2}},"categories":[1],"tags":[],"class_list":["post-32181","post","type-post","status-publish","format-standard","hentry","category-notas"],"jetpack_publicize_connections":[],"jetpack_sharing_enabled":true,"jetpack_featured_media_url":"","jetpack_shortlink":"https:\/\/wp.me\/p7wKYW-8n3","jetpack-related-posts":[],"_links":{"self":[{"href":"http:\/\/blogdalucianaoliveira.com.br\/blog\/wp-json\/wp\/v2\/posts\/32181","targetHints":{"allow":["GET"]}}],"collection":[{"href":"http:\/\/blogdalucianaoliveira.com.br\/blog\/wp-json\/wp\/v2\/posts"}],"about":[{"href":"http:\/\/blogdalucianaoliveira.com.br\/blog\/wp-json\/wp\/v2\/types\/post"}],"author":[{"embeddable":true,"href":"http:\/\/blogdalucianaoliveira.com.br\/blog\/wp-json\/wp\/v2\/users\/1"}],"replies":[{"embeddable":true,"href":"http:\/\/blogdalucianaoliveira.com.br\/blog\/wp-json\/wp\/v2\/comments?post=32181"}],"version-history":[{"count":1,"href":"http:\/\/blogdalucianaoliveira.com.br\/blog\/wp-json\/wp\/v2\/posts\/32181\/revisions"}],"predecessor-version":[{"id":32183,"href":"http:\/\/blogdalucianaoliveira.com.br\/blog\/wp-json\/wp\/v2\/posts\/32181\/revisions\/32183"}],"wp:attachment":[{"href":"http:\/\/blogdalucianaoliveira.com.br\/blog\/wp-json\/wp\/v2\/media?parent=32181"}],"wp:term":[{"taxonomy":"category","embeddable":true,"href":"http:\/\/blogdalucianaoliveira.com.br\/blog\/wp-json\/wp\/v2\/categories?post=32181"},{"taxonomy":"post_tag","embeddable":true,"href":"http:\/\/blogdalucianaoliveira.com.br\/blog\/wp-json\/wp\/v2\/tags?post=32181"}],"curies":[{"name":"wp","href":"https:\/\/api.w.org\/{rel}","templated":true}]}}