{"id":32185,"date":"2021-06-08T18:20:44","date_gmt":"2021-06-08T22:20:44","guid":{"rendered":"http:\/\/blogdalucianaoliveira.com.br\/blog\/?p=32185"},"modified":"2021-06-08T18:20:48","modified_gmt":"2021-06-08T22:20:48","slug":"comissao-da-camara-aprova-texto-que-libera-cultivo-de-cannabis-para-fins-medicinais","status":"publish","type":"post","link":"http:\/\/blogdalucianaoliveira.com.br\/blog\/2021\/06\/08\/comissao-da-camara-aprova-texto-que-libera-cultivo-de-cannabis-para-fins-medicinais\/","title":{"rendered":"Comiss\u00e3o da C\u00e2mara aprova texto que libera cultivo de cannabis para fins medicinais"},"content":{"rendered":"\n<figure class=\"wp-block-image size-large\"><img loading=\"lazy\" decoding=\"async\" width=\"1250\" height=\"600\" data-attachment-id=\"32186\" data-permalink=\"http:\/\/blogdalucianaoliveira.com.br\/blog\/2021\/06\/08\/comissao-da-camara-aprova-texto-que-libera-cultivo-de-cannabis-para-fins-medicinais\/97050a39-d878-4a97-b284-6a85a13e5de8\/\" data-orig-file=\"https:\/\/i0.wp.com\/blogdalucianaoliveira.com.br\/blog\/wp-content\/uploads\/2021\/06\/97050A39-D878-4A97-B284-6A85A13E5DE8.jpeg?fit=1250%2C600\" data-orig-size=\"1250,600\" data-comments-opened=\"0\" data-image-meta=\"{&quot;aperture&quot;:&quot;0&quot;,&quot;credit&quot;:&quot;&quot;,&quot;camera&quot;:&quot;&quot;,&quot;caption&quot;:&quot;&quot;,&quot;created_timestamp&quot;:&quot;0&quot;,&quot;copyright&quot;:&quot;&quot;,&quot;focal_length&quot;:&quot;0&quot;,&quot;iso&quot;:&quot;0&quot;,&quot;shutter_speed&quot;:&quot;0&quot;,&quot;title&quot;:&quot;&quot;,&quot;orientation&quot;:&quot;0&quot;}\" data-image-title=\"97050A39-D878-4A97-B284-6A85A13E5DE8\" data-image-description=\"\" data-image-caption=\"\" data-medium-file=\"https:\/\/i0.wp.com\/blogdalucianaoliveira.com.br\/blog\/wp-content\/uploads\/2021\/06\/97050A39-D878-4A97-B284-6A85A13E5DE8.jpeg?fit=300%2C144\" data-large-file=\"https:\/\/i0.wp.com\/blogdalucianaoliveira.com.br\/blog\/wp-content\/uploads\/2021\/06\/97050A39-D878-4A97-B284-6A85A13E5DE8.jpeg?fit=600%2C288\" src=\"https:\/\/i0.wp.com\/blogdalucianaoliveira.com.br\/blog\/wp-content\/uploads\/2021\/06\/97050A39-D878-4A97-B284-6A85A13E5DE8.jpeg?fit=600%2C288\" alt=\"\" class=\"wp-image-32186\" srcset=\"https:\/\/i0.wp.com\/blogdalucianaoliveira.com.br\/blog\/wp-content\/uploads\/2021\/06\/97050A39-D878-4A97-B284-6A85A13E5DE8.jpeg?w=1250 1250w, https:\/\/i0.wp.com\/blogdalucianaoliveira.com.br\/blog\/wp-content\/uploads\/2021\/06\/97050A39-D878-4A97-B284-6A85A13E5DE8.jpeg?resize=300%2C144 300w, https:\/\/i0.wp.com\/blogdalucianaoliveira.com.br\/blog\/wp-content\/uploads\/2021\/06\/97050A39-D878-4A97-B284-6A85A13E5DE8.jpeg?resize=1024%2C492 1024w, https:\/\/i0.wp.com\/blogdalucianaoliveira.com.br\/blog\/wp-content\/uploads\/2021\/06\/97050A39-D878-4A97-B284-6A85A13E5DE8.jpeg?resize=768%2C369 768w, https:\/\/i0.wp.com\/blogdalucianaoliveira.com.br\/blog\/wp-content\/uploads\/2021\/06\/97050A39-D878-4A97-B284-6A85A13E5DE8.jpeg?resize=625%2C300 625w, https:\/\/i0.wp.com\/blogdalucianaoliveira.com.br\/blog\/wp-content\/uploads\/2021\/06\/97050A39-D878-4A97-B284-6A85A13E5DE8.jpeg?w=1200 1200w\" sizes=\"auto, (max-width: 600px) 100vw, 600px\" \/><\/figure>\n\n\n\n<p><strong>Ag\u00eancia C\u00e2mara&nbsp;<\/strong>&#8211; A comiss\u00e3o especial da C\u00e2mara dos Deputados que analisou o Projeto de Lei 399\/15 aprovou nesta ter\u00e7a-feira (8) parecer favor\u00e1vel \u00e0 legaliza\u00e7\u00e3o do cultivo no Brasil, exclusivamente para fins medicinais, veterin\u00e1rios, cient\u00edficos e industriais, da Cannabis sativa, planta tamb\u00e9m usada para produzir a maconha.<\/p>\n\n\n\n<!--more-->\n\n\n\n<p>A proposta foi aprovada na forma do substitutivo apresentado pelo relator, deputado Luciano Ducci (PSB-PR), ao texto original do deputado F\u00e1bio Mitidieri (PSD-SE). Em raz\u00e3o do car\u00e1ter conclusivo, o texto poderia seguir diretamente para o Senado, mas haver\u00e1 recurso para an\u00e1lise em Plen\u00e1rio.<\/p>\n\n\n\n<p>Na comiss\u00e3o especial, o texto-base recebeu nesta manh\u00e3 17 votos favor\u00e1veis e 17 contr\u00e1rios. O desempate em favor da aprova\u00e7\u00e3o coube ao relator, conforme determina o Regimento Interno da C\u00e2mara \u2013 que tamb\u00e9m permitiu substitui\u00e7\u00f5es de \u00faltima hora em vagas no colegiado. Nenhum dos oito destaques prosperou.<\/p>\n\n\n\n<p>O presidente da comiss\u00e3o especial, deputado Paulo Teixeira (PT-SP), celebrou o resultado. \u201cAgrade\u00e7o o trabalho de todos e o debate qualificado, colocamos o Brasil na fronteira cient\u00edfica e m\u00e9dica pelo bem-estar das pessoas\u201d, afirmou.<\/p>\n\n\n\n<p><strong>Parecer aprovado<\/strong><\/p>\n\n\n\n<p>O substitutivo aprovado legaliza o cultivo da Cannabis, mas imp\u00f5e restri\u00e7\u00f5es. O plantio poder\u00e1 ser feito apenas por pessoas jur\u00eddicas (empresas, associa\u00e7\u00f5es de pacientes ou organiza\u00e7\u00f5es n\u00e3o governamentais). N\u00e3o h\u00e1 previs\u00e3o para o cultivo individual. Seguir\u00e3o proibidos cigarros, ch\u00e1s e outros itens derivados da planta.<\/p>\n\n\n\n<p>No parecer final, houve ajustes ap\u00f3s debates no colegiado e em comiss\u00e3o geral realizada em 26 de maio. A partir de emenda da deputada Tal\u00edria Petrone (Psol-RJ), o relator incluiu linha de cr\u00e9dito destinada a associa\u00e7\u00f5es de pacientes que fabricam medicamentos, para que possam se ajustar \u00e0s exig\u00eancias da futura lei.<\/p>\n\n\n\n<p>A vers\u00e3o original de F\u00e1bio Mitidieri liberava a venda de medicamentos oriundos da Cannabis sativa ao alterar a Lei Antidrogas. \u201cAlgumas mol\u00e9stias podem ser tratadas com sucesso, de modo eficaz e seguro, em rela\u00e7\u00e3o a outras drogas que n\u00e3o apresentam respostas satisfat\u00f3rias em determinados casos.\u201d<\/p>\n","protected":false},"excerpt":{"rendered":"<p>Ag\u00eancia C\u00e2mara&nbsp;&#8211; A comiss\u00e3o especial da C\u00e2mara dos Deputados que analisou o Projeto de Lei 399\/15 aprovou nesta ter\u00e7a-feira (8) parecer favor\u00e1vel \u00e0 legaliza\u00e7\u00e3o do cultivo no Brasil, exclusivamente para fins medicinais, veterin\u00e1rios, cient\u00edficos e industriais, da Cannabis sativa, planta tamb\u00e9m usada para produzir a maconha.<\/p>\n","protected":false},"author":1,"featured_media":0,"comment_status":"closed","ping_status":"open","sticky":false,"template":"","format":"standard","meta":{"_exactmetrics_skip_tracking":false,"_exactmetrics_sitenote_active":false,"_exactmetrics_sitenote_note":"","_exactmetrics_sitenote_category":0,"jetpack_post_was_ever_published":false,"_jetpack_newsletter_access":"","_jetpack_dont_email_post_to_subs":false,"_jetpack_newsletter_tier_id":0,"_jetpack_memberships_contains_paywalled_content":false,"_jetpack_memberships_contains_paid_content":false,"footnotes":"","jetpack_publicize_message":"","jetpack_publicize_feature_enabled":true,"jetpack_social_post_already_shared":true,"jetpack_social_options":{"image_generator_settings":{"template":"highway","enabled":false},"version":2}},"categories":[1],"tags":[],"class_list":["post-32185","post","type-post","status-publish","format-standard","hentry","category-notas"],"jetpack_publicize_connections":[],"jetpack_sharing_enabled":true,"jetpack_featured_media_url":"","jetpack_shortlink":"https:\/\/wp.me\/p7wKYW-8n7","jetpack-related-posts":[],"_links":{"self":[{"href":"http:\/\/blogdalucianaoliveira.com.br\/blog\/wp-json\/wp\/v2\/posts\/32185","targetHints":{"allow":["GET"]}}],"collection":[{"href":"http:\/\/blogdalucianaoliveira.com.br\/blog\/wp-json\/wp\/v2\/posts"}],"about":[{"href":"http:\/\/blogdalucianaoliveira.com.br\/blog\/wp-json\/wp\/v2\/types\/post"}],"author":[{"embeddable":true,"href":"http:\/\/blogdalucianaoliveira.com.br\/blog\/wp-json\/wp\/v2\/users\/1"}],"replies":[{"embeddable":true,"href":"http:\/\/blogdalucianaoliveira.com.br\/blog\/wp-json\/wp\/v2\/comments?post=32185"}],"version-history":[{"count":1,"href":"http:\/\/blogdalucianaoliveira.com.br\/blog\/wp-json\/wp\/v2\/posts\/32185\/revisions"}],"predecessor-version":[{"id":32187,"href":"http:\/\/blogdalucianaoliveira.com.br\/blog\/wp-json\/wp\/v2\/posts\/32185\/revisions\/32187"}],"wp:attachment":[{"href":"http:\/\/blogdalucianaoliveira.com.br\/blog\/wp-json\/wp\/v2\/media?parent=32185"}],"wp:term":[{"taxonomy":"category","embeddable":true,"href":"http:\/\/blogdalucianaoliveira.com.br\/blog\/wp-json\/wp\/v2\/categories?post=32185"},{"taxonomy":"post_tag","embeddable":true,"href":"http:\/\/blogdalucianaoliveira.com.br\/blog\/wp-json\/wp\/v2\/tags?post=32185"}],"curies":[{"name":"wp","href":"https:\/\/api.w.org\/{rel}","templated":true}]}}