{"id":32189,"date":"2021-06-09T11:04:02","date_gmt":"2021-06-09T15:04:02","guid":{"rendered":"http:\/\/blogdalucianaoliveira.com.br\/blog\/?p=32189"},"modified":"2021-06-09T11:04:06","modified_gmt":"2021-06-09T15:04:06","slug":"conta-de-luz-do-brasil-pode-ficar-r-27-bilhoes-mais-cara-que-em-junho-do-ano-passado","status":"publish","type":"post","link":"http:\/\/blogdalucianaoliveira.com.br\/blog\/2021\/06\/09\/conta-de-luz-do-brasil-pode-ficar-r-27-bilhoes-mais-cara-que-em-junho-do-ano-passado\/","title":{"rendered":"CONTA DE LUZ DO BRASIL PODE FICAR R$ 2,7 BILH\u00d5ES MAIS CARA QUE EM JUNHO DO ANO PASSADO"},"content":{"rendered":"\n<figure class=\"wp-block-image\"><img data-recalc-dims=\"1\" decoding=\"async\" src=\"https:\/\/i0.wp.com\/piaui.folha.uol.com.br\/wp-content\/uploads\/2021\/06\/minpost3_abastecimento.jpg?w=600&#038;ssl=1\" alt=\"\"\/><\/figure>\n\n\n\n<p><strong>HELLEN GUIMAR\u00c3ES, JO\u00c3O GADO F. COSTA, ANTONIO S. PILTCHER E RENATA BUONO<\/strong>, na Revista Piau\u00ed<\/p>\n\n\n\n<!--more-->\n\n\n\n<p><br> Em junho de 2020, o Brasil consumiu 35.630 GWh de energia el\u00e9trica. Considerando um consumo similar para o mesmo m\u00eas deste ano, a conta de luz do Brasil pode subir R$ 2.697.547.300 em junho de 2021. <\/p>\n\n\n\n<p>Isso porque, diante do quadro de crise h\u00eddrica e da depend\u00eancia do Brasil em rela\u00e7\u00e3o \u00e0s hidrel\u00e9tricas, que correspondem a 65% da matriz el\u00e9trica do pa\u00eds, a Ag\u00eancia Nacional de Energia El\u00e9trica (Aneel) determinou para junho a bandeira tarif\u00e1ria vermelha 2, a mais cara.&nbsp;Para o consumidor, isso significa que, a cada 100 kWh de energia que usar, pagar\u00e1 R$7,57 extras em cima do pre\u00e7o habitual.<\/p>\n\n\n\n<p><strong>Fonte:&nbsp;<\/strong>Resenha Mensal de Energia El\u00e9trica Julho 2020 (dados referentes a Junho\/2020) e ANEEL Revis\u00e3o das Bandeiras Tarif\u00e1rias<br><\/p>\n","protected":false},"excerpt":{"rendered":"<p>HELLEN GUIMAR\u00c3ES, JO\u00c3O GADO F. COSTA, ANTONIO S. PILTCHER E RENATA BUONO, na Revista Piau\u00ed<\/p>\n","protected":false},"author":1,"featured_media":0,"comment_status":"closed","ping_status":"open","sticky":false,"template":"","format":"standard","meta":{"_exactmetrics_skip_tracking":false,"_exactmetrics_sitenote_active":false,"_exactmetrics_sitenote_note":"","_exactmetrics_sitenote_category":0,"jetpack_post_was_ever_published":false,"_jetpack_newsletter_access":"","_jetpack_dont_email_post_to_subs":false,"_jetpack_newsletter_tier_id":0,"_jetpack_memberships_contains_paywalled_content":false,"_jetpack_memberships_contains_paid_content":false,"footnotes":"","jetpack_publicize_message":"","jetpack_publicize_feature_enabled":true,"jetpack_social_post_already_shared":true,"jetpack_social_options":{"image_generator_settings":{"template":"highway","enabled":false},"version":2}},"categories":[1],"tags":[],"class_list":["post-32189","post","type-post","status-publish","format-standard","hentry","category-notas"],"jetpack_publicize_connections":[],"jetpack_sharing_enabled":true,"jetpack_featured_media_url":"","jetpack_shortlink":"https:\/\/wp.me\/p7wKYW-8nb","jetpack-related-posts":[],"_links":{"self":[{"href":"http:\/\/blogdalucianaoliveira.com.br\/blog\/wp-json\/wp\/v2\/posts\/32189","targetHints":{"allow":["GET"]}}],"collection":[{"href":"http:\/\/blogdalucianaoliveira.com.br\/blog\/wp-json\/wp\/v2\/posts"}],"about":[{"href":"http:\/\/blogdalucianaoliveira.com.br\/blog\/wp-json\/wp\/v2\/types\/post"}],"author":[{"embeddable":true,"href":"http:\/\/blogdalucianaoliveira.com.br\/blog\/wp-json\/wp\/v2\/users\/1"}],"replies":[{"embeddable":true,"href":"http:\/\/blogdalucianaoliveira.com.br\/blog\/wp-json\/wp\/v2\/comments?post=32189"}],"version-history":[{"count":1,"href":"http:\/\/blogdalucianaoliveira.com.br\/blog\/wp-json\/wp\/v2\/posts\/32189\/revisions"}],"predecessor-version":[{"id":32191,"href":"http:\/\/blogdalucianaoliveira.com.br\/blog\/wp-json\/wp\/v2\/posts\/32189\/revisions\/32191"}],"wp:attachment":[{"href":"http:\/\/blogdalucianaoliveira.com.br\/blog\/wp-json\/wp\/v2\/media?parent=32189"}],"wp:term":[{"taxonomy":"category","embeddable":true,"href":"http:\/\/blogdalucianaoliveira.com.br\/blog\/wp-json\/wp\/v2\/categories?post=32189"},{"taxonomy":"post_tag","embeddable":true,"href":"http:\/\/blogdalucianaoliveira.com.br\/blog\/wp-json\/wp\/v2\/tags?post=32189"}],"curies":[{"name":"wp","href":"https:\/\/api.w.org\/{rel}","templated":true}]}}