{"id":3219,"date":"2016-08-17T13:48:26","date_gmt":"2016-08-17T17:48:26","guid":{"rendered":"http:\/\/blogdalucianaoliveira.com.br\/blog\/?p=3219"},"modified":"2016-08-17T14:03:58","modified_gmt":"2016-08-17T18:03:58","slug":"a-sorte-do-temer-e-que-o-ingresso-pra-assistir-a-festa-de-encerramento-das-olimpiadas-e-caro","status":"publish","type":"post","link":"http:\/\/blogdalucianaoliveira.com.br\/blog\/2016\/08\/17\/a-sorte-do-temer-e-que-o-ingresso-pra-assistir-a-festa-de-encerramento-das-olimpiadas-e-caro\/","title":{"rendered":"A sorte do Temer \u00e9 que o ingresso pra festa de encerramento das Olimp\u00edadas \u00e9 caro"},"content":{"rendered":"<p><img data-recalc-dims=\"1\" loading=\"lazy\" decoding=\"async\" data-attachment-id=\"3218\" data-permalink=\"http:\/\/blogdalucianaoliveira.com.br\/blog\/image-723\/\" data-orig-file=\"https:\/\/i0.wp.com\/blogdalucianaoliveira.com.br\/blog\/wp-content\/uploads\/2016\/08\/image-88.jpeg?fit=924%2C768\" data-orig-size=\"924,768\" data-comments-opened=\"0\" data-image-meta=\"{&quot;aperture&quot;:&quot;0&quot;,&quot;credit&quot;:&quot;&quot;,&quot;camera&quot;:&quot;&quot;,&quot;caption&quot;:&quot;&quot;,&quot;created_timestamp&quot;:&quot;0&quot;,&quot;copyright&quot;:&quot;&quot;,&quot;focal_length&quot;:&quot;0&quot;,&quot;iso&quot;:&quot;0&quot;,&quot;shutter_speed&quot;:&quot;0&quot;,&quot;title&quot;:&quot;&quot;,&quot;orientation&quot;:&quot;1&quot;}\" data-image-title=\"image\" data-image-description=\"\" data-image-caption=\"\" data-medium-file=\"https:\/\/i0.wp.com\/blogdalucianaoliveira.com.br\/blog\/wp-content\/uploads\/2016\/08\/image-88.jpeg?fit=300%2C249\" data-large-file=\"https:\/\/i0.wp.com\/blogdalucianaoliveira.com.br\/blog\/wp-content\/uploads\/2016\/08\/image-88.jpeg?fit=600%2C499\" src=\"https:\/\/i0.wp.com\/blogdalucianaoliveira.com.br\/blog\/wp-content\/uploads\/2016\/08\/image-88.jpeg?resize=600%2C499\" alt=\"image\" width=\"600\" height=\"499\" class=\"alignnone size-full wp-image-3218\" srcset=\"https:\/\/i0.wp.com\/blogdalucianaoliveira.com.br\/blog\/wp-content\/uploads\/2016\/08\/image-88.jpeg?w=924 924w, https:\/\/i0.wp.com\/blogdalucianaoliveira.com.br\/blog\/wp-content\/uploads\/2016\/08\/image-88.jpeg?resize=300%2C249 300w, https:\/\/i0.wp.com\/blogdalucianaoliveira.com.br\/blog\/wp-content\/uploads\/2016\/08\/image-88.jpeg?resize=361%2C300 361w\" sizes=\"auto, (max-width: 600px) 100vw, 600px\" \/><\/p>\n<p>O presidente interino foi vaiado na abertura das Olimp\u00edadas do Rio e todos os dias, em v\u00e1rias competi\u00e7\u00f5es, houve protestos contra ele. <\/p>\n<p>A &#8216;grande m\u00eddia&#8217; abafou, porque as vaias e manifesta\u00e7\u00f5es com faixas e cartazes n\u00e3o dominaram as arenas ol\u00edmpicas. <!--more--><\/p>\n<p><img data-recalc-dims=\"1\" loading=\"lazy\" decoding=\"async\" data-attachment-id=\"3220\" data-permalink=\"http:\/\/blogdalucianaoliveira.com.br\/blog\/2016\/08\/17\/a-sorte-do-temer-e-que-o-ingresso-pra-assistir-a-festa-de-encerramento-das-olimpiadas-e-caro\/image-724\/\" data-orig-file=\"https:\/\/i0.wp.com\/blogdalucianaoliveira.com.br\/blog\/wp-content\/uploads\/2016\/08\/image-89.jpeg?fit=750%2C1099\" data-orig-size=\"750,1099\" data-comments-opened=\"0\" data-image-meta=\"{&quot;aperture&quot;:&quot;0&quot;,&quot;credit&quot;:&quot;&quot;,&quot;camera&quot;:&quot;&quot;,&quot;caption&quot;:&quot;&quot;,&quot;created_timestamp&quot;:&quot;0&quot;,&quot;copyright&quot;:&quot;&quot;,&quot;focal_length&quot;:&quot;0&quot;,&quot;iso&quot;:&quot;0&quot;,&quot;shutter_speed&quot;:&quot;0&quot;,&quot;title&quot;:&quot;&quot;,&quot;orientation&quot;:&quot;0&quot;}\" data-image-title=\"image\" data-image-description=\"\" data-image-caption=\"\" data-medium-file=\"https:\/\/i0.wp.com\/blogdalucianaoliveira.com.br\/blog\/wp-content\/uploads\/2016\/08\/image-89.jpeg?fit=205%2C300\" data-large-file=\"https:\/\/i0.wp.com\/blogdalucianaoliveira.com.br\/blog\/wp-content\/uploads\/2016\/08\/image-89.jpeg?fit=600%2C879\" src=\"https:\/\/i0.wp.com\/blogdalucianaoliveira.com.br\/blog\/wp-content\/uploads\/2016\/08\/image-89.jpeg?resize=600%2C879\" alt=\"image\" width=\"600\" height=\"879\" class=\"alignnone size-full wp-image-3220\" srcset=\"https:\/\/i0.wp.com\/blogdalucianaoliveira.com.br\/blog\/wp-content\/uploads\/2016\/08\/image-89.jpeg?w=750 750w, https:\/\/i0.wp.com\/blogdalucianaoliveira.com.br\/blog\/wp-content\/uploads\/2016\/08\/image-89.jpeg?resize=205%2C300 205w\" sizes=\"auto, (max-width: 600px) 100vw, 600px\" \/><\/p>\n<p>O p\u00fablico predominante \u00e9 de classe m\u00e9dia. <\/p>\n<p>Os ingressos de um modo geral custam caro e para o encerramento variam de 200 a 3 mil reais. \u00d3bvio que h\u00e1 menos vagas para os mais baratos, que acabam r\u00e1pido. <\/p>\n<p>Mesmo assim, as m\u00eddias sociais e a imprensa internacional revelaram a rejei\u00e7\u00e3o ao interino por meio de protestos. <\/p>\n<p>Repercutiu tanto, que ele mandou avisar que n\u00e3o vai \u00e0 cerim\u00f4nia de encerramento. <\/p>\n<p>Uma desfeita com os convidados, turistas e, principalmente, com os mais de 11 mil atletas que competiram. <\/p>\n<p>Se os ingressos n\u00e3o fossem t\u00e3o caros, seria imposs\u00edvel \u00e0 imprensa, abafar o coro pelo Fora Temer no \u00faltimo dia de festa. <\/p>\n","protected":false},"excerpt":{"rendered":"<p>O presidente interino foi vaiado na abertura das Olimp\u00edadas do Rio e todos os dias, em v\u00e1rias competi\u00e7\u00f5es, houve protestos contra ele. A &#8216;grande m\u00eddia&#8217; abafou, porque as vaias e manifesta\u00e7\u00f5es com faixas e cartazes n\u00e3o dominaram as arenas ol\u00edmpicas.<\/p>\n","protected":false},"author":1,"featured_media":0,"comment_status":"closed","ping_status":"open","sticky":false,"template":"","format":"standard","meta":{"_exactmetrics_skip_tracking":false,"_exactmetrics_sitenote_active":false,"_exactmetrics_sitenote_note":"","_exactmetrics_sitenote_category":0,"jetpack_post_was_ever_published":false,"_jetpack_newsletter_access":"","_jetpack_dont_email_post_to_subs":false,"_jetpack_newsletter_tier_id":0,"_jetpack_memberships_contains_paywalled_content":false,"_jetpack_memberships_contains_paid_content":false,"footnotes":"","jetpack_publicize_message":"","jetpack_publicize_feature_enabled":true,"jetpack_social_post_already_shared":true,"jetpack_social_options":{"image_generator_settings":{"template":"highway","enabled":false},"version":2}},"categories":[1],"tags":[191,190,45],"class_list":["post-3219","post","type-post","status-publish","format-standard","hentry","category-notas","tag-encerramento","tag-olimpiadas-2016","tag-temer"],"jetpack_publicize_connections":[],"jetpack_sharing_enabled":true,"jetpack_featured_media_url":"","jetpack_shortlink":"https:\/\/wp.me\/p7wKYW-PV","jetpack-related-posts":[],"_links":{"self":[{"href":"http:\/\/blogdalucianaoliveira.com.br\/blog\/wp-json\/wp\/v2\/posts\/3219","targetHints":{"allow":["GET"]}}],"collection":[{"href":"http:\/\/blogdalucianaoliveira.com.br\/blog\/wp-json\/wp\/v2\/posts"}],"about":[{"href":"http:\/\/blogdalucianaoliveira.com.br\/blog\/wp-json\/wp\/v2\/types\/post"}],"author":[{"embeddable":true,"href":"http:\/\/blogdalucianaoliveira.com.br\/blog\/wp-json\/wp\/v2\/users\/1"}],"replies":[{"embeddable":true,"href":"http:\/\/blogdalucianaoliveira.com.br\/blog\/wp-json\/wp\/v2\/comments?post=3219"}],"version-history":[{"count":5,"href":"http:\/\/blogdalucianaoliveira.com.br\/blog\/wp-json\/wp\/v2\/posts\/3219\/revisions"}],"predecessor-version":[{"id":3225,"href":"http:\/\/blogdalucianaoliveira.com.br\/blog\/wp-json\/wp\/v2\/posts\/3219\/revisions\/3225"}],"wp:attachment":[{"href":"http:\/\/blogdalucianaoliveira.com.br\/blog\/wp-json\/wp\/v2\/media?parent=3219"}],"wp:term":[{"taxonomy":"category","embeddable":true,"href":"http:\/\/blogdalucianaoliveira.com.br\/blog\/wp-json\/wp\/v2\/categories?post=3219"},{"taxonomy":"post_tag","embeddable":true,"href":"http:\/\/blogdalucianaoliveira.com.br\/blog\/wp-json\/wp\/v2\/tags?post=3219"}],"curies":[{"name":"wp","href":"https:\/\/api.w.org\/{rel}","templated":true}]}}