{"id":32196,"date":"2021-06-09T11:53:05","date_gmt":"2021-06-09T15:53:05","guid":{"rendered":"http:\/\/blogdalucianaoliveira.com.br\/blog\/?p=32196"},"modified":"2021-06-09T11:53:07","modified_gmt":"2021-06-09T15:53:07","slug":"mudanca-climatica-tera-mais-impacto-na-economia-global-do-que-a-covid-19","status":"publish","type":"post","link":"http:\/\/blogdalucianaoliveira.com.br\/blog\/2021\/06\/09\/mudanca-climatica-tera-mais-impacto-na-economia-global-do-que-a-covid-19\/","title":{"rendered":"Mudan\u00e7a clim\u00e1tica ter\u00e1 mais impacto na economia global do que a covid-19"},"content":{"rendered":"\n<figure class=\"wp-block-image size-large\"><img data-recalc-dims=\"1\" loading=\"lazy\" decoding=\"async\" width=\"600\" height=\"286\" data-attachment-id=\"32197\" data-permalink=\"http:\/\/blogdalucianaoliveira.com.br\/blog\/2021\/06\/09\/mudanca-climatica-tera-mais-impacto-na-economia-global-do-que-a-covid-19\/muda\/\" data-orig-file=\"https:\/\/i0.wp.com\/blogdalucianaoliveira.com.br\/blog\/wp-content\/uploads\/2021\/06\/muda.jpg?fit=750%2C358\" data-orig-size=\"750,358\" data-comments-opened=\"0\" data-image-meta=\"{&quot;aperture&quot;:&quot;0&quot;,&quot;credit&quot;:&quot;&quot;,&quot;camera&quot;:&quot;&quot;,&quot;caption&quot;:&quot;&quot;,&quot;created_timestamp&quot;:&quot;0&quot;,&quot;copyright&quot;:&quot;&quot;,&quot;focal_length&quot;:&quot;0&quot;,&quot;iso&quot;:&quot;0&quot;,&quot;shutter_speed&quot;:&quot;0&quot;,&quot;title&quot;:&quot;&quot;,&quot;orientation&quot;:&quot;0&quot;}\" data-image-title=\"muda\" data-image-description=\"\" data-image-caption=\"\" data-medium-file=\"https:\/\/i0.wp.com\/blogdalucianaoliveira.com.br\/blog\/wp-content\/uploads\/2021\/06\/muda.jpg?fit=300%2C143\" data-large-file=\"https:\/\/i0.wp.com\/blogdalucianaoliveira.com.br\/blog\/wp-content\/uploads\/2021\/06\/muda.jpg?fit=600%2C286\" src=\"https:\/\/i0.wp.com\/blogdalucianaoliveira.com.br\/blog\/wp-content\/uploads\/2021\/06\/muda.jpg?resize=600%2C286\" alt=\"\" class=\"wp-image-32197\" srcset=\"https:\/\/i0.wp.com\/blogdalucianaoliveira.com.br\/blog\/wp-content\/uploads\/2021\/06\/muda.jpg?w=750 750w, https:\/\/i0.wp.com\/blogdalucianaoliveira.com.br\/blog\/wp-content\/uploads\/2021\/06\/muda.jpg?resize=300%2C143 300w, https:\/\/i0.wp.com\/blogdalucianaoliveira.com.br\/blog\/wp-content\/uploads\/2021\/06\/muda.jpg?resize=628%2C300 628w\" sizes=\"auto, (max-width: 600px) 100vw, 600px\" \/><\/figure>\n\n\n\n<p><strong>Humanitas Unisinos<\/strong> &#8211; A economia dos pa\u00edses mais ricos vai encolher duas vezes mais do que na\u00a0<strong>crise da covid-19<\/strong>, se os governos n\u00e3o conseguirem lidar com o aumento das\u00a0<a rel=\"noreferrer noopener\" href=\"http:\/\/www.ihu.unisinos.br\/78-noticias\/609844-emissoes-de-gases-de-efeito-estufa-de-reservatorios-sao-29-maiores-do-que-o-estimado\" target=\"_blank\">emiss\u00f5es de gases de efeito estufa<\/a>.<\/p>\n\n\n\n<!--more-->\n\n\n\n<p>A reportagem \u00e9&nbsp;publicada por&nbsp;<strong>RTP \u2013 R\u00e1dio e Televis\u00e3o de Portugal<\/strong>\/<strong>Ag\u00eancia Brasil<\/strong>&nbsp;e reproduzida por&nbsp;<a href=\"https:\/\/www.ecodebate.com.br\/2021\/06\/07\/mudanca-climatica-tera-mais-impacto-na-economia-global-do-que-a-covid-19\/\" target=\"_blank\" rel=\"noreferrer noopener\">EcoDebate<\/a>, 07-06-2021.&nbsp;<\/p>\n\n\n\n<p>De acordo com um novo relat\u00f3rio, divulgado esta segunda-feira pela organiza\u00e7\u00e3o n\u00e3o governamental (ONG)&nbsp;<strong>Oxfam<\/strong>, as na\u00e7\u00f5es do&nbsp;<strong>G7<\/strong>&nbsp;podem perder 8,5% do seu&nbsp;<strong>Produto Interno Bruto<\/strong>&nbsp;(<strong>PIB<\/strong>) por ano at\u00e9 2050.<\/p>\n\n\n\n<p>O custo anual para enfrentar os impactos da crise clim\u00e1tica vai superar o custo econ\u00f4mico da pandemia. Em 2050, as na\u00e7\u00f5es do G7 \u2013 o grupo dos pa\u00edses mais industrializados do mundo \u2013 podem perder em m\u00e9dia 8,5% do&nbsp;<strong>PIB<\/strong>&nbsp;a cada ano (o equivalente a US$ 4,8 trilh\u00f5es), ou seja, o dobro dos 4,2% atingidos pelas perdas econ\u00f4micas geradas pela covid-19, se as altera\u00e7\u00f5es clim\u00e1ticas continuarem sem ser controladas ou revertidas.<\/p>\n\n\n\n<p>As conclus\u00f5es foram divulgadas nesta segunda-feira (7) em novo relat\u00f3rio da&nbsp;<strong>Oxfam<\/strong>, baseado na investiga\u00e7\u00e3o do&nbsp;<strong>Swiss Re Institute<\/strong>.<\/p>\n\n\n\n<p>\u201cO mundo pode perder cerca de 10% do valor econ\u00f4mico total em meados do s\u00e9culo se as&nbsp;<a href=\"http:\/\/www.ihu.unisinos.br\/78-noticias\/608638-mudancas-climaticas-podem-reduzir-o-pib-global-em-ate-18\" target=\"_blank\" rel=\"noreferrer noopener\">altera\u00e7\u00f5es clim\u00e1ticas<\/a>&nbsp;permanecerem na trajet\u00f3ria atualmente prevista e se o Acordo de Paris e as metas de emiss\u00f5es l\u00edquidas zero para 2050 n\u00e3o forem cumpridas\u201d, alerta o relat\u00f3rio.<\/p>\n\n\n\n<p>Os especialista acrescentam que os pa\u00edses do&nbsp;<strong>G7<\/strong>&nbsp;podem ver as suas economias encolherem duas vezes mais do que agora que enfrentam a&nbsp;<strong>pandemia<\/strong>, nos pr\u00f3ximos 30 anos, se a&nbsp;<a href=\"http:\/\/www.ihu.unisinos.br\/78-noticias\/606271-pandemia-e-mudanca-climatica-ameacam-estabilidade-global-diz-relatorio\" target=\"_blank\" rel=\"noreferrer noopener\">temperatura global<\/a>&nbsp;subir 2,6\u00baC. Entre os motivos est\u00e3o as perdas causadas pelo calor e a sa\u00fade das popula\u00e7\u00f5es com as mudan\u00e7as extremas da temperatura, o aumento do n\u00edvel do mar, as secas e inunda\u00e7\u00f5es e a redu\u00e7\u00e3o de produtividade dos terrenos agr\u00edcolas, que podem impedir o crescimento econ\u00f4mico dessas na\u00e7\u00f5es.<\/p>\n\n\n\n<p>A economia do&nbsp;<strong>Reino Unido<\/strong>, por exemplo, pode perder 6,5% ao ano at\u00e9 2050 com as pol\u00edticas e proje\u00e7\u00f5es atuais, em compara\u00e7\u00e3o com os 2,4% se as metas do acordo clim\u00e1tico de Paris fossem cumpridas.<\/p>\n\n\n\n<p>Mas h\u00e1 pa\u00edses que ser\u00e3o ainda mais prejudicados, incluindo a \u00cdndia, cuja economia pode encolher cerca de 25% devido ao aumento de temperatura. Tamb\u00e9m a Austr\u00e1lia vai perder cerca de 12,5% da sua produ\u00e7\u00e3o e a Coreia do Sul arrisca-se a perder quase um d\u00e9cimo do seu potencial econ\u00f4mico.<\/p>\n\n\n\n<p>Por essa raz\u00e3o, a&nbsp;<strong>Oxfam<\/strong>&nbsp;apela ao&nbsp;<strong>G7<\/strong>&nbsp;para que estabele\u00e7a novas metas clim\u00e1ticas na prepara\u00e7\u00e3o para a&nbsp;<strong>COP26<\/strong>. Os l\u00edderes dos pa\u00edses do&nbsp;<strong>G7<\/strong>&nbsp;\u2013&nbsp;<strong>Reino Unido<\/strong>,&nbsp;<strong>Estados Unidos<\/strong>&nbsp;(<strong>EUA<\/strong>),&nbsp;<strong>Jap\u00e3o<\/strong>,&nbsp;<strong>Canad\u00e1<\/strong>,&nbsp;<strong>Fran\u00e7a<\/strong>,&nbsp;<strong>Alemanha<\/strong>,&nbsp;<strong>It\u00e1lia<\/strong>&nbsp;\u2013 e a&nbsp;<strong>Uni\u00e3o<\/strong>&nbsp;<strong>Europeia<\/strong>&nbsp;(<strong>UE<\/strong>) v\u00e3o reunir-se, na&nbsp;<strong>Cornualha<\/strong>&nbsp;(<strong>Reino Unido<\/strong>), na pr\u00f3xima sexta-feira (11), para debater a economia global, as vacinas contra a covid-19, os impostos sobre as empresas e a&nbsp;<a href=\"http:\/\/www.ihu.unisinos.br\/78-noticias\/603618-sem-as-ciencias-sociais-a-crise-climatica-e-simplesmente-incompreensivel-entrevista-com-emilio-santiago-muino\" target=\"_blank\" rel=\"noreferrer noopener\">crise clim\u00e1tica<\/a>.<\/p>\n\n\n\n<p>\u201cEconomias mais desenvolvidas n\u00e3o est\u00e3o imunes\u201d<\/p>\n\n\n\n<p>De acordo com os dados do documento, relativamente \u00e0 exposi\u00e7\u00e3o a \u201criscos clim\u00e1ticos severos resultantes das altera\u00e7\u00f5es clim\u00e1ticas\u201d, o sudeste da \u00c1sia e a Am\u00e9rica Latina provavelmente ser\u00e3o \u201cos mais suscet\u00edveis a condi\u00e7\u00f5es de seca\u201d. Por outro lado, muitos pa\u00edses no norte e no leste da Europa, devem sofrer mais impactos devido a chuvas intensas e inunda\u00e7\u00f5es.<\/p>\n\n\n\n<p>O&nbsp;<strong>\u00cdndice de Economia do Clima<\/strong>, apresentado no relat\u00f3rio, indica que \u201cmuitas economias avan\u00e7adas no Hemisf\u00e9rio Norte s\u00e3o menos vulner\u00e1veis aos efeitos gerais das&nbsp;<strong>altera\u00e7\u00f5es clim\u00e1ticas<\/strong>, estando menos expostas aos riscos associados e com melhores recursos para lidar com isso\u201d. Os&nbsp;<strong>EUA<\/strong>, o&nbsp;<strong>Canad\u00e1<\/strong>&nbsp;e a&nbsp;<strong>Alemanha<\/strong>, por exemplo, est\u00e3o entre os dez pa\u00edses menos vulner\u00e1veis aos impactos da crise clim\u00e1tica, tanto em n\u00edvel ambiental e de sa\u00fade da popula\u00e7\u00e3o quanto em n\u00edvel econ\u00f4mico. Portugal tamb\u00e9m aparece nos primeiros lugares como um dos pa\u00edses menos vulner\u00e1vel a impactos f\u00edsicos das altera\u00e7\u00f5es clim\u00e1ticas.<\/p>\n\n\n\n<p>Essas descobertas, avisa a&nbsp;<strong>Oxfam<\/strong>, fazem sobressair a necessidade de as na\u00e7\u00f5es reduzirem as&nbsp;<a href=\"http:\/\/www.ihu.unisinos.br\/78-noticias\/601368-covid-19-e-seu-impacto-nas-emissoes-de-carbono\" target=\"_blank\" rel=\"noreferrer noopener\">emiss\u00f5es de carbono<\/a>&nbsp;mais rapidamente.<\/p>\n\n\n\n<p>\u201cA crise clim\u00e1tica est\u00e1 devastando vidas nos pa\u00edses mais pobres, mas as economias mais desenvolvidas do mundo n\u00e3o est\u00e3o imunes\u201d, afirma no relat\u00f3rio o&nbsp;<strong>CEO<\/strong>&nbsp;da&nbsp;<strong>Oxfam<\/strong>&nbsp;<strong>GB<\/strong>,&nbsp;<strong>Danny Sriskandarajah<\/strong>.<\/p>\n\n\n\n<p>\u201cO governo do Reino Unido tem uma oportunidade \u00fanica numa gera\u00e7\u00e3o de liderar o mundo em dire\u00e7\u00e3o a um planeta mais seguro e habit\u00e1vel para todos\u201d, acrescentou. \u201cDeve for\u00e7ar todos os tend\u00f5es diplom\u00e1ticos para garantir o resultado mais forte poss\u00edvel no&nbsp;<strong>G7<\/strong>&nbsp;e na&nbsp;<a href=\"http:\/\/www.ihu.unisinos.br\/78-noticias\/607075-papa-francisco-visitara-glasgow-para-as-negociacoes-climaticas-da-cop-26\" target=\"_blank\" rel=\"noreferrer noopener\">COP26<\/a>&nbsp;e liderar pelo exemplo., transformando promessas em a\u00e7\u00f5es e revertendo decis\u00f5es autodestrutivas, como a proposta da mina de carv\u00e3o em&nbsp;<strong>Cumbria<\/strong>&nbsp;e cortes na ajuda internacional\u201d.<\/p>\n\n\n\n<p>J\u00e1&nbsp;<strong>Jerome Haegeli<\/strong>, economista-chefe do grupo&nbsp;<strong>Swiss Re<\/strong>, considera que \u201cas altera\u00e7\u00f5es clim\u00e1ticas s\u00e3o o risco n\u00famero um de longo prazo para a economia global, e ficar onde estamos n\u00e3o \u00e9 uma op\u00e7\u00e3o \u2013 precisamos de mais progresso por parte do G7\u201d.<\/p>\n\n\n\n<p>Isso significa \u201cn\u00e3o apenas obriga\u00e7\u00f5es de&nbsp;<a href=\"http:\/\/www.ihu.unisinos.br\/78-noticias\/591970-como-os-edificios-podem-reduzir-80-de-suas-emissoes-de-carbono-ate-2050\" target=\"_blank\" rel=\"noreferrer noopener\">reduzir o CO2<\/a>, mas tamb\u00e9m ajudar os pa\u00edses em desenvolvimento\u201d.<\/p>\n\n\n\n<p>Segundo&nbsp;<strong>Haegeli<\/strong>, tamb\u00e9m a distribui\u00e7\u00e3o de&nbsp;<a href=\"http:\/\/www.ihu.unisinos.br\/78-noticias\/609430-vacinas-contra-a-covid-19-criaram-9-novos-bilionarios-com-riqueza-superior-ao-custo-para-vacinar-paises-mais-pobres\" target=\"_blank\" rel=\"noreferrer noopener\">vacinas contra a covid-19<\/a>&nbsp;\u00e9 uma forma de ajudar os pa\u00edses em desenvolvimento, \u201cj\u00e1 que as suas economias foram duramente atingidas pela pandemia e precisariam de ajuda para se recuperar num caminho verde, em vez de aumentar os combust\u00edveis f\u00f3sseis\u201d.<\/p>\n\n\n\n<p>A&nbsp;<strong>Swiss<\/strong>&nbsp;Re concluiu que as pol\u00edticas e as atuais promessas dos governos para reduzir as&nbsp;<a href=\"http:\/\/www.ihu.unisinos.br\/78-noticias\/609359-emissoes-de-gases-de-efeito-estufa-estao-prolongando-e-intensificando-as-secas\" target=\"_blank\" rel=\"noreferrer noopener\">emiss\u00f5es de gases de efeito estufa<\/a>&nbsp;ainda s\u00e3o inadequadas para cumprir as metas do acordo de Paris.<\/p>\n\n\n\n<h3 class=\"wp-block-heading\">Pa\u00edses em desenvolvimento e ambiente dependente de \u201cajuda internacional\u201d<\/h3>\n\n\n\n<p>Antes da&nbsp;<a href=\"http:\/\/www.ihu.unisinos.br\/78-noticias\/607167-a-importancia-de-se-comprometer-com-a-cop26\" target=\"_blank\" rel=\"noreferrer noopener\">COP26<\/a>, o Reino Unido pede a todos os pa\u00edses para apresentarem promessas mais duras sobre a redu\u00e7\u00e3o das&nbsp;<strong>emiss\u00f5es de carbono<\/strong>, a fim de cumprir as metas de Paris e de limitar o aquecimento global abaixo de 2\u00baC.<\/p>\n\n\n\n<p>Mas esse limite est\u00e1 cada vez mais amea\u00e7ado, visto que as&nbsp;<a href=\"http:\/\/www.ihu.unisinos.br\/78-noticias\/609327-desmatamento-na-amazonia-aumenta-a-emissoes-e-poe-em-risco-metas-climaticas-do-brasil\" target=\"_blank\" rel=\"noreferrer noopener\">emiss\u00f5es de gases de efeito<\/a>&nbsp;estufa devem aumentar drasticamente este ano, para o segundo maior aumento j\u00e1 registrado, devido \u00e0 recupera\u00e7\u00e3o da recess\u00e3o da covid-19 e ao aumento do uso de carv\u00e3o.<\/p>\n\n\n\n<p>\u201cO risco clim\u00e1tico \u00e9 um risco sist\u00eamico, que pode ser gerido por meio de uma a\u00e7\u00e3o pol\u00edtica global coordenada. Existe uma oportunidade \u00fanica de tornar as nossas economias mais verdes\u201d, afirmam os especialistas no relat\u00f3rio.<\/p>\n\n\n\n<p>Contudo, a ajuda internacional tem sido o principal obst\u00e1culo para muitos, e tem sido descrita como um desastre diplom\u00e1tico j\u00e1 que o sucesso da&nbsp;<a href=\"http:\/\/www.ihu.unisinos.br\/78-noticias\/604667-cupula-do-clima-cop26-foi-adiada-mas-as-acoes-devem-ser-impulsionadas-dizem-ativistas\" target=\"_blank\" rel=\"noreferrer noopener\">COP26<\/a>&nbsp;depender\u00e1, em parte, de o Reino Unido conseguir persuadir outras na\u00e7\u00f5es ricas na c\u00fapula do G7 a apresentarem promessas muito maiores de assist\u00eancia financeira aos pa\u00edses em desenvolvimento, de forma a ajudar os pa\u00edses pobres a reduzir suas emiss\u00f5es e a lidar com os impactos da degrada\u00e7\u00e3o do clima.<\/p>\n\n\n\n<p>O pa\u00eds mais afetado no&nbsp;<strong>G7<\/strong>&nbsp;seria a&nbsp;<strong>It\u00e1lia<\/strong>, que deve perder 11,4% do&nbsp;<strong>PIB<\/strong>&nbsp;a cada ano. Mas os pa\u00edses em desenvolvimento seriam duramente atingidos, com a&nbsp;<strong>\u00cdndia<\/strong>&nbsp;sofrendo perdas de 27% no&nbsp;<strong>PIB<\/strong>&nbsp;e as&nbsp;<strong>Filipinas<\/strong>, 35%.<\/p>\n\n\n\n<p>O primeiro&nbsp;<strong>Registro de Amea\u00e7as Ecol\u00f3gicas<\/strong>&nbsp;(<strong>ETR<\/strong>), do Instituto de Economia e Paz, alertou tamb\u00e9m que a crise clim\u00e1tica pode levar ao deslocamento de mais de 1,2 bilh\u00e3o de pessoas at\u00e9 2050, considerando as amea\u00e7as \u00e0 sua sobreviv\u00eancia como desastres naturais, escassez de alimentos e \u00e1gua, criando novas tend\u00eancias de migra\u00e7\u00e3o. Al\u00e9m disso, o Banco Mundial revelou, recentemente, que haver\u00e1 entre 32 milh\u00f5es e 132 milh\u00f5es de pessoas a mais vivendo em condi\u00e7\u00f5es de pobreza extrema at\u00e9 2030, devido ao&nbsp;<a href=\"http:\/\/www.ihu.unisinos.br\/78-noticias\/583626-a-humanidade-tem-pouco-tempo-para-mitigar-o-aquecimento-global\" target=\"_blank\" rel=\"noreferrer noopener\">aquecimento global<\/a>.<\/p>\n\n\n\n<p>O&nbsp;<a href=\"http:\/\/www.ihu.unisinos.br\/78-noticias\/609773-84-dos-brasileiros-defendem-aumento-de-impostos-para-super-ricos-para-financiar-servicos-essenciais-revela-nova-pesquisa-oxfam-brasil-datafolha\" target=\"_blank\" rel=\"noreferrer noopener\">relat\u00f3rio da Oxfam&nbsp;<\/a>reitera ainda que os governos do&nbsp;<strong>G7<\/strong>&nbsp;n\u00e3o est\u00e3o cumprindo a promessa de contribuir com US$ 100 bilh\u00f5es para ajudar os pa\u00edses em desenvolvimento, estimando-se que tenha entregado at\u00e9 agora apenas US$ 10 bilh\u00f5es para projetos e iniciativas de adapta\u00e7\u00e3o clim\u00e1tica.<\/p>\n\n\n\n<p>Atualmente, apenas o&nbsp;<strong>Reino Unido<\/strong>&nbsp;e os&nbsp;<strong>EUA<\/strong>&nbsp;concordaram em aumentar o financiamento dos n\u00edveis atuais. A Fran\u00e7a, por sua vez, pretende manter os n\u00edveis atuais de financiamento clim\u00e1tico, e o&nbsp;<strong>Canad\u00e1<\/strong>, a&nbsp;<strong>Alemanha<\/strong>, o&nbsp;<strong>Jap\u00e3o<\/strong>&nbsp;e a&nbsp;<strong>It\u00e1lia<\/strong>&nbsp;ainda n\u00e3o confirmaram se pretendem manter ou aumentar os investimentos verdes nos pa\u00edses menos desenvolvidos.<br><\/p>\n\n\n\n<p><\/p>\n","protected":false},"excerpt":{"rendered":"<p>Humanitas Unisinos &#8211; A economia dos pa\u00edses mais ricos vai encolher duas vezes mais do que na\u00a0crise da covid-19, se os governos n\u00e3o conseguirem lidar com o aumento das\u00a0emiss\u00f5es de gases de efeito estufa.<\/p>\n","protected":false},"author":1,"featured_media":0,"comment_status":"closed","ping_status":"open","sticky":false,"template":"","format":"standard","meta":{"_exactmetrics_skip_tracking":false,"_exactmetrics_sitenote_active":false,"_exactmetrics_sitenote_note":"","_exactmetrics_sitenote_category":0,"jetpack_post_was_ever_published":false,"_jetpack_newsletter_access":"","_jetpack_dont_email_post_to_subs":false,"_jetpack_newsletter_tier_id":0,"_jetpack_memberships_contains_paywalled_content":false,"_jetpack_memberships_contains_paid_content":false,"footnotes":"","jetpack_publicize_message":"","jetpack_publicize_feature_enabled":true,"jetpack_social_post_already_shared":true,"jetpack_social_options":{"image_generator_settings":{"template":"highway","enabled":false},"version":2}},"categories":[1],"tags":[],"class_list":["post-32196","post","type-post","status-publish","format-standard","hentry","category-notas"],"jetpack_publicize_connections":[],"jetpack_sharing_enabled":true,"jetpack_featured_media_url":"","jetpack_shortlink":"https:\/\/wp.me\/p7wKYW-8ni","jetpack-related-posts":[],"_links":{"self":[{"href":"http:\/\/blogdalucianaoliveira.com.br\/blog\/wp-json\/wp\/v2\/posts\/32196","targetHints":{"allow":["GET"]}}],"collection":[{"href":"http:\/\/blogdalucianaoliveira.com.br\/blog\/wp-json\/wp\/v2\/posts"}],"about":[{"href":"http:\/\/blogdalucianaoliveira.com.br\/blog\/wp-json\/wp\/v2\/types\/post"}],"author":[{"embeddable":true,"href":"http:\/\/blogdalucianaoliveira.com.br\/blog\/wp-json\/wp\/v2\/users\/1"}],"replies":[{"embeddable":true,"href":"http:\/\/blogdalucianaoliveira.com.br\/blog\/wp-json\/wp\/v2\/comments?post=32196"}],"version-history":[{"count":1,"href":"http:\/\/blogdalucianaoliveira.com.br\/blog\/wp-json\/wp\/v2\/posts\/32196\/revisions"}],"predecessor-version":[{"id":32198,"href":"http:\/\/blogdalucianaoliveira.com.br\/blog\/wp-json\/wp\/v2\/posts\/32196\/revisions\/32198"}],"wp:attachment":[{"href":"http:\/\/blogdalucianaoliveira.com.br\/blog\/wp-json\/wp\/v2\/media?parent=32196"}],"wp:term":[{"taxonomy":"category","embeddable":true,"href":"http:\/\/blogdalucianaoliveira.com.br\/blog\/wp-json\/wp\/v2\/categories?post=32196"},{"taxonomy":"post_tag","embeddable":true,"href":"http:\/\/blogdalucianaoliveira.com.br\/blog\/wp-json\/wp\/v2\/tags?post=32196"}],"curies":[{"name":"wp","href":"https:\/\/api.w.org\/{rel}","templated":true}]}}